{"id":10035,"date":"2012-04-28T08:52:58","date_gmt":"2012-04-28T11:52:58","guid":{"rendered":"http:\/\/fachodeluz.blog.br\/wp\/?p=10035"},"modified":"2012-04-28T09:09:03","modified_gmt":"2012-04-28T12:09:03","slug":"estar-no-mundo-sem-pertencer-lhe","status":"publish","type":"post","link":"https:\/\/www.fachodeluz.blog.br\/wp\/2012\/04\/28\/estar-no-mundo-sem-pertencer-lhe\/","title":{"rendered":"&#8220;Estar No Mundo Sem Pertencer-lhe&#8221;"},"content":{"rendered":"<h2 style=\"text-align: center;\"><a href=\"https:\/\/i0.wp.com\/fachodeluz.blog.br\/wp\/wp-content\/uploads\/2012\/04\/y9.gif\"><img data-recalc-dims=\"1\" loading=\"lazy\" decoding=\"async\" loading=\"lazy\" class=\"aligncenter size-full wp-image-10036\" title=\"y9\" src=\"https:\/\/i0.wp.com\/fachodeluz.blog.br\/wp\/wp-content\/uploads\/2012\/04\/y9.gif?resize=450%2C358\" alt=\"\" width=\"450\" height=\"358\" srcset=\"https:\/\/i0.wp.com\/www.fachodeluz.blog.br\/wp\/wp-content\/uploads\/2012\/04\/y9.gif?w=450&amp;ssl=1 450w, https:\/\/i0.wp.com\/www.fachodeluz.blog.br\/wp\/wp-content\/uploads\/2012\/04\/y9.gif?resize=300%2C238&amp;ssl=1 300w\" sizes=\"auto, (max-width: 450px) 100vw, 450px\" \/><\/a><\/h2>\n<h2 style=\"text-align: center;\"><span style=\"color: #35354f;\">Vida ou morte na mat\u00e9ria s\u00e3o a mesma &#8220;ilus\u00e3o&#8221;, raz\u00e3o pela qual Jesus disse ao rapaz desejoso de segui-lo ap\u00f3s enterrar o pai que havia morrido: <em>&#8220;Deixa aos mortos o enterrar seus mortos&#8221;.<\/em> Abria-lhe a vis\u00e3o para a Realidade atemporal em que n\u00e3o h\u00e1 nem&#8221;depois&#8221; e nem &#8220;nascimentos e mortes&#8221;.<\/span><\/h2>\n<h2 style=\"text-align: center;\"><span style=\"color: #35354f;\">A pegajosa cren\u00e7a material precisa ser tratada em sua raiz, para que DEUS ou a VERDADE sejam realmente conhecidos. Os apegos \u00e0 mat\u00e9ria s\u00e3o, na verdade, resqu\u00edcios da aceita\u00e7\u00e3o fraudulenta desta suposta exist\u00eancia humana.<em> &#8220;O Meu Reino n\u00e3o \u00e9 DESTE MUNDO&#8221;,<\/em> disse Jesus, no mesmo sentido em que Buda disse: <em>&#8220;Este mundo \u00e9 maya&#8221; &#8211; ILUS\u00c3O.<\/em> Os princ\u00edpios da Verdade s\u00e3o absolutos e partem da premissa de que DEUS, ESP\u00cdRITO, \u00c9 TUDO! Aquele realmente interessado em experienciar este REINO DO ABSOLUTO ter\u00e1 de se dedicar a ele de modo radical, colocando nesta meta toda a sua aten\u00e7\u00e3o. Isto n\u00e3o quer dizer que se tornar\u00e1 eremita, meditando o tempo todo e alheio ao suposto &#8220;mundo das apar\u00eancias&#8221;. Significa aprender a reinterpret\u00e1-lo,\u00a0 estar se dedicando a ver o que realmente est\u00e1 presente sempre: <em>a totalidade de Deus manifestada como tudo e como ele pr\u00f3prio. Toda &#8220;sombra&#8221; insinua a presen\u00e7a de &#8220;algo&#8221; que a faz ser notada!<\/em><\/span><\/h2>\n<h2 style=\"text-align: center;\"><span style=\"color: #35354f;\">Quando DEUS \u00e9 reconhecido como o Ser que somos, a Vida eterna \u00e9 vista como a Vida que <em>agora vivemos,<\/em> e n\u00e3o mais acreditaremos que ela passe por nascimentos e mortes! E \u00e9 quando vivemos naturalmente, sem apegos ao temporal e unos com o que \u00e9 Eternidade. Assim \u00e9 <em>&#8220;estar no mundo sem pertencer-lhe&#8221;,<\/em> como diz a B\u00edblia.<\/span><\/h2>\n<h2 style=\"text-align: center;\"><span style=\"color: #35354f;\">*<\/span><\/h2>\n","protected":false},"excerpt":{"rendered":"<p>Vida ou morte na mat\u00e9ria s\u00e3o a mesma &#8220;ilus\u00e3o&#8221;, raz\u00e3o pela qual Jesus disse ao rapaz desejoso de segui-lo ap\u00f3s enterrar o pai que havia morrido: &#8220;Deixa aos mortos o enterrar seus mortos&#8221;. Abria-lhe a vis\u00e3o para a Realidade atemporal em que n\u00e3o h\u00e1 nem&#8221;depois&#8221; e nem &#8220;nascimentos e mortes&#8221;. A pegajosa cren\u00e7a material precisa &hellip; <\/p>\n<p class=\"link-more\"><a href=\"https:\/\/www.fachodeluz.blog.br\/wp\/2012\/04\/28\/estar-no-mundo-sem-pertencer-lhe\/\" class=\"more-link\">Leia mais<span class=\"screen-reader-text\"> &#8220;&#8220;Estar No Mundo Sem Pertencer-lhe&#8221;&#8221;<\/span><\/a><\/p>\n","protected":false},"author":2,"featured_media":0,"comment_status":"open","ping_status":"closed","sticky":false,"template":"","format":"standard","meta":{"nf_dc_page":"","_crdt_document":"","footnotes":""},"categories":[10],"tags":[],"class_list":["post-10035","post","type-post","status-publish","format-standard","hentry","category-darcio-dezolt"],"featured_media_urls":[],"_links":{"self":[{"href":"https:\/\/www.fachodeluz.blog.br\/wp\/wp-json\/wp\/v2\/posts\/10035","targetHints":{"allow":["GET"]}}],"collection":[{"href":"https:\/\/www.fachodeluz.blog.br\/wp\/wp-json\/wp\/v2\/posts"}],"about":[{"href":"https:\/\/www.fachodeluz.blog.br\/wp\/wp-json\/wp\/v2\/types\/post"}],"author":[{"embeddable":true,"href":"https:\/\/www.fachodeluz.blog.br\/wp\/wp-json\/wp\/v2\/users\/2"}],"replies":[{"embeddable":true,"href":"https:\/\/www.fachodeluz.blog.br\/wp\/wp-json\/wp\/v2\/comments?post=10035"}],"version-history":[{"count":0,"href":"https:\/\/www.fachodeluz.blog.br\/wp\/wp-json\/wp\/v2\/posts\/10035\/revisions"}],"wp:attachment":[{"href":"https:\/\/www.fachodeluz.blog.br\/wp\/wp-json\/wp\/v2\/media?parent=10035"}],"wp:term":[{"taxonomy":"category","embeddable":true,"href":"https:\/\/www.fachodeluz.blog.br\/wp\/wp-json\/wp\/v2\/categories?post=10035"},{"taxonomy":"post_tag","embeddable":true,"href":"https:\/\/www.fachodeluz.blog.br\/wp\/wp-json\/wp\/v2\/tags?post=10035"}],"curies":[{"name":"wp","href":"https:\/\/api.w.org\/{rel}","templated":true}]}}