{"id":10048,"date":"2012-04-29T10:08:19","date_gmt":"2012-04-29T13:08:19","guid":{"rendered":"http:\/\/fachodeluz.blog.br\/wp\/?p=10048"},"modified":"2012-04-29T10:11:20","modified_gmt":"2012-04-29T13:11:20","slug":"jamais-adie-sua-percepcao-da-verdade","status":"publish","type":"post","link":"https:\/\/www.fachodeluz.blog.br\/wp\/2012\/04\/29\/jamais-adie-sua-percepcao-da-verdade\/","title":{"rendered":"Jamais Adie Sua Percep\u00e7\u00e3o da Verdade"},"content":{"rendered":"<h2 style=\"text-align: center;\"><a href=\"https:\/\/i0.wp.com\/fachodeluz.blog.br\/wp\/wp-content\/uploads\/2012\/04\/pdv.gif\"><img data-recalc-dims=\"1\" loading=\"lazy\" decoding=\"async\" loading=\"lazy\" class=\"aligncenter size-full wp-image-10049\" title=\"pdv\" src=\"https:\/\/i0.wp.com\/fachodeluz.blog.br\/wp\/wp-content\/uploads\/2012\/04\/pdv.gif?resize=455%2C299\" alt=\"\" width=\"455\" height=\"299\" srcset=\"https:\/\/i0.wp.com\/www.fachodeluz.blog.br\/wp\/wp-content\/uploads\/2012\/04\/pdv.gif?w=455&amp;ssl=1 455w, https:\/\/i0.wp.com\/www.fachodeluz.blog.br\/wp\/wp-content\/uploads\/2012\/04\/pdv.gif?resize=300%2C197&amp;ssl=1 300w\" sizes=\"auto, (max-width: 455px) 100vw, 455px\" \/><\/a><\/h2>\n<h2 style=\"text-align: center;\"><span style=\"color: #000070;\">As revela\u00e7\u00f5es da Verdade s\u00e3o sempre no AGORA! <em>Jamais voc\u00ea ser\u00e1 &#8220;outro&#8221; que n\u00e3o o Ser que AGORA voc\u00ea \u00e9!<\/em> N\u00e3o existe Verdade temporal! As ideias err\u00f4neas de que &#8220;temos potencial divino&#8221; para ser dinamizado em suposta &#8220;vida humana&#8221;, ou que &#8220;quanto mais evoluirmos, mais revelaremos o que somos capazes de ser&#8221;, s\u00e3o a CREN\u00c7A ILUS\u00d3RIA DUALISTA a ser banida! Tais ideias vem sendo disseminadas h\u00e1 mil\u00eanios, e apenas nos fazem viver na ILUS\u00c3O, achando que a VERDADE <em>ainda n\u00e3o \u00e9 verdadeira!<\/em><\/span><\/h2>\n<h2 style=\"text-align: center;\"><span style=\"color: #000070;\"><strong>Pare de adiar sua percep\u00e7\u00e3o da Verdade!<\/strong> <em>TUDO que DEUS \u00c9, VOC\u00ca AGORA \u00c9!<\/em> Por isso est\u00e1 revelado que &#8220;as Obras de Deus s\u00e3o permanentes&#8221;. Se voc\u00ea for consultar a suposta &#8220;mente humana&#8221; para saber se ela concorda com isto, estar\u00e1 perguntando \u00e0 ILUS\u00c3O opini\u00f5es sobre seu Ser! O &#8220;testemunho dos homens&#8221; \u00e9 a ILUS\u00c3O! Se este testemunho humano fosse verdadeiro, desnecess\u00e1rias seriam as mensagens da Verdade! Jesus confirmou serem &#8220;deuses&#8221; todos aqueles a quem a Palavra de Deus \u00e9 dirigida! Honre estas revela\u00e7\u00f5es e descarte as cren\u00e7as limitantes e mentirosas a seu respeito!<\/span><\/h2>\n<h2 style=\"text-align: center;\"><span style=\"color: #000070;\">&#8220;Honrar as revela\u00e7\u00f5es&#8221; significa<em> &#8220;glorificar a Deus em nosso Corpo e em nosso Esp\u00edrito&#8221; (I Cor 6: 20)<\/em>,\u00a0 pois, aceitar que &#8220;Deus \u00e9 Tudo&#8221;<em> sem se ver INCLUSO<\/em> \u00e9 completamente sem sentido! Perceba intuitivamente a Verdade neste AGORA: <em>&#8220;Eu sou o que Deus \u00e9, somente o que Deus \u00e9, tudo o que Deus \u00e9!<\/em> Esta percep\u00e7\u00e3o, tida por Jesus, foi por ele confirmada categoricamente: <em>&#8220;Aquele que me v\u00ea a mim, v\u00ea o Pai&#8221;, &#8220;Eu e o Pai somos um&#8221;.<\/em> E a revela\u00e7\u00e3o diz que o mesmo \u00e9 v\u00e1lido para todos:<em> &#8220;Dei-lhes a gl\u00f3ria para serem um, assim como n\u00f3s, \u00f3 Pai, somos um: perfeitos em unidade&#8221;. Jamais adie por um \u00fanico segundo sua percep\u00e7\u00e3o de um FATO que j\u00e1 est\u00e1 presente AGORA!<\/em> N\u00e3o se deixe influenciar pelos julgamentos da &#8220;mente carnal&#8221;. Seja taxativo e determinado! A Verdade \u00e9 VOC\u00ca! Unicamente a VERDADE <em>\u00c9!<\/em> Jamais voc\u00ea ser\u00e1 <em>futuramente<\/em> algum &#8220;outro&#8221;; e o VOC\u00ca, que <em>AGORA<\/em> VOC\u00ca \u00c9, \u00c9 DEUS!<\/span><\/h2>\n<h2 style=\"text-align: center;\"><\/h2>\n<h2 style=\"text-align: center;\"><span style=\"color: #000070;\">*<\/span><\/h2>\n","protected":false},"excerpt":{"rendered":"<p>As revela\u00e7\u00f5es da Verdade s\u00e3o sempre no AGORA! Jamais voc\u00ea ser\u00e1 &#8220;outro&#8221; que n\u00e3o o Ser que AGORA voc\u00ea \u00e9! N\u00e3o existe Verdade temporal! As ideias err\u00f4neas de que &#8220;temos potencial divino&#8221; para ser dinamizado em suposta &#8220;vida humana&#8221;, ou que &#8220;quanto mais evoluirmos, mais revelaremos o que somos capazes de ser&#8221;, s\u00e3o a CREN\u00c7A &hellip; <\/p>\n<p class=\"link-more\"><a href=\"https:\/\/www.fachodeluz.blog.br\/wp\/2012\/04\/29\/jamais-adie-sua-percepcao-da-verdade\/\" class=\"more-link\">Leia mais<span class=\"screen-reader-text\"> &#8220;Jamais Adie Sua Percep\u00e7\u00e3o da Verdade&#8221;<\/span><\/a><\/p>\n","protected":false},"author":2,"featured_media":0,"comment_status":"open","ping_status":"closed","sticky":false,"template":"","format":"standard","meta":{"nf_dc_page":"","_crdt_document":"","footnotes":""},"categories":[10],"tags":[],"class_list":["post-10048","post","type-post","status-publish","format-standard","hentry","category-darcio-dezolt"],"featured_media_urls":[],"_links":{"self":[{"href":"https:\/\/www.fachodeluz.blog.br\/wp\/wp-json\/wp\/v2\/posts\/10048","targetHints":{"allow":["GET"]}}],"collection":[{"href":"https:\/\/www.fachodeluz.blog.br\/wp\/wp-json\/wp\/v2\/posts"}],"about":[{"href":"https:\/\/www.fachodeluz.blog.br\/wp\/wp-json\/wp\/v2\/types\/post"}],"author":[{"embeddable":true,"href":"https:\/\/www.fachodeluz.blog.br\/wp\/wp-json\/wp\/v2\/users\/2"}],"replies":[{"embeddable":true,"href":"https:\/\/www.fachodeluz.blog.br\/wp\/wp-json\/wp\/v2\/comments?post=10048"}],"version-history":[{"count":0,"href":"https:\/\/www.fachodeluz.blog.br\/wp\/wp-json\/wp\/v2\/posts\/10048\/revisions"}],"wp:attachment":[{"href":"https:\/\/www.fachodeluz.blog.br\/wp\/wp-json\/wp\/v2\/media?parent=10048"}],"wp:term":[{"taxonomy":"category","embeddable":true,"href":"https:\/\/www.fachodeluz.blog.br\/wp\/wp-json\/wp\/v2\/categories?post=10048"},{"taxonomy":"post_tag","embeddable":true,"href":"https:\/\/www.fachodeluz.blog.br\/wp\/wp-json\/wp\/v2\/tags?post=10048"}],"curies":[{"name":"wp","href":"https:\/\/api.w.org\/{rel}","templated":true}]}}