{"id":10139,"date":"2012-05-11T11:15:51","date_gmt":"2012-05-11T14:15:51","guid":{"rendered":"http:\/\/fachodeluz.blog.br\/wp\/?p=10139"},"modified":"2012-05-12T10:05:28","modified_gmt":"2012-05-12T13:05:28","slug":"porque-que-aproveita-ao-homem","status":"publish","type":"post","link":"https:\/\/www.fachodeluz.blog.br\/wp\/2012\/05\/11\/porque-que-aproveita-ao-homem\/","title":{"rendered":"&#8220;Porque que Aproveita ao Homem&#8230;?"},"content":{"rendered":"<h2 style=\"text-align: center;\"><a href=\"https:\/\/i0.wp.com\/fachodeluz.blog.br\/wp\/wp-content\/uploads\/2012\/05\/B7A.gif\"><img data-recalc-dims=\"1\" loading=\"lazy\" decoding=\"async\" loading=\"lazy\" class=\"aligncenter size-full wp-image-10140\" title=\"B7A\" src=\"https:\/\/i0.wp.com\/fachodeluz.blog.br\/wp\/wp-content\/uploads\/2012\/05\/B7A.gif?resize=450%2C300\" alt=\"\" width=\"450\" height=\"300\" srcset=\"https:\/\/i0.wp.com\/www.fachodeluz.blog.br\/wp\/wp-content\/uploads\/2012\/05\/B7A.gif?w=450&amp;ssl=1 450w, https:\/\/i0.wp.com\/www.fachodeluz.blog.br\/wp\/wp-content\/uploads\/2012\/05\/B7A.gif?resize=300%2C200&amp;ssl=1 300w\" sizes=\"auto, (max-width: 450px) 100vw, 450px\" \/><\/a><\/h2>\n<h2 style=\"text-align: center;\"><span style=\"color: #333300;\"><strong>A influ\u00eancia hipn\u00f3tica que induz\u00a0 a humanidade a trabalhar gananciosamente na obten\u00e7\u00e3o de bens terrenos se dissipa pelo conhecimento de que <em>&#8220;nosso Pai se agradou em dar-nos o Seu Reino&#8221;.<\/em> Por isso Jesus disse que o Reino de Deus precisa ser buscado <em>em primeiro lugar,<\/em> para que cada um &#8220;desperte&#8221; do <em>hipnotismo de massa<\/em>, que o impede de ver e de viver sua plenitude em Deus, para unicamente se iludir e ter olhos para realiza\u00e7\u00f5es de cunho material. <em>&#8220;Porque que aproveita ao homem granjear o mundo todo, perdendo-se ou prejudicando-se a si mesmo?&#8221;<\/em> (Lucas 9: 25).<\/strong><\/span><\/h2>\n<h2 style=\"text-align: center;\"><span style=\"color: #333300;\"><strong>A realiza\u00e7\u00e3o \u00fanica \u00e9 espiritual: cada um discernir sua unidade com Deus, sem ter olhos para mais nada! Desta uni\u00e3o consciente com Deus, cada um se ver\u00e1 como Jesus se via, isto \u00e9, com o Pai nele fazendo as obras, todas perfeitas, espirituais e permanentes! Aquele que permanecer nesta Verdade se ver\u00e1 Oniativo, em vista de estar uno com a a\u00e7\u00e3o divina. N\u00e3o h\u00e1 dois mundos, para que haja realiza\u00e7\u00e3o espiritual ao lado de realiza\u00e7\u00e3o material! <em>Unicamente Deus \u00e9 Realidade!<\/em> Aquele que se dispuser a &#8220;contemplar&#8221; sua Consci\u00eancia como Atividade \u00fanica deste agora, gerar\u00e1, aos &#8220;olhos do mundo&#8221;, as chamadas &#8220;atividades da apar\u00eancia&#8221;; e estas jamais contar\u00e3o com sua aten\u00e7\u00e3o, mas t\u00e3o somente com o seu &#8220;deixar que fluam&#8221;. Este \u00e9 o &#8220;agir pelo n\u00e3o agir&#8221;, quando algu\u00e9m \u00e9 visto em atividade pelo mundo, <em>enquanto, ele pr\u00f3prio, permanece consciente de que &#8220;sua&#8221; atividade \u00fanica \u00e9 a pr\u00f3pria Consci\u00eancia iluminada consciente de ser ONIATIVA.<\/em><\/strong><\/span><\/h2>\n<h2 style=\"text-align: center;\"><span style=\"color: #333300;\"><strong>Se algu\u00e9m correr diante do espelho, sua &#8220;imagem refletida&#8221; aparentar\u00e1 correr tamb\u00e9m; acreditar em &#8220;dois se movendo&#8221; \u00e9 ILUS\u00c3O! Analogamente, se voc\u00ea se discerne na &#8220;Onia\u00e7\u00e3o&#8221;, sua imagem &#8220;neste mundo&#8221; aparentar\u00e1 estar &#8220;ativa&#8221;; entretanto, esta atividade somente pode receber um nome:<em> ILUS\u00c3O!<\/em> Por isso Jesus fez a pergunta: <em>&#8220;Por que aproveita ao homem granjear o mundo todo, perdendo-se ou prejudicando-se a si mesmo?&#8221;<\/em> Sabia que &#8220;perder-se ou prejudicar-se a si mesmo&#8221; \u00e9 deixar de perceber-se <em>sendo<\/em> DEUS, para unicamente se identificar <em>ilusoriamente<\/em> com um mortal perseguidor de bens tempor\u00e1rios&#8230;<\/strong><\/span><\/h2>\n<h2 style=\"text-align: center;\"><\/h2>\n<h2 style=\"text-align: center;\"><span style=\"color: #333300;\"><strong>*<\/strong><\/span><\/h2>\n","protected":false},"excerpt":{"rendered":"<p>A influ\u00eancia hipn\u00f3tica que induz\u00a0 a humanidade a trabalhar gananciosamente na obten\u00e7\u00e3o de bens terrenos se dissipa pelo conhecimento de que &#8220;nosso Pai se agradou em dar-nos o Seu Reino&#8221;. Por isso Jesus disse que o Reino de Deus precisa ser buscado em primeiro lugar, para que cada um &#8220;desperte&#8221; do hipnotismo de massa, que &hellip; <\/p>\n<p class=\"link-more\"><a href=\"https:\/\/www.fachodeluz.blog.br\/wp\/2012\/05\/11\/porque-que-aproveita-ao-homem\/\" class=\"more-link\">Leia mais<span class=\"screen-reader-text\"> &#8220;&#8220;Porque que Aproveita ao Homem&#8230;?&#8221;<\/span><\/a><\/p>\n","protected":false},"author":2,"featured_media":0,"comment_status":"open","ping_status":"closed","sticky":false,"template":"","format":"standard","meta":{"nf_dc_page":"","_crdt_document":"","footnotes":""},"categories":[10],"tags":[],"class_list":["post-10139","post","type-post","status-publish","format-standard","hentry","category-darcio-dezolt"],"featured_media_urls":[],"_links":{"self":[{"href":"https:\/\/www.fachodeluz.blog.br\/wp\/wp-json\/wp\/v2\/posts\/10139","targetHints":{"allow":["GET"]}}],"collection":[{"href":"https:\/\/www.fachodeluz.blog.br\/wp\/wp-json\/wp\/v2\/posts"}],"about":[{"href":"https:\/\/www.fachodeluz.blog.br\/wp\/wp-json\/wp\/v2\/types\/post"}],"author":[{"embeddable":true,"href":"https:\/\/www.fachodeluz.blog.br\/wp\/wp-json\/wp\/v2\/users\/2"}],"replies":[{"embeddable":true,"href":"https:\/\/www.fachodeluz.blog.br\/wp\/wp-json\/wp\/v2\/comments?post=10139"}],"version-history":[{"count":0,"href":"https:\/\/www.fachodeluz.blog.br\/wp\/wp-json\/wp\/v2\/posts\/10139\/revisions"}],"wp:attachment":[{"href":"https:\/\/www.fachodeluz.blog.br\/wp\/wp-json\/wp\/v2\/media?parent=10139"}],"wp:term":[{"taxonomy":"category","embeddable":true,"href":"https:\/\/www.fachodeluz.blog.br\/wp\/wp-json\/wp\/v2\/categories?post=10139"},{"taxonomy":"post_tag","embeddable":true,"href":"https:\/\/www.fachodeluz.blog.br\/wp\/wp-json\/wp\/v2\/tags?post=10139"}],"curies":[{"name":"wp","href":"https:\/\/api.w.org\/{rel}","templated":true}]}}