{"id":10187,"date":"2012-05-19T09:04:35","date_gmt":"2012-05-19T12:04:35","guid":{"rendered":"http:\/\/fachodeluz.blog.br\/wp\/?p=10187"},"modified":"2012-05-19T09:11:13","modified_gmt":"2012-05-19T12:11:13","slug":"jesus-agiria-assim","status":"publish","type":"post","link":"https:\/\/www.fachodeluz.blog.br\/wp\/2012\/05\/19\/jesus-agiria-assim\/","title":{"rendered":"Jesus Agiria Assim?"},"content":{"rendered":"<h2 style=\"text-align: center;\"><a href=\"https:\/\/i0.wp.com\/fachodeluz.blog.br\/wp\/wp-content\/uploads\/2012\/05\/ff6.gif\"><img data-recalc-dims=\"1\" loading=\"lazy\" decoding=\"async\" loading=\"lazy\" class=\"aligncenter size-full wp-image-10188\" title=\"ff6\" src=\"https:\/\/i0.wp.com\/fachodeluz.blog.br\/wp\/wp-content\/uploads\/2012\/05\/ff6.gif?resize=455%2C341\" alt=\"\" width=\"455\" height=\"341\" srcset=\"https:\/\/i0.wp.com\/www.fachodeluz.blog.br\/wp\/wp-content\/uploads\/2012\/05\/ff6.gif?w=455&amp;ssl=1 455w, https:\/\/i0.wp.com\/www.fachodeluz.blog.br\/wp\/wp-content\/uploads\/2012\/05\/ff6.gif?resize=300%2C224&amp;ssl=1 300w\" sizes=\"auto, (max-width: 455px) 100vw, 455px\" \/><\/a><\/h2>\n<h2 style=\"text-align: center;\"><span style=\"color: #242437;\">A cren\u00e7a coletiva nos leva a crer que o Cristo, em Jesus, \u00e9 diferente do Cristo que, segundo Paulo, <em>\u00e9 tudo em todos.<\/em> Esta \u00e9 a sua revela\u00e7\u00e3o:<em>&#8220;Cristo \u00e9 tudo em todos&#8221;<\/em> (Col. 3:11). Em vista disso, em vez de agirmos humanamente, o natural \u00e9 agirmos cristicamente, uma vez que o Cristo \u00e9 tudo em n\u00f3s! Muitas vezes, quando algu\u00e9m me pergunta sobre se est\u00e1 certa uma forma ou outra de ser ou de agir,\u00a0 ou quando me fala coisas do tipo: <em>&#8220;N\u00e3o sei como lidar com uma situa\u00e7\u00e3o&#8221;,<\/em> ou <em>&#8220;Estou muito preocupado, estou nervoso&#8221;,<\/em> etc, eu respondo com a seguinte pergunta:<em> &#8220;Voc\u00ea acredita que Jesus agiria assim?&#8221;\u00a0<\/em> Esta pergunta trava a conversa por segundos, e frequentemente a pessoa responde: <em>&#8220;Eu acho que n\u00e3o!&#8221;<\/em> Este curto di\u00e1logo faz com que ela, sem que o perceba, mude sua vis\u00e3o da mente humana para a Mente de Cristo que est\u00e1 nela, e sendo a sua \u00fanica <em>Mente real!<\/em><\/span><\/h2>\n<h2 style=\"text-align: center;\"><span style=\"color: #242437;\">Quando algu\u00e9m, levado pela <em>ILUS\u00c3O<\/em> dos sentidos humanos, recebe a pergunta: <em>&#8220;Jesus agiria assim?&#8221;,<\/em> de imediato ver\u00e1 que estava pensando e agindo movido pelo &#8220;mesmerismo&#8221;, e simplesmente deixando de SER ELE MESMO,\u00a0 ou seja, deixando,\u00a0 de SER O CRISTO! Isto, \u00e9 claro,\u00a0 apenas <em>aparentemente,<\/em> por efeito hipn\u00f3tico, j\u00e1 que a Verdade \u00e9 imut\u00e1vel ou permanente:<em> &#8220;O Cristo \u00e9 tudo em todos!&#8221;.<\/em> Portanto, em vez de relutar em agir, ou de afirmar n\u00e3o saber seguramente como agir, pergunte-se: <em>&#8220;Jesus agiria assim?&#8221;<\/em> Ver\u00e1 que saltar\u00e1 \u00e0 sua percep\u00e7\u00e3o o que Jesus faria, porque a Mente que est\u00e1 em Jesus igualmente est\u00e1 em VOC\u00ca! Por isso Paulo fez a revela\u00e7\u00e3o:<em> &#8220;Temos a Mente de Cristo&#8221;<\/em> (I Cor. 2: 16) Esta simples indaga\u00e7\u00e3o a mostrar\u00e1 presente com a sua\u00a0 forma divina, inspirada e iluminada\u00a0 de agir!<\/span><\/h2>\n<h2 style=\"text-align: center;\"><\/h2>\n<h2 style=\"text-align: center;\"><span style=\"color: #242437;\">*<\/span><\/h2>\n<p>&nbsp;<\/p>\n","protected":false},"excerpt":{"rendered":"<p>A cren\u00e7a coletiva nos leva a crer que o Cristo, em Jesus, \u00e9 diferente do Cristo que, segundo Paulo, \u00e9 tudo em todos. Esta \u00e9 a sua revela\u00e7\u00e3o:&#8220;Cristo \u00e9 tudo em todos&#8221; (Col. 3:11). Em vista disso, em vez de agirmos humanamente, o natural \u00e9 agirmos cristicamente, uma vez que o Cristo \u00e9 tudo em &hellip; <\/p>\n<p class=\"link-more\"><a href=\"https:\/\/www.fachodeluz.blog.br\/wp\/2012\/05\/19\/jesus-agiria-assim\/\" class=\"more-link\">Leia mais<span class=\"screen-reader-text\"> &#8220;Jesus Agiria Assim?&#8221;<\/span><\/a><\/p>\n","protected":false},"author":2,"featured_media":0,"comment_status":"closed","ping_status":"closed","sticky":false,"template":"","format":"standard","meta":{"nf_dc_page":"","_crdt_document":"","footnotes":""},"categories":[10],"tags":[],"class_list":["post-10187","post","type-post","status-publish","format-standard","hentry","category-darcio-dezolt"],"featured_media_urls":[],"_links":{"self":[{"href":"https:\/\/www.fachodeluz.blog.br\/wp\/wp-json\/wp\/v2\/posts\/10187","targetHints":{"allow":["GET"]}}],"collection":[{"href":"https:\/\/www.fachodeluz.blog.br\/wp\/wp-json\/wp\/v2\/posts"}],"about":[{"href":"https:\/\/www.fachodeluz.blog.br\/wp\/wp-json\/wp\/v2\/types\/post"}],"author":[{"embeddable":true,"href":"https:\/\/www.fachodeluz.blog.br\/wp\/wp-json\/wp\/v2\/users\/2"}],"replies":[{"embeddable":true,"href":"https:\/\/www.fachodeluz.blog.br\/wp\/wp-json\/wp\/v2\/comments?post=10187"}],"version-history":[{"count":0,"href":"https:\/\/www.fachodeluz.blog.br\/wp\/wp-json\/wp\/v2\/posts\/10187\/revisions"}],"wp:attachment":[{"href":"https:\/\/www.fachodeluz.blog.br\/wp\/wp-json\/wp\/v2\/media?parent=10187"}],"wp:term":[{"taxonomy":"category","embeddable":true,"href":"https:\/\/www.fachodeluz.blog.br\/wp\/wp-json\/wp\/v2\/categories?post=10187"},{"taxonomy":"post_tag","embeddable":true,"href":"https:\/\/www.fachodeluz.blog.br\/wp\/wp-json\/wp\/v2\/tags?post=10187"}],"curies":[{"name":"wp","href":"https:\/\/api.w.org\/{rel}","templated":true}]}}