{"id":1027,"date":"2009-01-26T11:42:18","date_gmt":"2009-01-26T11:42:18","guid":{"rendered":"http:\/\/fachodeluz.hostmach.com.br\/wp\/?p=1027"},"modified":"2009-01-26T11:42:18","modified_gmt":"2009-01-26T11:42:18","slug":"exatamente-onde-voce-esta","status":"publish","type":"post","link":"https:\/\/www.fachodeluz.blog.br\/wp\/2009\/01\/26\/exatamente-onde-voce-esta\/","title":{"rendered":"EXATAMENTE ONDE VOC\u00ca EST\u00c1"},"content":{"rendered":"<p><strong>D\u00e1rcio<\/strong><\/p>\n<p><strong>Exatamente onde voc\u00ea est\u00e1, Deus est\u00e1! Exatamente onde voc\u00ea est\u00e1, Deus est\u00e1 consciente de ser TUDO e, portanto, de ser VOC\u00ca. Isto quer dizer que onde voc\u00ea est\u00e1, n\u00e3o existe outra consci\u00eancia sem ser a divina! Existe a Consci\u00eancia \u00daNICA, consciente de ser a Presen\u00e7a \u00daNICA, e, portanto,a SUA PRESEN\u00c7A!<\/strong><\/p>\n<p><strong>Feche os olhos e, sem for\u00e7ar, contemple estes Fatos Espirituais. Eles s\u00e3o eternos, permanentes e universais. Enquadre-se! Contemplar \u00e9 &#8220;se enquadrar conscientemente&#8221; aos Fatos reais, sem deixar espa\u00e7o algum\u00a0 \u00e0 ILUS\u00c3O de que VOC\u00ca possa estar sendo\u00a0 &#8220;algu\u00e9m ao lado de Deus&#8221;!<\/strong> <strong>EXATAMENTE ONDE VOC\u00ca EST\u00c1, UNICAMENTE EST\u00c1 DEUS!<\/strong><\/p>\n","protected":false},"excerpt":{"rendered":"<p>D\u00e1rcio Exatamente onde voc\u00ea est\u00e1, Deus est\u00e1! Exatamente onde voc\u00ea est\u00e1, Deus est\u00e1 consciente de ser TUDO e, portanto, de ser VOC\u00ca. Isto quer dizer que onde voc\u00ea est\u00e1, n\u00e3o existe outra consci\u00eancia sem ser a divina! Existe a Consci\u00eancia \u00daNICA, consciente de ser a Presen\u00e7a \u00daNICA, e, portanto,a SUA PRESEN\u00c7A! Feche os olhos e, &hellip; <\/p>\n<p class=\"link-more\"><a href=\"https:\/\/www.fachodeluz.blog.br\/wp\/2009\/01\/26\/exatamente-onde-voce-esta\/\" class=\"more-link\">Leia mais<span class=\"screen-reader-text\"> &#8220;EXATAMENTE ONDE VOC\u00ca EST\u00c1&#8221;<\/span><\/a><\/p>\n","protected":false},"author":2,"featured_media":0,"comment_status":"open","ping_status":"open","sticky":false,"template":"","format":"standard","meta":{"nf_dc_page":"","_crdt_document":"","footnotes":""},"categories":[10],"tags":[],"class_list":["post-1027","post","type-post","status-publish","format-standard","hentry","category-darcio-dezolt"],"featured_media_urls":[],"_links":{"self":[{"href":"https:\/\/www.fachodeluz.blog.br\/wp\/wp-json\/wp\/v2\/posts\/1027","targetHints":{"allow":["GET"]}}],"collection":[{"href":"https:\/\/www.fachodeluz.blog.br\/wp\/wp-json\/wp\/v2\/posts"}],"about":[{"href":"https:\/\/www.fachodeluz.blog.br\/wp\/wp-json\/wp\/v2\/types\/post"}],"author":[{"embeddable":true,"href":"https:\/\/www.fachodeluz.blog.br\/wp\/wp-json\/wp\/v2\/users\/2"}],"replies":[{"embeddable":true,"href":"https:\/\/www.fachodeluz.blog.br\/wp\/wp-json\/wp\/v2\/comments?post=1027"}],"version-history":[{"count":0,"href":"https:\/\/www.fachodeluz.blog.br\/wp\/wp-json\/wp\/v2\/posts\/1027\/revisions"}],"wp:attachment":[{"href":"https:\/\/www.fachodeluz.blog.br\/wp\/wp-json\/wp\/v2\/media?parent=1027"}],"wp:term":[{"taxonomy":"category","embeddable":true,"href":"https:\/\/www.fachodeluz.blog.br\/wp\/wp-json\/wp\/v2\/categories?post=1027"},{"taxonomy":"post_tag","embeddable":true,"href":"https:\/\/www.fachodeluz.blog.br\/wp\/wp-json\/wp\/v2\/tags?post=1027"}],"curies":[{"name":"wp","href":"https:\/\/api.w.org\/{rel}","templated":true}]}}