{"id":10316,"date":"2012-06-03T09:15:26","date_gmt":"2012-06-03T12:15:26","guid":{"rendered":"http:\/\/fachodeluz.blog.br\/wp\/?p=10316"},"modified":"2012-06-03T09:15:26","modified_gmt":"2012-06-03T12:15:26","slug":"demonstracao-do-espirito-e-de-poder","status":"publish","type":"post","link":"https:\/\/www.fachodeluz.blog.br\/wp\/2012\/06\/03\/demonstracao-do-espirito-e-de-poder\/","title":{"rendered":"Demonstra\u00e7\u00e3o do Esp\u00edrito e de Poder"},"content":{"rendered":"<h3 align=\"center\"><a href=\"https:\/\/i0.wp.com\/fachodeluz.blog.br\/wp\/wp-content\/uploads\/2012\/06\/power-of-god.gif\"><img data-recalc-dims=\"1\" loading=\"lazy\" decoding=\"async\" loading=\"lazy\" class=\"aligncenter size-full wp-image-10317\" title=\"power-of-god\" src=\"https:\/\/i0.wp.com\/fachodeluz.blog.br\/wp\/wp-content\/uploads\/2012\/06\/power-of-god.gif?resize=450%2C563\" alt=\"\" width=\"450\" height=\"563\" srcset=\"https:\/\/i0.wp.com\/www.fachodeluz.blog.br\/wp\/wp-content\/uploads\/2012\/06\/power-of-god.gif?w=450&amp;ssl=1 450w, https:\/\/i0.wp.com\/www.fachodeluz.blog.br\/wp\/wp-content\/uploads\/2012\/06\/power-of-god.gif?resize=239%2C300&amp;ssl=1 239w\" sizes=\"auto, (max-width: 450px) 100vw, 450px\" \/><\/a><\/h3>\n<h3 align=\"center\"><span style=\"color: #28283d;\"><em><strong>&#8220;A minha palavra e a minha prega\u00e7\u00e3o n\u00e3o consistiram em palavras persuasivas de sabedoria humana, mas em demonstra\u00e7\u00e3o do Esp\u00edrito e de poder, para que a vossa f\u00e9 n\u00e3o se apoiasse em sabedoria dos homens, mas no poder de Deus.&#8221;<\/strong><\/em><\/span><\/h3>\n<h3 align=\"center\"><span style=\"color: #28283d;\"><em><strong>I Cor\u00edntios 3; 4,5<\/strong><\/em><\/span><\/h3>\n<h2 align=\"center\"><span style=\"color: #28283d;\">O suposto &#8220;aprendizado humano&#8221; da Verdade \u00e9 o que podemos chamar de &#8220;Batismo de Jo\u00e3o&#8221;, o batismo com \u00e1gua, s\u00edmbolo do conhecimento da letra da Verdade. Por\u00e9m,\u00a0 o real\u00a0 saber <em>j\u00e1 existe<\/em> como a Presen\u00e7a da Consci\u00eancia iluminada que temos e que somos. Este aprendizado te\u00f3rico\u00a0 lida com as cren\u00e7as &#8220;deste mundo&#8221;, alinha o pensamento \u00e0s verdades eternas e nos predisp\u00f5e ao &#8220;discernimento espiritual&#8221;. Por isso, Paulo explica que sua prega\u00e7\u00e3o n\u00e3o consistia de palavras de sabedoria humana e sim da &#8220;demonstra\u00e7\u00e3o do Esp\u00edrito e de poder&#8221;, para que a f\u00e9 n\u00e3o dependesse deste humano saber, mas da Onipot\u00eancia divina.<\/span><\/h2>\n<h2 align=\"center\"><span style=\"color: #28283d;\">N\u00e3o meditamos para p\u00f4r em pr\u00e1tica o que supostamente &#8220;conhecemos da Verdade&#8221; atrav\u00e9s dos estudos; meditamos para reconhecer a Onipot\u00eancia divina Se manifestando SOZINHA, espontaneamente, <em>como Onia\u00e7\u00e3o que nos abrange integralmente!<\/em> Por isso \u00e9 totalmente absurdo algu\u00e9m pensar que &#8220;a Verdade Se manifesta segundo est\u00e1gios de consci\u00eancia atingidos&#8221;. O estudo do Absoluto descr\u00ea por completo da &#8220;cren\u00e7a em est\u00e1gios de consci\u00eancia&#8221; e honra a Deus como a Onipot\u00eancia j\u00e1 expressa como Onipresen\u00e7a, ao lado do que, <em>NADA MAIS EXISTE! <\/em><\/span><\/h2>\n<h2 align=\"center\"><span style=\"color: #28283d;\">Entender que a Verdade \u00e9 esta\u00a0 &#8220;demontra\u00e7\u00e3o consumada&#8221; do Esp\u00edrito e\u00a0 poder de Deus, <em>J\u00c1 ACONTECENDO AGORA,<\/em> \u00e9 entender que a suposta &#8220;mente humana&#8221; \u00e9 inoperante ou nula, e isto inclui todos os supostos\u00a0 &#8220;est\u00e1gios de consci\u00eancia&#8221; ou &#8220;est\u00e1gios evolutivos&#8221;, citados por muitos autores ou ensinamentos, mas\u00a0 que n\u00e3o passam de<em> ILUS\u00c3O!<\/em>\u00a0 Nunca uma &#8220;demonstra\u00e7\u00e3o da Verdade&#8221; ocorrer\u00e1 em fun\u00e7\u00e3o do que um <em>ilus\u00f3rio ser da apar\u00eancia<\/em> afirma conhecer da Verdade!<em> TODA DEMONSTRA\u00c7\u00c3O J\u00c1 \u00c9! DEUS \u00c9 TUDO!<\/em> E \u00e9 este o nosso ponto de partida. Em vez de tentar demonstrar o que humanamente a<em> ILUS\u00c3O<\/em> diz que voc\u00ea conhece, <em>participe da demonstra\u00e7\u00e3o real, absoluta e permanente DE DEUS, discernindo-se UM COM ELA!<\/em> Este, sim, \u00e9 o &#8220;Batismo com Fogo&#8221;&#8230;<\/span><\/h2>\n<h2 align=\"center\"><span style=\"color: #28283d;\">*<\/span><\/h2>\n<p align=\"center\">\n<p align=\"center\">\n<p align=\"center\">\n<p align=\"center\">\n<p align=\"center\">\n<p align=\"center\">\n<p align=\"center\">\n<p align=\"center\">\n<p align=\"center\">\n<p align=\"center\">\n<p align=\"center\">\n<p align=\"center\">\n<p align=\"center\">\n<p align=\"center\">\n<p align=\"center\">\n<p align=\"center\">\n<p align=\"center\">\n<p align=\"center\">\n<p align=\"center\">\n<p align=\"center\">\n<p align=\"center\">\n<p align=\"center\">\n<p align=\"center\">\n<p align=\"center\">\n<p align=\"center\">\n<p align=\"center\">\n<p align=\"center\">\n<p align=\"center\">\n<p align=\"center\">\n<p align=\"center\">\n<p align=\"center\">\n<p align=\"center\">\n<p align=\"center\">\n<p align=\"center\">\n<p align=\"center\">\n<p align=\"center\">\n<p align=\"center\">\n<p align=\"center\">\n<p align=\"center\">\n<p align=\"center\">\n<p align=\"center\">\n<p align=\"center\">\n<p align=\"center\">\n<p align=\"center\">\n<p align=\"center\">\n<p align=\"center\">\n<p align=\"center\">\n<p align=\"center\">\n<p align=\"center\">\n<p align=\"center\">\n<p align=\"center\">\n<p align=\"center\">\n<p align=\"center\">\n<p align=\"center\">\n<p align=\"center\">\n<p align=\"center\">\n<p align=\"center\">\n<p align=\"center\">\n<p align=\"center\">\n<p align=\"center\">\n<p align=\"center\">\n<p align=\"center\">\n<p align=\"center\">\n<p align=\"center\">\n<p align=\"center\">\n<p align=\"center\">\n<p align=\"center\">\n<p align=\"center\">\n<p align=\"center\">\n<p align=\"center\">\n<p align=\"center\">\n<p align=\"center\">\n<p align=\"center\">\n<p align=\"center\">\n<p align=\"center\">\n<p align=\"center\">\n<p align=\"center\">\n<p align=\"center\">\n<p align=\"center\">\n<p align=\"center\">\n<p align=\"center\">\n<p align=\"center\">\n<p align=\"center\">\n<p align=\"center\">\n<p align=\"center\">\n<p align=\"center\">\n<p align=\"center\">\n<p align=\"center\">\n<p align=\"center\">\n<p align=\"center\">\n<p align=\"center\">\n<p align=\"center\">\n<p align=\"center\">\n<p align=\"center\">\n<p align=\"center\">\n<p align=\"center\">\n<p align=\"center\">\n<p align=\"center\">\n<p align=\"center\">\n<p align=\"center\">\n<p align=\"center\">\n<p align=\"center\">\n<p align=\"center\">\n<p align=\"center\">\n<p align=\"center\">\u00ea<\/p>\n","protected":false},"excerpt":{"rendered":"<p>&#8220;A minha palavra e a minha prega\u00e7\u00e3o n\u00e3o consistiram em palavras persuasivas de sabedoria humana, mas em demonstra\u00e7\u00e3o do Esp\u00edrito e de poder, para que a vossa f\u00e9 n\u00e3o se apoiasse em sabedoria dos homens, mas no poder de Deus.&#8221; I Cor\u00edntios 3; 4,5 O suposto &#8220;aprendizado humano&#8221; da Verdade \u00e9 o que podemos chamar &hellip; <\/p>\n<p class=\"link-more\"><a href=\"https:\/\/www.fachodeluz.blog.br\/wp\/2012\/06\/03\/demonstracao-do-espirito-e-de-poder\/\" class=\"more-link\">Leia mais<span class=\"screen-reader-text\"> &#8220;Demonstra\u00e7\u00e3o do Esp\u00edrito e de Poder&#8221;<\/span><\/a><\/p>\n","protected":false},"author":2,"featured_media":0,"comment_status":"closed","ping_status":"closed","sticky":false,"template":"","format":"standard","meta":{"nf_dc_page":"","_crdt_document":"","footnotes":""},"categories":[10],"tags":[],"class_list":["post-10316","post","type-post","status-publish","format-standard","hentry","category-darcio-dezolt"],"featured_media_urls":[],"_links":{"self":[{"href":"https:\/\/www.fachodeluz.blog.br\/wp\/wp-json\/wp\/v2\/posts\/10316","targetHints":{"allow":["GET"]}}],"collection":[{"href":"https:\/\/www.fachodeluz.blog.br\/wp\/wp-json\/wp\/v2\/posts"}],"about":[{"href":"https:\/\/www.fachodeluz.blog.br\/wp\/wp-json\/wp\/v2\/types\/post"}],"author":[{"embeddable":true,"href":"https:\/\/www.fachodeluz.blog.br\/wp\/wp-json\/wp\/v2\/users\/2"}],"replies":[{"embeddable":true,"href":"https:\/\/www.fachodeluz.blog.br\/wp\/wp-json\/wp\/v2\/comments?post=10316"}],"version-history":[{"count":0,"href":"https:\/\/www.fachodeluz.blog.br\/wp\/wp-json\/wp\/v2\/posts\/10316\/revisions"}],"wp:attachment":[{"href":"https:\/\/www.fachodeluz.blog.br\/wp\/wp-json\/wp\/v2\/media?parent=10316"}],"wp:term":[{"taxonomy":"category","embeddable":true,"href":"https:\/\/www.fachodeluz.blog.br\/wp\/wp-json\/wp\/v2\/categories?post=10316"},{"taxonomy":"post_tag","embeddable":true,"href":"https:\/\/www.fachodeluz.blog.br\/wp\/wp-json\/wp\/v2\/tags?post=10316"}],"curies":[{"name":"wp","href":"https:\/\/api.w.org\/{rel}","templated":true}]}}