{"id":10325,"date":"2012-06-05T12:41:04","date_gmt":"2012-06-05T15:41:04","guid":{"rendered":"http:\/\/fachodeluz.blog.br\/wp\/?p=10325"},"modified":"2012-06-06T00:26:21","modified_gmt":"2012-06-06T03:26:21","slug":"nao-ha-dois-eus","status":"publish","type":"post","link":"https:\/\/www.fachodeluz.blog.br\/wp\/2012\/06\/05\/nao-ha-dois-eus\/","title":{"rendered":"N\u00e3o H\u00e1 &#8220;Dois Eus&#8221;"},"content":{"rendered":"<h2 style=\"text-align: center;\">\u00a0<\/h2>\n<h2 style=\"text-align: center;\"><a href=\"https:\/\/i0.wp.com\/fachodeluz.blog.br\/wp\/wp-content\/uploads\/2012\/06\/fff204.gif\"><img data-recalc-dims=\"1\" loading=\"lazy\" decoding=\"async\" loading=\"lazy\" class=\"aligncenter size-full wp-image-10326\" title=\"fff204\" src=\"https:\/\/i0.wp.com\/fachodeluz.blog.br\/wp\/wp-content\/uploads\/2012\/06\/fff204.gif?resize=450%2C295\" alt=\"\" width=\"450\" height=\"295\" srcset=\"https:\/\/i0.wp.com\/www.fachodeluz.blog.br\/wp\/wp-content\/uploads\/2012\/06\/fff204.gif?w=450&amp;ssl=1 450w, https:\/\/i0.wp.com\/www.fachodeluz.blog.br\/wp\/wp-content\/uploads\/2012\/06\/fff204.gif?resize=300%2C196&amp;ssl=1 300w\" sizes=\"auto, (max-width: 450px) 100vw, 450px\" \/><\/a><\/h2>\n<h2 style=\"text-align: center;\"><span style=\"color: #142865;\">A frase de Jesus, <em>&#8220;O meu Reino n\u00e3o \u00e9 deste mundo&#8221;,<\/em> entendida em sual altitude absoluta, quer dizer que <em>S\u00d3 EXISTE O REINO DE DEUS,<\/em> enquanto &#8220;este mundo&#8221; somente \u00e9 citado como sendo &#8220;mundo do pai da mentira&#8221; ou<em> ILUS\u00c3O.<\/em> Desse modo,\u00a0 o ensinamento absoluto enfatiza que quando a B\u00edblia revela que <em>&#8220;n\u00e3o h\u00e1 outros ao lado de MIM&#8221;,<\/em> quer significar que este &#8220;EU&#8221;, que Se expressa sozinho como TUDO, <em>\u00e9 DEUS sendo VOC\u00ca!<\/em> Esta totalidade de Deus \u00e9, portanto, nosso ponto de partida, de perman\u00eancia e de chegada: <em>&#8220;Eu Sou o Princ\u00edpio e o Fim&#8221;.<\/em><\/span><\/h2>\n<h2 style=\"text-align: center;\"><span style=\"color: #142865;\">As &#8220;contempla\u00e7\u00f5es absolutas&#8221; n\u00e3o levam em conta a ILUS\u00c3O! As cren\u00e7as dualistas s\u00e3o deixadas de lado e unicamente o\u00a0 revelado como verdadeiro \u00e9 objeto de aten\u00e7\u00e3o. <em>&#8220;A ren\u00fancia a tudo o que constitui o assim-chamado homem material, e o reconhecimento e a consecu\u00e7\u00e3o de sua identidade espiritual como filho de Deus, \u00e9 a Ci\u00eancia, que abre as comportas do c\u00e9u, de onde o bem flui a todos os canais do ser, limpando os mortais de toda impureza, destruindo todo sofrimento, e demonstrando a verdadeira imagem e semelhan\u00e7a&#8221;<\/em> &#8211;\u00a0 disse Mary Baker Eddy. N\u00e3o h\u00e1 &#8220;dois Eus&#8221;;<em> h\u00e1 o Eu que Deus \u00c9, sendo o mesm\u00edssimo &#8220;Eu&#8221; que &#8220;voc\u00ea&#8221; \u00c9!<\/em> Esta \u00e9 a Verdade absoluta!<\/span><\/h2>\n<h2 style=\"text-align: center;\"><span style=\"color: #142865;\">*<\/span><\/h2>\n<p>&nbsp;<\/p>\n","protected":false},"excerpt":{"rendered":"<p>\u00a0 A frase de Jesus, &#8220;O meu Reino n\u00e3o \u00e9 deste mundo&#8221;, entendida em sual altitude absoluta, quer dizer que S\u00d3 EXISTE O REINO DE DEUS, enquanto &#8220;este mundo&#8221; somente \u00e9 citado como sendo &#8220;mundo do pai da mentira&#8221; ou ILUS\u00c3O. Desse modo,\u00a0 o ensinamento absoluto enfatiza que quando a B\u00edblia revela que &#8220;n\u00e3o h\u00e1 &hellip; <\/p>\n<p class=\"link-more\"><a href=\"https:\/\/www.fachodeluz.blog.br\/wp\/2012\/06\/05\/nao-ha-dois-eus\/\" class=\"more-link\">Leia mais<span class=\"screen-reader-text\"> &#8220;N\u00e3o H\u00e1 &#8220;Dois Eus&#8221;&#8221;<\/span><\/a><\/p>\n","protected":false},"author":2,"featured_media":0,"comment_status":"closed","ping_status":"closed","sticky":false,"template":"","format":"standard","meta":{"nf_dc_page":"","_crdt_document":"","footnotes":""},"categories":[10],"tags":[],"class_list":["post-10325","post","type-post","status-publish","format-standard","hentry","category-darcio-dezolt"],"featured_media_urls":[],"_links":{"self":[{"href":"https:\/\/www.fachodeluz.blog.br\/wp\/wp-json\/wp\/v2\/posts\/10325","targetHints":{"allow":["GET"]}}],"collection":[{"href":"https:\/\/www.fachodeluz.blog.br\/wp\/wp-json\/wp\/v2\/posts"}],"about":[{"href":"https:\/\/www.fachodeluz.blog.br\/wp\/wp-json\/wp\/v2\/types\/post"}],"author":[{"embeddable":true,"href":"https:\/\/www.fachodeluz.blog.br\/wp\/wp-json\/wp\/v2\/users\/2"}],"replies":[{"embeddable":true,"href":"https:\/\/www.fachodeluz.blog.br\/wp\/wp-json\/wp\/v2\/comments?post=10325"}],"version-history":[{"count":0,"href":"https:\/\/www.fachodeluz.blog.br\/wp\/wp-json\/wp\/v2\/posts\/10325\/revisions"}],"wp:attachment":[{"href":"https:\/\/www.fachodeluz.blog.br\/wp\/wp-json\/wp\/v2\/media?parent=10325"}],"wp:term":[{"taxonomy":"category","embeddable":true,"href":"https:\/\/www.fachodeluz.blog.br\/wp\/wp-json\/wp\/v2\/categories?post=10325"},{"taxonomy":"post_tag","embeddable":true,"href":"https:\/\/www.fachodeluz.blog.br\/wp\/wp-json\/wp\/v2\/tags?post=10325"}],"curies":[{"name":"wp","href":"https:\/\/api.w.org\/{rel}","templated":true}]}}