{"id":10380,"date":"2012-06-14T10:35:44","date_gmt":"2012-06-14T13:35:44","guid":{"rendered":"http:\/\/fachodeluz.blog.br\/wp\/?p=10380"},"modified":"2012-06-14T10:35:44","modified_gmt":"2012-06-14T13:35:44","slug":"silencio-revelador","status":"publish","type":"post","link":"https:\/\/www.fachodeluz.blog.br\/wp\/2012\/06\/14\/silencio-revelador\/","title":{"rendered":"Sil\u00eancio Revelador"},"content":{"rendered":"<h2 style=\"text-align: center;\"><a href=\"https:\/\/i0.wp.com\/fachodeluz.blog.br\/wp\/wp-content\/uploads\/2012\/06\/1Z11.gif\"><img data-recalc-dims=\"1\" loading=\"lazy\" decoding=\"async\" loading=\"lazy\" class=\"aligncenter size-full wp-image-10381\" title=\"1Z11\" src=\"https:\/\/i0.wp.com\/fachodeluz.blog.br\/wp\/wp-content\/uploads\/2012\/06\/1Z11.gif?resize=450%2C278\" alt=\"\" width=\"450\" height=\"278\" srcset=\"https:\/\/i0.wp.com\/www.fachodeluz.blog.br\/wp\/wp-content\/uploads\/2012\/06\/1Z11.gif?w=450&amp;ssl=1 450w, https:\/\/i0.wp.com\/www.fachodeluz.blog.br\/wp\/wp-content\/uploads\/2012\/06\/1Z11.gif?resize=300%2C185&amp;ssl=1 300w\" sizes=\"auto, (max-width: 450px) 100vw, 450px\" \/><\/a><\/h2>\n<h2 style=\"text-align: center;\"><span style=\"color: #004200;\">A &#8220;Pr\u00e1tica do Sil\u00eancio&#8221; n\u00e3o \u00e9 somente um per\u00edodo isolado, escolhido e determinado para nossas &#8220;contempla\u00e7\u00f5es da Verdade&#8221;. Al\u00e9m destes per\u00edodos que dedicamos a discernir espiritualmente que &#8220;Deus \u00e9 o Ser que somos&#8221;, o &#8220;Sil\u00eancio&#8221; \u00e9 tamb\u00e9m empregado em nosso dia-a-dia,\u00a0 como lembretes de que &#8220;somos do Alto&#8221; e n\u00e3o meras personalidades humanas. A Verdade \u00e9 permanente, isto \u00e9, estamos sempre no Reino de Deus e sendo a express\u00e3o individual de Deus; por isso, devemos entender o &#8220;Sil\u00eancio&#8221; como uma &#8220;trava&#8221; da mente humana, uma esp\u00e9cie de &#8220;choque na ilus\u00e3o&#8221;, sempre que o julgarmos necess\u00e1rio em meio \u00e0s nossas atividades cotidianas. Ser\u00e3o instantes em que conscientemente barraremos a &#8220;cren\u00e7a coletiva&#8221; para recordar, por exemplo, que &#8220;deste mundo n\u00e3o somos&#8221;, ou que &#8220;somos herdeiros de todas as riquezas celestiais&#8221;, ou que &#8220;o Filho faz o que v\u00ea o Pai fazer&#8221;. <\/span><\/h2>\n<h2 style=\"text-align: center;\"><span style=\"color: #004200;\">Estes momentos, em que travamos a atividade ilus\u00f3ria do &#8220;hipnotismo de massa&#8221;, s\u00e3o reveladores, desde que utilizados com uma &#8220;entrega total&#8221; \u00e0 Verdade naqueles poucos instantes, e n\u00e3o apenas como pr\u00e1tica maquinal. Isto porque a Verdade \u00e9 atemporal e n\u00e3o \u00e9 a quantidade, e sim a qualidade de nossa percep\u00e7\u00e3o, o fator que nos propicia\u00a0 &#8220;viver pela gra\u00e7a&#8221;. Se as &#8220;contempla\u00e7\u00f5es da Verdade&#8221; estiverem sendo feitas pela manh\u00e3, e seu dia-a-dia estiver fluindo com a sua suavidade natural, voc\u00ea o viver\u00e1 sem sequer se lembrar de &#8220;eu humano&#8221;; por\u00e9m, se este &#8220;ilus\u00f3rio eu&#8221; come\u00e7ar a ser muito notado, ou para se mostrar aflito, temeroso ou preocupado com alguma situa\u00e7\u00e3o, ou mesmo para ser julgar um deusinho particular deste mundo, pela presun\u00e7\u00e3o\u00a0 do ego em se exaltar e ser o \u00fanico com opini\u00e3o correta sobre algo, etc.,\u00a0 ser\u00e3o estes os momentos em que dever\u00e1 imediatamente &#8220;travar a mente ilus\u00f3ria&#8221;, atrav\u00e9s do <em>Sil\u00eancio Revelador,<\/em> e discernir uma vez mais a Verdade Absoluta de que DEUS \u00c9 TUDO, <em>INCLUSIVE<\/em> VOC\u00ca,<em> MAS N\u00c3O SOMENTE VOC\u00ca! <\/em><\/span><\/h2>\n<h2 style=\"text-align: center;\"><span style=\"color: #004200;\">*<\/span><\/h2>\n","protected":false},"excerpt":{"rendered":"<p>A &#8220;Pr\u00e1tica do Sil\u00eancio&#8221; n\u00e3o \u00e9 somente um per\u00edodo isolado, escolhido e determinado para nossas &#8220;contempla\u00e7\u00f5es da Verdade&#8221;. Al\u00e9m destes per\u00edodos que dedicamos a discernir espiritualmente que &#8220;Deus \u00e9 o Ser que somos&#8221;, o &#8220;Sil\u00eancio&#8221; \u00e9 tamb\u00e9m empregado em nosso dia-a-dia,\u00a0 como lembretes de que &#8220;somos do Alto&#8221; e n\u00e3o meras personalidades humanas. A Verdade &hellip; <\/p>\n<p class=\"link-more\"><a href=\"https:\/\/www.fachodeluz.blog.br\/wp\/2012\/06\/14\/silencio-revelador\/\" class=\"more-link\">Leia mais<span class=\"screen-reader-text\"> &#8220;Sil\u00eancio Revelador&#8221;<\/span><\/a><\/p>\n","protected":false},"author":2,"featured_media":0,"comment_status":"closed","ping_status":"closed","sticky":false,"template":"","format":"standard","meta":{"nf_dc_page":"","_crdt_document":"","footnotes":""},"categories":[10],"tags":[],"class_list":["post-10380","post","type-post","status-publish","format-standard","hentry","category-darcio-dezolt"],"featured_media_urls":[],"_links":{"self":[{"href":"https:\/\/www.fachodeluz.blog.br\/wp\/wp-json\/wp\/v2\/posts\/10380","targetHints":{"allow":["GET"]}}],"collection":[{"href":"https:\/\/www.fachodeluz.blog.br\/wp\/wp-json\/wp\/v2\/posts"}],"about":[{"href":"https:\/\/www.fachodeluz.blog.br\/wp\/wp-json\/wp\/v2\/types\/post"}],"author":[{"embeddable":true,"href":"https:\/\/www.fachodeluz.blog.br\/wp\/wp-json\/wp\/v2\/users\/2"}],"replies":[{"embeddable":true,"href":"https:\/\/www.fachodeluz.blog.br\/wp\/wp-json\/wp\/v2\/comments?post=10380"}],"version-history":[{"count":0,"href":"https:\/\/www.fachodeluz.blog.br\/wp\/wp-json\/wp\/v2\/posts\/10380\/revisions"}],"wp:attachment":[{"href":"https:\/\/www.fachodeluz.blog.br\/wp\/wp-json\/wp\/v2\/media?parent=10380"}],"wp:term":[{"taxonomy":"category","embeddable":true,"href":"https:\/\/www.fachodeluz.blog.br\/wp\/wp-json\/wp\/v2\/categories?post=10380"},{"taxonomy":"post_tag","embeddable":true,"href":"https:\/\/www.fachodeluz.blog.br\/wp\/wp-json\/wp\/v2\/tags?post=10380"}],"curies":[{"name":"wp","href":"https:\/\/api.w.org\/{rel}","templated":true}]}}