{"id":10428,"date":"2012-06-21T09:46:21","date_gmt":"2012-06-21T12:46:21","guid":{"rendered":"http:\/\/fachodeluz.blog.br\/wp\/?p=10428"},"modified":"2012-06-21T09:55:49","modified_gmt":"2012-06-21T12:55:49","slug":"universo-inteligente","status":"publish","type":"post","link":"https:\/\/www.fachodeluz.blog.br\/wp\/2012\/06\/21\/universo-inteligente\/","title":{"rendered":"Universo Inteligente"},"content":{"rendered":"<h2 style=\"text-align: center;\"><a href=\"https:\/\/i0.wp.com\/fachodeluz.blog.br\/wp\/wp-content\/uploads\/2012\/06\/universo12.gif\"><img data-recalc-dims=\"1\" loading=\"lazy\" decoding=\"async\" loading=\"lazy\" class=\"aligncenter size-full wp-image-10431\" title=\"universo1\" src=\"https:\/\/i0.wp.com\/fachodeluz.blog.br\/wp\/wp-content\/uploads\/2012\/06\/universo12.gif?resize=450%2C360\" alt=\"\" width=\"450\" height=\"360\" srcset=\"https:\/\/i0.wp.com\/www.fachodeluz.blog.br\/wp\/wp-content\/uploads\/2012\/06\/universo12.gif?w=450&amp;ssl=1 450w, https:\/\/i0.wp.com\/www.fachodeluz.blog.br\/wp\/wp-content\/uploads\/2012\/06\/universo12.gif?resize=300%2C240&amp;ssl=1 300w\" sizes=\"auto, (max-width: 450px) 100vw, 450px\" \/><\/a><\/h2>\n<h2 style=\"text-align: center;\"><span style=\"color: #161645;\"><strong>Como a &#8220;cren\u00e7a coletiva&#8221; leva em conta um suposto universo feito de mat\u00e9ria, a ILUS\u00c3O de que vivemos em algo&#8221;sem intelig\u00eancia&#8221; impera. As pessoas, pelas ruas, pela sugest\u00e3o subliminar desta cren\u00e7a fraudulenta, acreditam, por exemplo, que pisam em mat\u00e9ria s\u00f3lida,<em> sem intelig\u00eancia,<\/em> e acreditam que a mente humana, que aparentam usar, \u00e9 um &#8220;ponto inteligente isolado&#8221;, dentre quase tudo que veem ou percebem. Em outras palavras, impera, neste mundo, a<em> ilus\u00e3o<\/em> de que apenas em &#8220;pontos de vida localizada&#8221;, como em humanos, animais ou vegetais, existe intelig\u00eancia! N\u00e3o poderia haver inverdade maior! <\/strong><\/span><\/h2>\n<h2 style=\"text-align: center;\"><span style=\"color: #161645;\"><strong><em>Deus \u00e9 Tudo, Tudo \u00e9 Deus!<\/em> N\u00e3o existe mat\u00e9ria em parte alguma, mesmo que todos os supostos &#8221; c\u00e9rebros pensantes&#8221; deste ilus\u00f3rio mundo endossem esta mentira! &#8220;Vivemos em Deus&#8221;, vivemos na Harmonia Inteligente! Vivemos na Intelig\u00eancia em Si! <em>O Universo \u00e9 a Intelig\u00eancia divina expressa em cada &#8220;ponto&#8221; de Si mesmo!<\/em> E, se em nossas &#8220;contempla\u00e7\u00f5es&#8221; focalizarmos esta Verdade, perceberemos o seu Poder!<\/strong><\/span><\/h2>\n<h2 style=\"text-align: center;\"><span style=\"color: #161645;\"><strong>Meditamos para reconhecer a <em>Presen\u00e7a de Deus<\/em> em n\u00f3s; mas devemos, tamb\u00e9m, reconhecer que o Universo tem <em>Intelig\u00eancia infinita<\/em> para saber que estamos unicamente NELE, e n\u00e3o na mat\u00e9ria! Por isso, durante suas &#8220;contempla\u00e7\u00f5es&#8221;, ap\u00f3s reconhecer que <em>&#8220;tem a Mente de Cristo&#8221;,<\/em> que com ela voc\u00ea sabe que <em>&#8220;est\u00e1 em Deus&#8221;,<\/em> e que est\u00e1<em> &#8220;sendo Deus&#8221;,<\/em> inclua tamb\u00e9m o fato de que o &#8220;<em>Universo \u00e9 inteligente&#8221;,<\/em> e que, em Sua intelig\u00eancia, <em>O UNIVERSO SABE QUE VOC\u00ca \u00c9 UM COM ELE! <\/em><\/strong><\/span><\/h2>\n<h2 style=\"text-align: center;\"><span style=\"color: #161645;\"><strong>*<\/strong><\/span><\/h2>\n","protected":false},"excerpt":{"rendered":"<p>Como a &#8220;cren\u00e7a coletiva&#8221; leva em conta um suposto universo feito de mat\u00e9ria, a ILUS\u00c3O de que vivemos em algo&#8221;sem intelig\u00eancia&#8221; impera. As pessoas, pelas ruas, pela sugest\u00e3o subliminar desta cren\u00e7a fraudulenta, acreditam, por exemplo, que pisam em mat\u00e9ria s\u00f3lida, sem intelig\u00eancia, e acreditam que a mente humana, que aparentam usar, \u00e9 um &#8220;ponto inteligente &hellip; <\/p>\n<p class=\"link-more\"><a href=\"https:\/\/www.fachodeluz.blog.br\/wp\/2012\/06\/21\/universo-inteligente\/\" class=\"more-link\">Leia mais<span class=\"screen-reader-text\"> &#8220;Universo Inteligente&#8221;<\/span><\/a><\/p>\n","protected":false},"author":2,"featured_media":0,"comment_status":"closed","ping_status":"closed","sticky":false,"template":"","format":"standard","meta":{"nf_dc_page":"","_crdt_document":"","footnotes":""},"categories":[10],"tags":[],"class_list":["post-10428","post","type-post","status-publish","format-standard","hentry","category-darcio-dezolt"],"featured_media_urls":[],"_links":{"self":[{"href":"https:\/\/www.fachodeluz.blog.br\/wp\/wp-json\/wp\/v2\/posts\/10428","targetHints":{"allow":["GET"]}}],"collection":[{"href":"https:\/\/www.fachodeluz.blog.br\/wp\/wp-json\/wp\/v2\/posts"}],"about":[{"href":"https:\/\/www.fachodeluz.blog.br\/wp\/wp-json\/wp\/v2\/types\/post"}],"author":[{"embeddable":true,"href":"https:\/\/www.fachodeluz.blog.br\/wp\/wp-json\/wp\/v2\/users\/2"}],"replies":[{"embeddable":true,"href":"https:\/\/www.fachodeluz.blog.br\/wp\/wp-json\/wp\/v2\/comments?post=10428"}],"version-history":[{"count":0,"href":"https:\/\/www.fachodeluz.blog.br\/wp\/wp-json\/wp\/v2\/posts\/10428\/revisions"}],"wp:attachment":[{"href":"https:\/\/www.fachodeluz.blog.br\/wp\/wp-json\/wp\/v2\/media?parent=10428"}],"wp:term":[{"taxonomy":"category","embeddable":true,"href":"https:\/\/www.fachodeluz.blog.br\/wp\/wp-json\/wp\/v2\/categories?post=10428"},{"taxonomy":"post_tag","embeddable":true,"href":"https:\/\/www.fachodeluz.blog.br\/wp\/wp-json\/wp\/v2\/tags?post=10428"}],"curies":[{"name":"wp","href":"https:\/\/api.w.org\/{rel}","templated":true}]}}