{"id":10536,"date":"2012-07-08T10:40:27","date_gmt":"2012-07-08T13:40:27","guid":{"rendered":"http:\/\/fachodeluz.blog.br\/wp\/?p=10536"},"modified":"2012-07-08T10:45:39","modified_gmt":"2012-07-08T13:45:39","slug":"a-causa-unica-e-efeito-unico","status":"publish","type":"post","link":"https:\/\/www.fachodeluz.blog.br\/wp\/2012\/07\/08\/a-causa-unica-e-efeito-unico\/","title":{"rendered":"A Causa \u00danica \u00e9 Efeito \u00danico"},"content":{"rendered":"<h2 style=\"text-align: center;\"><span style=\"color: #515100;\"><a href=\"https:\/\/i0.wp.com\/fachodeluz.blog.br\/wp\/wp-content\/uploads\/2012\/07\/god-of-the-living.gif\"><img data-recalc-dims=\"1\" loading=\"lazy\" decoding=\"async\" loading=\"lazy\" class=\"aligncenter size-full wp-image-10537\" title=\"god-of-the-living\" src=\"https:\/\/i0.wp.com\/fachodeluz.blog.br\/wp\/wp-content\/uploads\/2012\/07\/god-of-the-living.gif?resize=450%2C315\" alt=\"\" width=\"450\" height=\"315\" srcset=\"https:\/\/i0.wp.com\/www.fachodeluz.blog.br\/wp\/wp-content\/uploads\/2012\/07\/god-of-the-living.gif?w=450&amp;ssl=1 450w, https:\/\/i0.wp.com\/www.fachodeluz.blog.br\/wp\/wp-content\/uploads\/2012\/07\/god-of-the-living.gif?resize=300%2C210&amp;ssl=1 300w\" sizes=\"auto, (max-width: 450px) 100vw, 450px\" \/><\/a><\/span><\/h2>\n<h2 style=\"text-align: center;\"><span style=\"color: #515100;\">A aceita\u00e7\u00e3o de DEUS COMO TUDO implica em se aceitar que DEUS, sendo Causa \u00fanica, \u00e9, em Si mesmo, Efeito \u00fanico. Tudo \u00e9 Um, tudo \u00e9 simultaneamente Causa e Efeito. Em outras palavras, a Mente que tem todas as infinitas ideias em Si mesma,\u00a0neste exato AGORA, \u00e9 <em>simultaneamente<\/em> a manifesta\u00e7\u00e3o absoluta de todas elas. Este \u00e9 o sentido de<em> &#8220;Eu sou o Alfa e o Omega&#8221;,<\/em> de que <em>&#8220;as obras de Deus s\u00e3o permanentes\u00a0&#8220;,<\/em> ou de que<em> &#8220;tudo est\u00e1 feito&#8221;.<\/em><\/span><\/h2>\n<h2 style=\"text-align: center;\"><span style=\"color: #515100;\">A Causa e o Efeito s\u00e3o <em>Deus,<\/em> s\u00e3o<em>\u00a0\u00fanicos,<\/em> s\u00e3o simult\u00e2neos,\u00a0e est\u00e3o em Evid\u00eancia AGORA! Estas Verdades, por serem absolutas,<em> j\u00e1 est\u00e3o aceitas por completo<\/em>\u00a0pela Consci\u00eancia que VOC\u00ca \u00c9! Em vista disso, em vez de acreditar que &#8220;ter\u00e1 de conscientizar&#8221; estes fatos verdadeiros, fazendo esfor\u00e7os nesse sentido,\u00a0apenas se identifique serena e integralmente com todos eles! Veja-se participante deles! Veja-se sendo a Mente que \u00e9 Causa deles e, simultaneamente, o Efeito que esta Causa gera!<\/span><\/h2>\n<h2 style=\"text-align: center;\"><span style=\"color: #515100;\">N\u00e3o h\u00e1 duas mentes, para que uma utilize o ilus\u00f3rio\u00a0&#8220;tempo&#8221; em conscientiza\u00e7\u00f5es intermin\u00e1veis da Verdade! A Mente \u00fanica &#8211; a SUA MENTE &#8211;\u00a0\u00e9 TODA A VERDADE! Portanto, ao meditar,\u00a0apenas tome em considera\u00e7\u00e3o cada Verdade revelada como j\u00e1 manifesta! A Causa que gera tudo \u00e9 seu Eu. Desse modo, admita: <em>&#8220;Eu Sou a Causa \u00danica!&#8221;<\/em> ; o Efeito \u00fanico \u00e9 seu Eu; assim, igualmente,admita: <em>&#8220;Eu Sou o Efeito \u00danico!&#8221;<\/em> Isto seria &#8220;conscientizar a Verdade&#8221;? N\u00e3o! Seria anular a ILUS\u00c3O de que exista &#8220;mente sem esta conscientiza\u00e7\u00e3o&#8221;. Por isso n\u00e3o h\u00e1 esfor\u00e7os mentais, mas t\u00e3o somente &#8220;contempla\u00e7\u00e3o&#8221; daquilo que <em>j\u00e1 \u00c9!<\/em><\/span><\/h2>\n<p style=\"text-align: center;\"><span style=\"color: #515100;\">*<\/span><\/p>\n","protected":false},"excerpt":{"rendered":"<p>A aceita\u00e7\u00e3o de DEUS COMO TUDO implica em se aceitar que DEUS, sendo Causa \u00fanica, \u00e9, em Si mesmo, Efeito \u00fanico. Tudo \u00e9 Um, tudo \u00e9 simultaneamente Causa e Efeito. Em outras palavras, a Mente que tem todas as infinitas ideias em Si mesma,\u00a0neste exato AGORA, \u00e9 simultaneamente a manifesta\u00e7\u00e3o absoluta de todas elas. Este &hellip; <\/p>\n<p class=\"link-more\"><a href=\"https:\/\/www.fachodeluz.blog.br\/wp\/2012\/07\/08\/a-causa-unica-e-efeito-unico\/\" class=\"more-link\">Leia mais<span class=\"screen-reader-text\"> &#8220;A Causa \u00danica \u00e9 Efeito \u00danico&#8221;<\/span><\/a><\/p>\n","protected":false},"author":2,"featured_media":0,"comment_status":"closed","ping_status":"closed","sticky":false,"template":"","format":"standard","meta":{"nf_dc_page":"","_crdt_document":"","footnotes":""},"categories":[10],"tags":[],"class_list":["post-10536","post","type-post","status-publish","format-standard","hentry","category-darcio-dezolt"],"featured_media_urls":[],"_links":{"self":[{"href":"https:\/\/www.fachodeluz.blog.br\/wp\/wp-json\/wp\/v2\/posts\/10536","targetHints":{"allow":["GET"]}}],"collection":[{"href":"https:\/\/www.fachodeluz.blog.br\/wp\/wp-json\/wp\/v2\/posts"}],"about":[{"href":"https:\/\/www.fachodeluz.blog.br\/wp\/wp-json\/wp\/v2\/types\/post"}],"author":[{"embeddable":true,"href":"https:\/\/www.fachodeluz.blog.br\/wp\/wp-json\/wp\/v2\/users\/2"}],"replies":[{"embeddable":true,"href":"https:\/\/www.fachodeluz.blog.br\/wp\/wp-json\/wp\/v2\/comments?post=10536"}],"version-history":[{"count":0,"href":"https:\/\/www.fachodeluz.blog.br\/wp\/wp-json\/wp\/v2\/posts\/10536\/revisions"}],"wp:attachment":[{"href":"https:\/\/www.fachodeluz.blog.br\/wp\/wp-json\/wp\/v2\/media?parent=10536"}],"wp:term":[{"taxonomy":"category","embeddable":true,"href":"https:\/\/www.fachodeluz.blog.br\/wp\/wp-json\/wp\/v2\/categories?post=10536"},{"taxonomy":"post_tag","embeddable":true,"href":"https:\/\/www.fachodeluz.blog.br\/wp\/wp-json\/wp\/v2\/tags?post=10536"}],"curies":[{"name":"wp","href":"https:\/\/api.w.org\/{rel}","templated":true}]}}