{"id":10570,"date":"2012-07-15T10:33:44","date_gmt":"2012-07-15T13:33:44","guid":{"rendered":"http:\/\/fachodeluz.blog.br\/wp\/?p=10570"},"modified":"2012-07-16T01:08:43","modified_gmt":"2012-07-16T04:08:43","slug":"faca-ser-facil","status":"publish","type":"post","link":"https:\/\/www.fachodeluz.blog.br\/wp\/2012\/07\/15\/faca-ser-facil\/","title":{"rendered":"FA\u00c7A SER F\u00c1CIL"},"content":{"rendered":"<h2 style=\"text-align: center;\"><a href=\"https:\/\/i0.wp.com\/fachodeluz.blog.br\/wp\/wp-content\/uploads\/2012\/07\/1fsf.gif\"><img data-recalc-dims=\"1\" loading=\"lazy\" decoding=\"async\" loading=\"lazy\" class=\"aligncenter size-full wp-image-10571\" title=\"1fsf\" src=\"https:\/\/i0.wp.com\/fachodeluz.blog.br\/wp\/wp-content\/uploads\/2012\/07\/1fsf.gif?resize=450%2C245\" alt=\"\" width=\"450\" height=\"245\" srcset=\"https:\/\/i0.wp.com\/www.fachodeluz.blog.br\/wp\/wp-content\/uploads\/2012\/07\/1fsf.gif?w=450&amp;ssl=1 450w, https:\/\/i0.wp.com\/www.fachodeluz.blog.br\/wp\/wp-content\/uploads\/2012\/07\/1fsf.gif?resize=300%2C163&amp;ssl=1 300w\" sizes=\"auto, (max-width: 450px) 100vw, 450px\" \/><\/a><\/h2>\n<h2 style=\"text-align: center;\"><span style=\"color: #993d00;\"><strong>Toda d\u00favida, apreens\u00e3o, preocupa\u00e7\u00e3o e demais emo\u00e7\u00f5es humanas negativas decorrem da <em>ilus\u00e3o.<\/em>Portanto, o seu \u00fanico desafio est\u00e1 em ser radicalmente determinado neste ponto: <em>ver a ilus\u00e3o como ilus\u00e3o!<\/em> De pouco lhe valer\u00e1 ficar o tempo todo lendo que &#8220;o mal n\u00e3o existe&#8221;, por ser <em>ilus\u00e3o<\/em>, se em sua aceita\u00e7\u00e3o <em>o Bem absoluto &#8211; Deus &#8211;<\/em> n\u00e3o for discernido como Realidade onipresente! Ou se em sua aceita\u00e7\u00e3o, perdurar a cren\u00e7a de que &#8220;ter\u00e1 de dar fim \u00e0 ilus\u00e3o&#8221;. Os princ\u00edpios fundamentais do estudo precisam de sua <em>determina\u00e7\u00e3o sem esmorecimento,<\/em> mas em que sentido? <\/strong><em>No sentido de fazer com que seja tudo muito f\u00e1cil!<\/em><strong> Aquele que diz &#8220;ser dif\u00edcil se livrar da ilus\u00e3o&#8221; pode ser considerado como quem entendeu o significado desta palavra? Sabemos a resposta! E como ouvimos frases com este teor! N\u00e3o seja autor de nenhuma delas! N\u00e3o engrosse a cren\u00e7a coletiva fraudulenta, dando &#8220;poder a nadas&#8221;, ficando afirmando que DEUS \u00c9 ONIPOTENTE, mas apenas com o cantinho da boca! DEUS \u00c9 TUDO! A chamada &#8220;ilus\u00e3o&#8221; nada representa! N\u00e3o \u00e9 presen\u00e7a do mal; n\u00e3o \u00e9 presen\u00e7a alguma! <em>A ONIPRESEN\u00c7A \u00c9 TUDO! <\/em><\/strong><\/span><\/h2>\n<h2 style=\"text-align: center;\"><span style=\"color: #993d00;\"><strong><em>Determina\u00e7\u00e3o sem esmorecimento, achando ser muito f\u00e1cil estar UM COM DEUS e sem brigar mentalmente com simples &#8220;miragens&#8221;, esta \u00e9 a posi\u00e7\u00e3o de quem trabalha com a Verdade, e somente com a Verdade!<\/em> Se um pensamento ilus\u00f3rio tentar incomod\u00e1-lo, recorde que TUDO est\u00e1 a seu favor, ou seja, o Universo, o Infinito, a Onipot\u00eancia, a Onipresen\u00e7a, a Onisci\u00eancia e a Onia\u00e7\u00e3o: <em>TUDO EST\u00c1\u00a0 COM VOC\u00ca!<\/em> Nada sobrar\u00e1 para\u00a0 qualquer &#8220;miragem&#8221; poder argumentar contra voc\u00ea! O entendimento de que &#8220;desmantelar a ilus\u00e3o&#8221; n\u00e3o ser\u00e1 jamais &#8220;obra do ego ilus\u00f3rio&#8221;, e sim o seu conhecimento de que DEUS &#8211; e toda a Natureza de Deus &#8211; est\u00e1 SENDO TUDO, e SENDO SUA HARMONIA TOTAL, permitir\u00e1 que VOC\u00ca APLIQUE ESTES PRINC\u00cdPIOS <em>COM SORRISO NO ROSTO!<\/em> Desse modo, <\/strong><em>achar\u00e1 SER EXTREMAMENTE\u00a0 F\u00c1CIL COLOC\u00c1-LOS EM PR\u00c1TICA! <\/em>SER\u00c1 UMA SERENA &#8220;TESTEMUNHA&#8221;\u00a0 DA VERDADE<em> SENDO!<\/em><\/span><\/h2>\n<p style=\"text-align: center;\"><span style=\"color: #993d00;\"><strong>*<\/strong><\/span><\/p>\n","protected":false},"excerpt":{"rendered":"<p>Toda d\u00favida, apreens\u00e3o, preocupa\u00e7\u00e3o e demais emo\u00e7\u00f5es humanas negativas decorrem da ilus\u00e3o.Portanto, o seu \u00fanico desafio est\u00e1 em ser radicalmente determinado neste ponto: ver a ilus\u00e3o como ilus\u00e3o! De pouco lhe valer\u00e1 ficar o tempo todo lendo que &#8220;o mal n\u00e3o existe&#8221;, por ser ilus\u00e3o, se em sua aceita\u00e7\u00e3o o Bem absoluto &#8211; Deus &#8211; &hellip; <\/p>\n<p class=\"link-more\"><a href=\"https:\/\/www.fachodeluz.blog.br\/wp\/2012\/07\/15\/faca-ser-facil\/\" class=\"more-link\">Leia mais<span class=\"screen-reader-text\"> &#8220;FA\u00c7A SER F\u00c1CIL&#8221;<\/span><\/a><\/p>\n","protected":false},"author":2,"featured_media":0,"comment_status":"closed","ping_status":"closed","sticky":false,"template":"","format":"standard","meta":{"nf_dc_page":"","_crdt_document":"","footnotes":""},"categories":[10],"tags":[],"class_list":["post-10570","post","type-post","status-publish","format-standard","hentry","category-darcio-dezolt"],"featured_media_urls":[],"_links":{"self":[{"href":"https:\/\/www.fachodeluz.blog.br\/wp\/wp-json\/wp\/v2\/posts\/10570","targetHints":{"allow":["GET"]}}],"collection":[{"href":"https:\/\/www.fachodeluz.blog.br\/wp\/wp-json\/wp\/v2\/posts"}],"about":[{"href":"https:\/\/www.fachodeluz.blog.br\/wp\/wp-json\/wp\/v2\/types\/post"}],"author":[{"embeddable":true,"href":"https:\/\/www.fachodeluz.blog.br\/wp\/wp-json\/wp\/v2\/users\/2"}],"replies":[{"embeddable":true,"href":"https:\/\/www.fachodeluz.blog.br\/wp\/wp-json\/wp\/v2\/comments?post=10570"}],"version-history":[{"count":0,"href":"https:\/\/www.fachodeluz.blog.br\/wp\/wp-json\/wp\/v2\/posts\/10570\/revisions"}],"wp:attachment":[{"href":"https:\/\/www.fachodeluz.blog.br\/wp\/wp-json\/wp\/v2\/media?parent=10570"}],"wp:term":[{"taxonomy":"category","embeddable":true,"href":"https:\/\/www.fachodeluz.blog.br\/wp\/wp-json\/wp\/v2\/categories?post=10570"},{"taxonomy":"post_tag","embeddable":true,"href":"https:\/\/www.fachodeluz.blog.br\/wp\/wp-json\/wp\/v2\/tags?post=10570"}],"curies":[{"name":"wp","href":"https:\/\/api.w.org\/{rel}","templated":true}]}}