{"id":10585,"date":"2012-07-19T10:06:58","date_gmt":"2012-07-19T13:06:58","guid":{"rendered":"http:\/\/fachodeluz.blog.br\/wp\/?p=10585"},"modified":"2012-07-19T10:12:38","modified_gmt":"2012-07-19T13:12:38","slug":"sua-consciencia-discerne-o-reino-agora","status":"publish","type":"post","link":"https:\/\/www.fachodeluz.blog.br\/wp\/2012\/07\/19\/sua-consciencia-discerne-o-reino-agora\/","title":{"rendered":"Sua Consci\u00eancia Discerne O Reino Agora!"},"content":{"rendered":"<p><a style=\"text-align: center;\"><img data-recalc-dims=\"1\" loading=\"lazy\" decoding=\"async\" loading=\"lazy\" class=\"aligncenter size-full wp-image-10586\" title=\"fl3\" src=\"https:\/\/i0.wp.com\/fachodeluz.blog.br\/wp\/wp-content\/uploads\/2012\/07\/fl3.gif?resize=450%2C338\" alt=\"\" width=\"450\" height=\"338\" srcset=\"https:\/\/i0.wp.com\/www.fachodeluz.blog.br\/wp\/wp-content\/uploads\/2012\/07\/fl3.gif?w=450&amp;ssl=1 450w, https:\/\/i0.wp.com\/www.fachodeluz.blog.br\/wp\/wp-content\/uploads\/2012\/07\/fl3.gif?resize=300%2C225&amp;ssl=1 300w\" sizes=\"auto, (max-width: 450px) 100vw, 450px\" \/><\/a><\/p>\n<h2 style=\"text-align: center;\"><span style=\"color: #4c0000;\">A revela\u00e7\u00e3o espiritual de que &#8220;temos a Mente de Cristo&#8221;, equivale \u00e0 revela\u00e7\u00e3o de que a Consci\u00eancia divina, sendo a \u00fanica, a nossa e a de todos, est\u00e1 eternamente discernindo o Reino de Deus. Por isso, apenas afirmar e aceitar que esta Consci\u00eancia \u00e9 a nossa, n\u00e3o nos basta! <strong><em>\u00c9 preciso aceitar, com &#8220;cora\u00e7\u00e3o de crian\u00e7a&#8221;,\u00a0 que estamos discernindo o Reino de Deus, exatamente agora!<\/em><\/strong> Acreditar que este Reino n\u00e3o esteja sendo discernido, equivale a dizer que a Consci\u00eancia divina, sendo a nossa,\u00a0 \u00e9 cega para a Verdade!<br \/>\n<\/span><\/h2>\n<h2 style=\"text-align: center;\"><span style=\"color: #4c0000;\">A cren\u00e7a coletiva, que diz\u00a0 <em>&#8220;termos mente humana discernindo mundo material&#8221;,<\/em> n\u00e3o \u00e9 a Verdade. Pelo contr\u00e1rio,\u00a0 \u00e9 a tremenda<em> ilus\u00e3o de massa<\/em> que aparenta ter realidade, mas que \u00e9 pur\u00edssimo nada! Quem disser, por exemplo, que espera &#8220;um dia&#8221; ver o Reino de Deus,\u00a0 ou quem afirma n\u00e3o o estar discernindo neste agora, est\u00e1 unicamente endossando a &#8220;sugest\u00e3o mesm\u00e9rica&#8221; de que DEUS N\u00c3O \u00c9 TUDO! Portanto, durante suas contempla\u00e7\u00f5es da Verdade, al\u00e9m de partir das totalidade de Deus como Verdade absoluta, inclua sempre a <em>admiss\u00e3o incondicional<\/em> de que DEUS, SENDO <em>SEU EU,\u00a0<\/em> EST\u00c1 DIRCERNINDO O SEU REINO, AQUI E AGORA! Identifique-se com este Eu Absoluto! \u00c9 este o Fato espiritual eterno, que jamais pode ser negado s\u00f3 porque uma suposta &#8220;mente humana&#8221; enxerga unicamente &#8220;um mundo do pai da mentira&#8221;.<\/span><\/h2>\n<h2 style=\"text-align: center;\"><span style=\"color: #4c0000;\">N\u00e3o existe &#8220;mundo material&#8221; e tampouco existe &#8220;mente que v\u00ea mundo material&#8221;. O ensinamento absoluto parte da VERDADE, e esta Verdade \u00e9 que<em> &#8220;em Deus vivemos, nos movemos e temos o nosso Ser&#8221;.<\/em> Reconhe\u00e7a, portanto, sem esfor\u00e7o algum, que <em>VOC\u00ca EST\u00c1 NO REINO DE DEUS, QUE A MENTE DE CRISTO \u00c9 A SUA, E QUE, EM VISTA DESTAS VERDADES ETERNAS, VOC\u00ca EST\u00c1 AGORA DISCERNINDO A DIMENS\u00c3O ABSOLUTA DA REALIDADE DIVINA!<\/em><\/span><\/h2>\n<p>&nbsp;<\/p>\n<p style=\"text-align: center;\"><span style=\"color: #4c0000;\">*<\/span><\/p>\n<p style=\"text-align: center;\">\n","protected":false},"excerpt":{"rendered":"<p>A revela\u00e7\u00e3o espiritual de que &#8220;temos a Mente de Cristo&#8221;, equivale \u00e0 revela\u00e7\u00e3o de que a Consci\u00eancia divina, sendo a \u00fanica, a nossa e a de todos, est\u00e1 eternamente discernindo o Reino de Deus. Por isso, apenas afirmar e aceitar que esta Consci\u00eancia \u00e9 a nossa, n\u00e3o nos basta! \u00c9 preciso aceitar, com &#8220;cora\u00e7\u00e3o de &hellip; <\/p>\n<p class=\"link-more\"><a href=\"https:\/\/www.fachodeluz.blog.br\/wp\/2012\/07\/19\/sua-consciencia-discerne-o-reino-agora\/\" class=\"more-link\">Leia mais<span class=\"screen-reader-text\"> &#8220;Sua Consci\u00eancia Discerne O Reino Agora!&#8221;<\/span><\/a><\/p>\n","protected":false},"author":2,"featured_media":0,"comment_status":"closed","ping_status":"closed","sticky":false,"template":"","format":"standard","meta":{"nf_dc_page":"","_crdt_document":"","footnotes":""},"categories":[10],"tags":[],"class_list":["post-10585","post","type-post","status-publish","format-standard","hentry","category-darcio-dezolt"],"featured_media_urls":[],"_links":{"self":[{"href":"https:\/\/www.fachodeluz.blog.br\/wp\/wp-json\/wp\/v2\/posts\/10585","targetHints":{"allow":["GET"]}}],"collection":[{"href":"https:\/\/www.fachodeluz.blog.br\/wp\/wp-json\/wp\/v2\/posts"}],"about":[{"href":"https:\/\/www.fachodeluz.blog.br\/wp\/wp-json\/wp\/v2\/types\/post"}],"author":[{"embeddable":true,"href":"https:\/\/www.fachodeluz.blog.br\/wp\/wp-json\/wp\/v2\/users\/2"}],"replies":[{"embeddable":true,"href":"https:\/\/www.fachodeluz.blog.br\/wp\/wp-json\/wp\/v2\/comments?post=10585"}],"version-history":[{"count":0,"href":"https:\/\/www.fachodeluz.blog.br\/wp\/wp-json\/wp\/v2\/posts\/10585\/revisions"}],"wp:attachment":[{"href":"https:\/\/www.fachodeluz.blog.br\/wp\/wp-json\/wp\/v2\/media?parent=10585"}],"wp:term":[{"taxonomy":"category","embeddable":true,"href":"https:\/\/www.fachodeluz.blog.br\/wp\/wp-json\/wp\/v2\/categories?post=10585"},{"taxonomy":"post_tag","embeddable":true,"href":"https:\/\/www.fachodeluz.blog.br\/wp\/wp-json\/wp\/v2\/tags?post=10585"}],"curies":[{"name":"wp","href":"https:\/\/api.w.org\/{rel}","templated":true}]}}