{"id":10602,"date":"2012-07-22T10:35:59","date_gmt":"2012-07-22T13:35:59","guid":{"rendered":"http:\/\/fachodeluz.blog.br\/wp\/?p=10602"},"modified":"2012-07-22T10:37:50","modified_gmt":"2012-07-22T13:37:50","slug":"exponha-se-ao-sol-da-verdade","status":"publish","type":"post","link":"https:\/\/www.fachodeluz.blog.br\/wp\/2012\/07\/22\/exponha-se-ao-sol-da-verdade\/","title":{"rendered":"Exponha-se ao Sol Da Verdade!"},"content":{"rendered":"<h2 style=\"text-align: center;\"><\/h2>\n<h2 style=\"text-align: center;\"><a href=\"https:\/\/i0.wp.com\/fachodeluz.blog.br\/wp\/wp-content\/uploads\/2012\/07\/br1.gif\"><img data-recalc-dims=\"1\" loading=\"lazy\" decoding=\"async\" loading=\"lazy\" class=\"aligncenter size-full wp-image-10603\" title=\"br1\" src=\"https:\/\/i0.wp.com\/fachodeluz.blog.br\/wp\/wp-content\/uploads\/2012\/07\/br1.gif?resize=450%2C338\" alt=\"\" width=\"450\" height=\"338\" srcset=\"https:\/\/i0.wp.com\/www.fachodeluz.blog.br\/wp\/wp-content\/uploads\/2012\/07\/br1.gif?w=450&amp;ssl=1 450w, https:\/\/i0.wp.com\/www.fachodeluz.blog.br\/wp\/wp-content\/uploads\/2012\/07\/br1.gif?resize=300%2C225&amp;ssl=1 300w\" sizes=\"auto, (max-width: 450px) 100vw, 450px\" \/><\/a><\/h2>\n<h2 style=\"text-align: center;\"><strong><span style=\"font-family: Times New Roman; color: #8e3900;\">A pessoa que deseja se submeter ao bronzeamento, n\u00e3o ficar\u00e1 apenas lendo de que forma ele acontece! Isto porque este saber lhe serviria apenas como instru\u00e7\u00e3o, uma vez que o bronzeamento somente se dar\u00e1 quando ela se expuser \u00e0 fonte solar ou artificial, se deixando entregue a ela para que o efeito desejado possa aparecer. Ficar lendo p\u00e1ginas e mais p\u00e1ginas sobre t\u00e9cnicas de bronzeamento, sem se expor \u00e0 fonte para que elas possam ser aplicadas, equivale a algu\u00e9m, desejoso de conhecer a Verdade, ficar lendo obras e mais obras, sobre &#8220;ilumina\u00e7\u00e3o espiritual&#8221;, sem se colocar, <em>prioritariamente,<\/em> submissa \u00e0 a\u00e7\u00e3o da Realidade divina<\/span><\/strong><\/h2>\n<h2 style=\"text-align: center;\"><strong><span style=\"font-family: Times New Roman; color: #8e3900;\">Por mais que o intelecto se sature de princ\u00edpios espirituais, sem haver a &#8220;exposi\u00e7\u00e3o a Deus&#8221;, a pessoa apenas acumular\u00e1 instru\u00e7\u00f5es e teorias sobre a Verdade. Jesus disse: <em>&#8220;Buscai, em primeiro lugar, o Reino de Deus!&#8221;<\/em> N\u00e3o disse que teorias ou tratados sobre espiritualidade fossem buscados antes de tudo! As instru\u00e7\u00f5es s\u00e3o valiosas unicamente quando seguidas! S\u00e3o mapas do tesouro e n\u00e3o o tesouro! Ache tempo para ficar &#8220;exposto ao Sol da Verdade&#8221;, assim como os interessados em se bronzear, acham tempo para se exporem ao Sol! A a\u00e7\u00e3o da Verdade se d\u00e1 naturalmente, assim como acontece com a radia\u00e7\u00e3o solar; portanto, sua parte \u00e9 &#8220;achar tempo de exposi\u00e7\u00e3o&#8221;, quando, ent\u00e3o, &#8220;o Pai, em VOC\u00ca, far\u00e1 as obras&#8221;. <\/span><\/strong><\/h2>\n<h2 style=\"text-align: center;\"><strong><span style=\"font-family: Times New Roman; color: #8e3900;\">Aquele que ficar exposto ao Sol permanentemente, dentro das t\u00e9cnicas ideais de bronzeamento, estar\u00e1 sempre bronzeado! Da mesma forma, aquele que ficar habitualmente exposto ao &#8220;Sol da Verdade&#8221;, estar\u00e1 sempre consciente de que j\u00e1 \u00e9 <em>iluminado!<\/em><\/span><\/strong><\/h2>\n<p>&nbsp;<\/p>\n<h2 style=\"text-align: center;\"><strong><span style=\"font-family: Times New Roman; color: #8e3900;\">*<\/span><\/strong><\/h2>\n","protected":false},"excerpt":{"rendered":"<p>A pessoa que deseja se submeter ao bronzeamento, n\u00e3o ficar\u00e1 apenas lendo de que forma ele acontece! Isto porque este saber lhe serviria apenas como instru\u00e7\u00e3o, uma vez que o bronzeamento somente se dar\u00e1 quando ela se expuser \u00e0 fonte solar ou artificial, se deixando entregue a ela para que o efeito desejado possa aparecer. &hellip; <\/p>\n<p class=\"link-more\"><a href=\"https:\/\/www.fachodeluz.blog.br\/wp\/2012\/07\/22\/exponha-se-ao-sol-da-verdade\/\" class=\"more-link\">Leia mais<span class=\"screen-reader-text\"> &#8220;Exponha-se ao Sol Da Verdade!&#8221;<\/span><\/a><\/p>\n","protected":false},"author":2,"featured_media":0,"comment_status":"closed","ping_status":"closed","sticky":false,"template":"","format":"standard","meta":{"nf_dc_page":"","_crdt_document":"","footnotes":""},"categories":[10],"tags":[],"class_list":["post-10602","post","type-post","status-publish","format-standard","hentry","category-darcio-dezolt"],"featured_media_urls":[],"_links":{"self":[{"href":"https:\/\/www.fachodeluz.blog.br\/wp\/wp-json\/wp\/v2\/posts\/10602","targetHints":{"allow":["GET"]}}],"collection":[{"href":"https:\/\/www.fachodeluz.blog.br\/wp\/wp-json\/wp\/v2\/posts"}],"about":[{"href":"https:\/\/www.fachodeluz.blog.br\/wp\/wp-json\/wp\/v2\/types\/post"}],"author":[{"embeddable":true,"href":"https:\/\/www.fachodeluz.blog.br\/wp\/wp-json\/wp\/v2\/users\/2"}],"replies":[{"embeddable":true,"href":"https:\/\/www.fachodeluz.blog.br\/wp\/wp-json\/wp\/v2\/comments?post=10602"}],"version-history":[{"count":0,"href":"https:\/\/www.fachodeluz.blog.br\/wp\/wp-json\/wp\/v2\/posts\/10602\/revisions"}],"wp:attachment":[{"href":"https:\/\/www.fachodeluz.blog.br\/wp\/wp-json\/wp\/v2\/media?parent=10602"}],"wp:term":[{"taxonomy":"category","embeddable":true,"href":"https:\/\/www.fachodeluz.blog.br\/wp\/wp-json\/wp\/v2\/categories?post=10602"},{"taxonomy":"post_tag","embeddable":true,"href":"https:\/\/www.fachodeluz.blog.br\/wp\/wp-json\/wp\/v2\/tags?post=10602"}],"curies":[{"name":"wp","href":"https:\/\/api.w.org\/{rel}","templated":true}]}}