{"id":10629,"date":"2012-07-27T09:29:14","date_gmt":"2012-07-27T12:29:14","guid":{"rendered":"http:\/\/fachodeluz.blog.br\/wp\/?p=10629"},"modified":"2012-07-27T09:29:14","modified_gmt":"2012-07-27T12:29:14","slug":"pratique-os-principios-da-verdade","status":"publish","type":"post","link":"https:\/\/www.fachodeluz.blog.br\/wp\/2012\/07\/27\/pratique-os-principios-da-verdade\/","title":{"rendered":"Pratique os Princ\u00edpios da Verdade!"},"content":{"rendered":"<h2 style=\"text-align: center;\"><a href=\"https:\/\/i0.wp.com\/fachodeluz.blog.br\/wp\/wp-content\/uploads\/2012\/07\/ppv1.gif\"><img data-recalc-dims=\"1\" loading=\"lazy\" decoding=\"async\" loading=\"lazy\" class=\"aligncenter size-full wp-image-10630\" title=\"ppv1\" src=\"https:\/\/i0.wp.com\/fachodeluz.blog.br\/wp\/wp-content\/uploads\/2012\/07\/ppv1.gif?resize=450%2C341\" alt=\"\" width=\"450\" height=\"341\" srcset=\"https:\/\/i0.wp.com\/www.fachodeluz.blog.br\/wp\/wp-content\/uploads\/2012\/07\/ppv1.gif?w=450&amp;ssl=1 450w, https:\/\/i0.wp.com\/www.fachodeluz.blog.br\/wp\/wp-content\/uploads\/2012\/07\/ppv1.gif?resize=300%2C227&amp;ssl=1 300w\" sizes=\"auto, (max-width: 450px) 100vw, 450px\" \/><\/a><\/h2>\n<h2 style=\"text-align: center;\"><span style=\"color: #433500;\">Sua <em>perman\u00eancia<\/em> em Deus, e em Seu Amor infinito, \u00e9 realidade plena deste AGORA, e n\u00e3o <em>utopia<\/em> ou possibilidade\u00a0 futura! A cren\u00e7a em passado, presente e futuro \u00e9 a ILUS\u00c3O que atua hipnoticamente como sugest\u00e3o mental, mas sem possuir realidade alguma. Para &#8220;tirar o poder&#8221; da &#8220;sugest\u00e3o hipn\u00f3tica&#8221;, interiorize-se e se veja sempre e integralmente isolado dela, N\u00e3o aceite que sensa\u00e7\u00f5es trazidas por mero &#8220;hipnotismo coletivo&#8221; sejam parte de voc\u00ea! Unicamente o que <em>DEUS \u00c9,<\/em> faz parte do Ser que <em>VOC\u00ca \u00c9!<\/em> Por isso, seja o que for, e que se mostre dessemelhante de Deus, \u00e9 pura &#8220;sugest\u00e3o mental&#8221;, e sem o\u00a0 <em>seu consentimento<\/em> de que fa\u00e7a parte de sua experi\u00eancia deste AGORA, revelar\u00e1 ser &#8220;nada&#8221;.<\/span><\/h2>\n<h2 style=\"text-align: center;\"><span style=\"color: #433500;\">Durante a &#8220;Pr\u00e1tica do Sil\u00eancio&#8221;, v\u00e1 a fundo na aceita\u00e7\u00e3o radical destes princ\u00edpios, entendendo que DEUS, sendo seu Eu, n\u00e3o conhece &#8220;ilus\u00e3o&#8221; nem tampouco &#8220;sugest\u00e3o mental agressiva&#8221;. Fazendo uma analogia, imagine um espelho com manchas e ranhuras, e uma pessoa diante dele &#8220;se vendo&#8221; na imagem refletida. Em fun\u00e7\u00e3o da condi\u00e7\u00e3o do espelho, a imagem dela se mostrar\u00e1 cheia de imperfei\u00e7\u00f5es. Mas no exato instante em que a pessoa se voltar a si mesma, fora do espelho, estar\u00e1 se vendo como de fato \u00e9, ficando <em>instantaneamente<\/em> sem todos\u00a0 os defeitos vistos na imagem, e ficando consciente de que, em vista de o espelho n\u00e3o a reproduzir verdadeiramente, em nada ela teria se alterado nem passado pelas deforma\u00e7\u00f5es apresentadas na imagem refletida.<\/span><\/h2>\n<h2 style=\"text-align: center;\"><span style=\"color: #433500;\">Quando nos voltamos a n\u00f3s mesmos, tirando a aten\u00e7\u00e3o das &#8220;imagens refletidas&#8221; na suposta mente humana, voltamo-nos ao que somos verdadeiramente: ao Cristo, a Deus expresso <em>como<\/em> Luz individual perfeita! Mas enquanto dividirmos aten\u00e7\u00e3o entre o que somos, e a &#8220;imagem falsa&#8221;, refletida no &#8220;espelho&#8221; &#8211; mente humana -, ficaremos dando testemunho da mentira! Somos &#8220;obras permanentes de Deus&#8221;, e estas jamais podem ser discernidas nas imagens refletidas como &#8220;apar\u00eancias&#8221;. Compreender isto significa compreender os dois princ\u00edpios de &#8220;cura espiritual&#8221; t\u00e3o enfatizados por Goldsmith: <em>impersonaliza\u00e7\u00e3o<\/em> e <em>nadifica\u00e7\u00e3o<\/em> da ilus\u00e3o. Em nossa analogia, seria a pessoa se ver completamente isolada de sua imagem refletida no espelho &#8211; <em>&#8220;impersonaliza\u00e7\u00e3o&#8221;,<\/em> e, portanto, sem\u00a0 ter nenhuma das imperfei\u00e7\u00f5es mostradas por ele &#8211; <em>&#8220;nadifica\u00e7\u00e3o&#8221;.<\/em><\/span><\/h2>\n<h2 style=\"text-align: center;\"><span style=\"color: #433500;\">Pratique estes princ\u00edpios, pois\u00a0 eles requerem dedica\u00e7\u00e3o, interioriza\u00e7\u00e3o, admiss\u00e3o radical de que Deus \u00e9 quem sempre somos, e um\u00a0 desv\u00ednculo total das &#8220;imagens falsas&#8221; deste mundo, que jamais de n\u00f3s fizeram parte!<\/span><\/h2>\n<h2 style=\"text-align: center;\"><\/h2>\n<h2 style=\"text-align: center;\"><span style=\"color: #433500;\">*<\/span><\/h2>\n<p>&nbsp;<\/p>\n<p>&nbsp;<\/p>\n","protected":false},"excerpt":{"rendered":"<p>Sua perman\u00eancia em Deus, e em Seu Amor infinito, \u00e9 realidade plena deste AGORA, e n\u00e3o utopia ou possibilidade\u00a0 futura! A cren\u00e7a em passado, presente e futuro \u00e9 a ILUS\u00c3O que atua hipnoticamente como sugest\u00e3o mental, mas sem possuir realidade alguma. Para &#8220;tirar o poder&#8221; da &#8220;sugest\u00e3o hipn\u00f3tica&#8221;, interiorize-se e se veja sempre e integralmente &hellip; <\/p>\n<p class=\"link-more\"><a href=\"https:\/\/www.fachodeluz.blog.br\/wp\/2012\/07\/27\/pratique-os-principios-da-verdade\/\" class=\"more-link\">Leia mais<span class=\"screen-reader-text\"> &#8220;Pratique os Princ\u00edpios da Verdade!&#8221;<\/span><\/a><\/p>\n","protected":false},"author":2,"featured_media":0,"comment_status":"closed","ping_status":"closed","sticky":false,"template":"","format":"standard","meta":{"nf_dc_page":"","_crdt_document":"","footnotes":""},"categories":[10],"tags":[],"class_list":["post-10629","post","type-post","status-publish","format-standard","hentry","category-darcio-dezolt"],"featured_media_urls":[],"_links":{"self":[{"href":"https:\/\/www.fachodeluz.blog.br\/wp\/wp-json\/wp\/v2\/posts\/10629","targetHints":{"allow":["GET"]}}],"collection":[{"href":"https:\/\/www.fachodeluz.blog.br\/wp\/wp-json\/wp\/v2\/posts"}],"about":[{"href":"https:\/\/www.fachodeluz.blog.br\/wp\/wp-json\/wp\/v2\/types\/post"}],"author":[{"embeddable":true,"href":"https:\/\/www.fachodeluz.blog.br\/wp\/wp-json\/wp\/v2\/users\/2"}],"replies":[{"embeddable":true,"href":"https:\/\/www.fachodeluz.blog.br\/wp\/wp-json\/wp\/v2\/comments?post=10629"}],"version-history":[{"count":0,"href":"https:\/\/www.fachodeluz.blog.br\/wp\/wp-json\/wp\/v2\/posts\/10629\/revisions"}],"wp:attachment":[{"href":"https:\/\/www.fachodeluz.blog.br\/wp\/wp-json\/wp\/v2\/media?parent=10629"}],"wp:term":[{"taxonomy":"category","embeddable":true,"href":"https:\/\/www.fachodeluz.blog.br\/wp\/wp-json\/wp\/v2\/categories?post=10629"},{"taxonomy":"post_tag","embeddable":true,"href":"https:\/\/www.fachodeluz.blog.br\/wp\/wp-json\/wp\/v2\/tags?post=10629"}],"curies":[{"name":"wp","href":"https:\/\/api.w.org\/{rel}","templated":true}]}}