{"id":10632,"date":"2012-07-28T09:42:28","date_gmt":"2012-07-28T12:42:28","guid":{"rendered":"http:\/\/fachodeluz.blog.br\/wp\/?p=10632"},"modified":"2012-07-28T13:32:56","modified_gmt":"2012-07-28T16:32:56","slug":"recebemos-o-espirito-de-deus","status":"publish","type":"post","link":"https:\/\/www.fachodeluz.blog.br\/wp\/2012\/07\/28\/recebemos-o-espirito-de-deus\/","title":{"rendered":"&#8220;Recebemos o Esp\u00edrito de Deus!&#8221;"},"content":{"rendered":"<h3 style=\"text-align: center;\"><a href=\"https:\/\/i0.wp.com\/fachodeluz.blog.br\/wp\/wp-content\/uploads\/2012\/07\/nv33.gif\"><img data-recalc-dims=\"1\" loading=\"lazy\" decoding=\"async\" loading=\"lazy\" class=\"aligncenter size-full wp-image-10633\" title=\"nv33\" src=\"https:\/\/i0.wp.com\/fachodeluz.blog.br\/wp\/wp-content\/uploads\/2012\/07\/nv33.gif?resize=450%2C338\" alt=\"\" width=\"450\" height=\"338\" srcset=\"https:\/\/i0.wp.com\/www.fachodeluz.blog.br\/wp\/wp-content\/uploads\/2012\/07\/nv33.gif?w=450&amp;ssl=1 450w, https:\/\/i0.wp.com\/www.fachodeluz.blog.br\/wp\/wp-content\/uploads\/2012\/07\/nv33.gif?resize=300%2C225&amp;ssl=1 300w\" sizes=\"auto, (max-width: 450px) 100vw, 450px\" \/><\/a><\/h3>\n<h3 style=\"text-align: center;\"><span style=\"color: #700070;\"><em>Porque qual dos homens sabe as coisas do homem, sen\u00e3o o esp\u00edrito do homem que nele est\u00e1? Assim tamb\u00e9m ningu\u00e9m sabe as coisas de Deus, sen\u00e3o o Esp\u00edrito de Deus. Mas n\u00f3s n\u00e3o recebemos o esp\u00edrito do mundo, mas o Esp\u00edrito que prov\u00e9m de Deus, para que pud\u00e9ssemos conhecer o que nos \u00e9 dado gratuitamente por Deus. As quais tamb\u00e9m falamos, n\u00e3o com sabedoria humana, mas com as que o Esp\u00edrito Santo ensina, comparando as coisas espirituais com as espirituais. Ora, o homem natural n\u00e3o compreende as coisas do Esp\u00edrito de Deus, porque lhe parecem loucura, e n\u00e3o pode entend\u00ea-las, porque elas se discernem espirittualmente. Mas o que \u00e9 espiritual discerne bem tudo, e ele de ningu\u00e9m \u00e9 discernido. Porque quem conheceu a mente do Senhor para que possa instru\u00ed-lo? Mas n\u00f3s temos a mente de Cristo.<\/em><\/span><\/h3>\n<h3 style=\"text-align: center;\"><span style=\"color: #700070;\"><em>I Cor\u00edntios, 2: 11-16<\/em><\/span><\/h3>\n<h2 style=\"text-align: center;\"><\/h2>\n<h2 style=\"text-align: center;\"><span style=\"color: #700070;\">Aos Cor\u00edntios Paulo revelou que &#8220;recebemos o Esp\u00edrito de Deus, e n\u00e3o o esp\u00edrito do mundo&#8221;. Explicava que a identifica\u00e7\u00e3o feita com este mundo, e com a mente humana, \u00e9 ilus\u00f3ria! <em>N\u00c3O EXISTE!<\/em> J\u00e1 estamos identificados com o que \u00e9 real, e, sabemos, <em>unicamente Deus \u00e9 Realidade!<\/em><\/span><\/h2>\n<h2 style=\"text-align: center;\"><span style=\"color: #700070;\">Quanto mais algu\u00e9m lutar para se desvencilhar de supostos problemas, mais parecer\u00e1 iludido por inexist\u00eancias! Isto porque ele j\u00e1 est\u00e1 identificado com Deus, sendo Deus, e Deus, nele, \u00e9 unicamente quem age, vive e faz suas obras! Sendo assim, por que estaria ele vendo problemas e lutando para venc\u00ea-los? A resposta est\u00e1 dada por Paulo:<em> &#8220;As coisas do mundo s\u00e3o vistas pelo esp\u00edrito do homem que nele est\u00e1, mas n\u00f3s n\u00e3o recebemos o esp\u00edrito do mundo, e sim o de Deus, para que pud\u00e9ssemos conhecer o que gratuitamente recebemos de Deus&#8221;.<\/em> <strong>Em outras palavras, <em>a ilus\u00e3o v\u00ea ilus\u00e3o e v\u00ea inclusive a ilus\u00e3o de algu\u00e9m querer se livrar dela pr\u00f3pria!<\/em><\/strong> Enquanto estes &#8220;nadas&#8221; aparentam existir, o que realmente existe, e \u00e9 permanente, \u00e9 o Esp\u00edrito de DEUS sendo o meu, o seu e o de todos! E, saber disso, \u00e9 o &#8220;conhecimento da verdade&#8221; citado por Jesus, e que nos mostra livres! <\/span><\/h2>\n<h2 style=\"text-align: center;\"><span style=\"color: #700070;\">Contemple-se identificado com o Esp\u00edrito de Deus! N\u00e3o existe &#8220;outro&#8221; esp\u00edrito! Contemple-se identificado com a Mente de Deus! N\u00e3o existe &#8220;outra&#8221; mente! Contemple-se identificado com o Corpo de Deus!N\u00e3o existe &#8220;outro&#8221; corpo! \u00c9 este o sentido de que Deus \u00e9 TUDO! E que &#8220;ilus\u00e3o&#8221; \u00e9 NADA!<\/span><\/h2>\n<h2 style=\"text-align: center;\"><span style=\"color: #700070;\">*<\/span><\/h2>\n<p>&nbsp;<\/p>\n","protected":false},"excerpt":{"rendered":"<p>Porque qual dos homens sabe as coisas do homem, sen\u00e3o o esp\u00edrito do homem que nele est\u00e1? Assim tamb\u00e9m ningu\u00e9m sabe as coisas de Deus, sen\u00e3o o Esp\u00edrito de Deus. Mas n\u00f3s n\u00e3o recebemos o esp\u00edrito do mundo, mas o Esp\u00edrito que prov\u00e9m de Deus, para que pud\u00e9ssemos conhecer o que nos \u00e9 dado gratuitamente &hellip; <\/p>\n<p class=\"link-more\"><a href=\"https:\/\/www.fachodeluz.blog.br\/wp\/2012\/07\/28\/recebemos-o-espirito-de-deus\/\" class=\"more-link\">Leia mais<span class=\"screen-reader-text\"> &#8220;&#8220;Recebemos o Esp\u00edrito de Deus!&#8221;&#8221;<\/span><\/a><\/p>\n","protected":false},"author":2,"featured_media":0,"comment_status":"closed","ping_status":"closed","sticky":false,"template":"","format":"standard","meta":{"nf_dc_page":"","_crdt_document":"","footnotes":""},"categories":[10],"tags":[],"class_list":["post-10632","post","type-post","status-publish","format-standard","hentry","category-darcio-dezolt"],"featured_media_urls":[],"_links":{"self":[{"href":"https:\/\/www.fachodeluz.blog.br\/wp\/wp-json\/wp\/v2\/posts\/10632","targetHints":{"allow":["GET"]}}],"collection":[{"href":"https:\/\/www.fachodeluz.blog.br\/wp\/wp-json\/wp\/v2\/posts"}],"about":[{"href":"https:\/\/www.fachodeluz.blog.br\/wp\/wp-json\/wp\/v2\/types\/post"}],"author":[{"embeddable":true,"href":"https:\/\/www.fachodeluz.blog.br\/wp\/wp-json\/wp\/v2\/users\/2"}],"replies":[{"embeddable":true,"href":"https:\/\/www.fachodeluz.blog.br\/wp\/wp-json\/wp\/v2\/comments?post=10632"}],"version-history":[{"count":0,"href":"https:\/\/www.fachodeluz.blog.br\/wp\/wp-json\/wp\/v2\/posts\/10632\/revisions"}],"wp:attachment":[{"href":"https:\/\/www.fachodeluz.blog.br\/wp\/wp-json\/wp\/v2\/media?parent=10632"}],"wp:term":[{"taxonomy":"category","embeddable":true,"href":"https:\/\/www.fachodeluz.blog.br\/wp\/wp-json\/wp\/v2\/categories?post=10632"},{"taxonomy":"post_tag","embeddable":true,"href":"https:\/\/www.fachodeluz.blog.br\/wp\/wp-json\/wp\/v2\/tags?post=10632"}],"curies":[{"name":"wp","href":"https:\/\/api.w.org\/{rel}","templated":true}]}}