{"id":10885,"date":"2012-09-08T10:30:40","date_gmt":"2012-09-08T13:30:40","guid":{"rendered":"http:\/\/fachodeluz.blog.br\/wp\/?p=10885"},"modified":"2012-09-08T14:57:23","modified_gmt":"2012-09-08T17:57:23","slug":"o-referencial-que-vislumbra-o-corpo","status":"publish","type":"post","link":"https:\/\/www.fachodeluz.blog.br\/wp\/2012\/09\/08\/o-referencial-que-vislumbra-o-corpo\/","title":{"rendered":"O Referencial Que Vislumbra o Corpo"},"content":{"rendered":"<h3 style=\"text-align: center;\"><a href=\"https:\/\/i0.wp.com\/fachodeluz.blog.br\/wp\/wp-content\/uploads\/2012\/09\/olhos-da-alma.gif\"><img data-recalc-dims=\"1\" loading=\"lazy\" decoding=\"async\" loading=\"lazy\" class=\"aligncenter size-full wp-image-10886\" title=\"olhos da alma\" src=\"https:\/\/i0.wp.com\/fachodeluz.blog.br\/wp\/wp-content\/uploads\/2012\/09\/olhos-da-alma.gif?resize=450%2C338\" alt=\"\" width=\"450\" height=\"338\" srcset=\"https:\/\/i0.wp.com\/www.fachodeluz.blog.br\/wp\/wp-content\/uploads\/2012\/09\/olhos-da-alma.gif?w=450&amp;ssl=1 450w, https:\/\/i0.wp.com\/www.fachodeluz.blog.br\/wp\/wp-content\/uploads\/2012\/09\/olhos-da-alma.gif?resize=300%2C225&amp;ssl=1 300w\" sizes=\"auto, (max-width: 450px) 100vw, 450px\" \/><\/a><\/h3>\n<h3 style=\"text-align: center;\"><span style=\"color: #330033;\"><em>&#8220;Nao andeis cuidadosos quanto \u00e0 vossa vida, pelo que haveis de comer ou pelo que haveis de beber; nem quanto ao vosso corpo, pelo que haveis de vestir. N\u00e3o \u00e9 a vida mais do que o mantimento, e o corpo mais do que o vestido? &#8211; Mateus 6: 25.<\/em><\/span><\/h3>\n<h2 style=\"text-align: center;\"><span style=\"color: #330033;\">O mundo continua invertendo tudo, colocando a vis\u00e3o material em primeiro plano, deixando o &#8220;testemunho da Verdade&#8221; em \u00faltimo plano. Desta invers\u00e3o surgem as &#8220;terapias materialistas&#8221;, que tratam o homem como se fosse mat\u00e9ria e n\u00e3o Esp\u00edrito. Unicamente a partir do &#8220;Referencial Iluminado&#8221; o nosso Corpo poder\u00e1 ser discernido em sua real natureza, que \u00e9 divina!<\/span><\/h2>\n<h2 style=\"text-align: center;\"><span style=\"color: #330033;\">Quem partir da vis\u00e3o material estar\u00e1 deixando de lado a s\u00e1bia advert\u00eancia de Jesus: <em>&#8220;Tendes olhos mas n\u00e3o vedes&#8221;.<\/em> N\u00e3o existe &#8220;corpo f\u00edsico&#8221; em parte alguma, raz\u00e3o pela qual o estudo absolutista explica que aquilo que a suposta &#8220;mente humana&#8221; capta, \u00e9 uma<em> ILUS\u00c3O!<\/em> Algo real est\u00e1 existindo, entretanto, em seu lugar, uma &#8220;imagem hipn\u00f3tica&#8221; nos \u00e9 sugerida, e, aquele que a aceitar, sem a menor contesta\u00e7\u00e3o, ficar\u00e1 por ela iludido!<\/span><\/h2>\n<h2 style=\"text-align: center;\"><span style=\"color: #330033;\">A Verdade somente \u00e9 discernida a partir do &#8220;Referencial da Luz&#8221;, que \u00e9 a &#8220;Vis\u00e3o do Universo&#8221; segundo a interpreta\u00e7\u00e3o de Deus. Visto sob este \u00e2ngulo divino, o Corpo \u00e9 perfeito sempre! Jamais adoece, jamais \u00e9 curado! Quando os textos falam em &#8220;cura metaf\u00edsica&#8221;, o sentido \u00e9 o seguinte: <strong><em>a vis\u00e3o equivocada ou iludida, que via o corpo &#8220;doente&#8221;, \u00e9 trocada pela Vis\u00e3o correta, que o discerne como permanentemente o Corpo \u00e9!<\/em><\/strong> Por isso Jesus disse: <em>&#8220;A candeia do corpo s\u00e3o os olhos; de sorte que, se os teus olhos forem bons, todo o teu corpo ter\u00e1 luz. Se, por\u00e9m, os teus olhos forem maus, o teu corpo ser\u00e1 tenebroso. Se, portanto, a luz que em ti h\u00e1 s\u00e3o trevas, qu\u00e3o grandes ser\u00e3o tais trevas!&#8221;<\/em> (Mateus 6: 22,23).<\/span><\/h2>\n<h2 style=\"text-align: center;\"><span style=\"color: #330033;\">&#8220;Olhos maus&#8221; s\u00e3o os olhos dos sentidos humanos, impossibilitados de ver a Realidade perfeita e iluminada! &#8220;Olhos bons&#8221; s\u00e3o os olhos de Deus, enxergando <em>como<\/em> os NOSSOS OLHOS ESPIRITUAIS! Nossa &#8220;unidade com Deus&#8221; nos unifica tamb\u00e9m\u00a0 em termos de Vis\u00e3o, e, \u00e9 quando deixamos de lado as impress\u00f5es ilus\u00f3rias, advindas das &#8220;cren\u00e7as coletivas&#8221;, para ficarmos firmados na Verdade de que Deus \u00e9 a Subst\u00e2ncia do nosso Corpo, e que, portanto, <em>nosso Corpo \u00e9 espiritual, iluminado, e permanentemente perfeito!<\/em><\/span><\/h2>\n<h2 style=\"text-align: center;\"><span style=\"color: #330033;\">No <em>Blog Absolutista<\/em> (Blog-absolutista.zip.net), postei o &#8220;exerc\u00edcio contemplativo&#8221; referente \u00e0 &#8220;Espiritualiza\u00e7\u00e3o do Conceito material de Corpo&#8221;, e tamb\u00e9m um estudo mais amplo sobre este assunto, porque \u00e9 fundamental que a &#8220;cren\u00e7a falsa&#8221; de que temos &#8220;corpo nascido&#8221; seja varrida de vez, para que, de fato, possamos vivenciar\u00a0 a Verdade de que &#8220;mat\u00e9ria n\u00e3o existe&#8221;, uma vez que Deus &#8211; Esp\u00edrito &#8211; \u00e9 Tudo! <\/span><\/h2>\n<h2 style=\"text-align: center;\"><span style=\"color: #330033;\">Por isso mesmo Jesus nos indagou: &#8220;N\u00e3o \u00e9 a VIDA mais do que o mantimento, e o corpo mais do que o vestido?&#8221;. Estava nos ensinando que o Poder que mant\u00e9m o Universo Espiritual infinito inclui toda atividade do &#8220;seu&#8221; Corpo! Deixe de se preocupar e de estar ansioso, e se conserve, sem esmorecer, no correto entendimento sobre o Corpo, sem permitir que &#8220;sugest\u00f5es hipn\u00f3ticas&#8221; o iludam, aparentem minar-lhe a disposi\u00e7\u00e3o, levando-o a ilusoriamente\u00a0 empregar &#8220;olhos que n\u00e3o sejam bons&#8221;.<\/span><\/h2>\n<h2 style=\"text-align: center;\"><span style=\"color: #330033;\">*<\/span><\/h2>\n","protected":false},"excerpt":{"rendered":"<p>&#8220;Nao andeis cuidadosos quanto \u00e0 vossa vida, pelo que haveis de comer ou pelo que haveis de beber; nem quanto ao vosso corpo, pelo que haveis de vestir. N\u00e3o \u00e9 a vida mais do que o mantimento, e o corpo mais do que o vestido? &#8211; Mateus 6: 25. O mundo continua invertendo tudo, colocando &hellip; <\/p>\n<p class=\"link-more\"><a href=\"https:\/\/www.fachodeluz.blog.br\/wp\/2012\/09\/08\/o-referencial-que-vislumbra-o-corpo\/\" class=\"more-link\">Leia mais<span class=\"screen-reader-text\"> &#8220;O Referencial Que Vislumbra o Corpo&#8221;<\/span><\/a><\/p>\n","protected":false},"author":2,"featured_media":0,"comment_status":"closed","ping_status":"closed","sticky":false,"template":"","format":"standard","meta":{"nf_dc_page":"","_crdt_document":"","footnotes":""},"categories":[10],"tags":[],"class_list":["post-10885","post","type-post","status-publish","format-standard","hentry","category-darcio-dezolt"],"featured_media_urls":[],"_links":{"self":[{"href":"https:\/\/www.fachodeluz.blog.br\/wp\/wp-json\/wp\/v2\/posts\/10885","targetHints":{"allow":["GET"]}}],"collection":[{"href":"https:\/\/www.fachodeluz.blog.br\/wp\/wp-json\/wp\/v2\/posts"}],"about":[{"href":"https:\/\/www.fachodeluz.blog.br\/wp\/wp-json\/wp\/v2\/types\/post"}],"author":[{"embeddable":true,"href":"https:\/\/www.fachodeluz.blog.br\/wp\/wp-json\/wp\/v2\/users\/2"}],"replies":[{"embeddable":true,"href":"https:\/\/www.fachodeluz.blog.br\/wp\/wp-json\/wp\/v2\/comments?post=10885"}],"version-history":[{"count":0,"href":"https:\/\/www.fachodeluz.blog.br\/wp\/wp-json\/wp\/v2\/posts\/10885\/revisions"}],"wp:attachment":[{"href":"https:\/\/www.fachodeluz.blog.br\/wp\/wp-json\/wp\/v2\/media?parent=10885"}],"wp:term":[{"taxonomy":"category","embeddable":true,"href":"https:\/\/www.fachodeluz.blog.br\/wp\/wp-json\/wp\/v2\/categories?post=10885"},{"taxonomy":"post_tag","embeddable":true,"href":"https:\/\/www.fachodeluz.blog.br\/wp\/wp-json\/wp\/v2\/tags?post=10885"}],"curies":[{"name":"wp","href":"https:\/\/api.w.org\/{rel}","templated":true}]}}