{"id":10924,"date":"2012-09-16T10:36:51","date_gmt":"2012-09-16T13:36:51","guid":{"rendered":"http:\/\/fachodeluz.blog.br\/wp\/?p=10924"},"modified":"2012-09-16T10:46:44","modified_gmt":"2012-09-16T13:46:44","slug":"e-foram-ter-com-ele","status":"publish","type":"post","link":"https:\/\/www.fachodeluz.blog.br\/wp\/2012\/09\/16\/e-foram-ter-com-ele\/","title":{"rendered":"&#8220;E Foram Ter Com Ele&#8230;&#8221;"},"content":{"rendered":"<p align=\"center\"><a href=\"https:\/\/i0.wp.com\/fachodeluz.blog.br\/wp\/wp-content\/uploads\/2012\/09\/qs.gif\"><img data-recalc-dims=\"1\" loading=\"lazy\" decoding=\"async\" loading=\"lazy\" class=\"aligncenter size-full wp-image-10925\" title=\"qs\" src=\"https:\/\/i0.wp.com\/fachodeluz.blog.br\/wp\/wp-content\/uploads\/2012\/09\/qs.gif?resize=450%2C365\" alt=\"\" width=\"450\" height=\"365\" srcset=\"https:\/\/i0.wp.com\/www.fachodeluz.blog.br\/wp\/wp-content\/uploads\/2012\/09\/qs.gif?w=450&amp;ssl=1 450w, https:\/\/i0.wp.com\/www.fachodeluz.blog.br\/wp\/wp-content\/uploads\/2012\/09\/qs.gif?resize=300%2C243&amp;ssl=1 300w\" sizes=\"auto, (max-width: 450px) 100vw, 450px\" \/><\/a><\/p>\n<h2 align=\"center\"><span style=\"color: #7a3000;\">A B\u00edblia relata um acontecimento natural, aos olhos humanos: Jesus estava ensinando o povo, e<em> \u201cforam ter com ele a sua m\u00e3e e seus irm\u00e3os\u201d,<\/em> quando lhe disseram: <em>\u201cEst\u00e3o l\u00e1 fora tua m\u00e3e e teus irm\u00e3os, que querem ver-te\u201d.<\/em> A multid\u00e3o impedia que eles se aproximassem de Jesus! Mas, respondendo, Jesus disse-lhes: <em>Minha m\u00e3e e meus irm\u00e3os s\u00e3o aqueles que ouvem a palavra de Deus e a executam\u201d.<\/em><\/span><\/h2>\n<h2 align=\"center\"><span style=\"color: #7a3000;\">Os sentidos humanos n\u00e3o mostram realidade nenhuma! Se h\u00e1, \u201cl\u00e1 fora\u201d, m\u00e3e e irm\u00e3os para algu\u00e9m, este \u201calgu\u00e9m\u201d desconhece que este \u201cl\u00e1 fora\u201d <strong><em>n\u00e3o existe:<\/em><\/strong> o Reino de Deus est\u00e1 DENTRO de n\u00f3s, <em>sendo<\/em> a nossa Consci\u00eancia iluminada infinita, que \u00e9 tudo e todos, sem que \u201cmultid\u00e3o alguma\u201d &#8211; <em>cren\u00e7as falsas <\/em>&#8211; esprema e impe\u00e7a que \u201calgo ou algu\u00e9m\u201d esteja j\u00e1 <strong><em>unificado<\/em><\/strong> conosco!<\/span><\/h2>\n<h2 align=\"center\"><span style=\"color: #7a3000;\">N\u00e3o h\u00e1 realidade em nada que \u201cnos venha\u201d ou que \u201cnos deixe\u201d, entre o que quer que possa ser, e que esteja supostamente sendo \u201cvisto l\u00e1 fora\u201d. As \u201cobras de Deus s\u00e3o permanentes\u201d,\u00a0 s\u00e3o completas e perfeitas em\u201dMim\u201d,\u00a0 em <em>Autoexpress\u00e3o<\/em> infinita! <strong><em>N\u00e3o existe \u201coutro mundo\u201d.<\/em><\/strong><\/span><\/h2>\n<h2 align=\"center\"><span style=\"color: #7a3000;\">Enquanto voc\u00ea estiver crendo em \u201cmundo material\u201d, se mostrando feliz, quando \u201cl\u00e1 fora\u201d algo ou algu\u00e9m lhe chegue\u201d, ou se mostrando infeliz, quando \u201calgo ou algu\u00e9m o deixe\u201d, voc\u00ea estar\u00e1 vivenciando <strong><em>a ILUS\u00c3O!<\/em><\/strong> Mas, ao meditar e contemplar a VERDADE, voc\u00ea se ver\u00e1 UM COM ELA., e entender\u00e1 plenamente a resposta de Jesus. <\/span><\/h2>\n<h2 align=\"center\"><span style=\"color: #7a3000;\">Profundo? N\u00e3o! Verdadeiro? Sim! S\u00f3 a ilus\u00f3ria <em>mente humana<\/em> se identifica com \u201ceste mundo\u201d; a sua Mente, que \u00e9 Deus,\u00a0 unicamente Se identifica com o Reino da Verdade\u201d: <em>nada mais que isto!<\/em><\/span><\/h2>\n<h2 align=\"center\"><span style=\"color: #7a3000;\"><em>*<\/em><\/span><\/h2>\n","protected":false},"excerpt":{"rendered":"<p>A B\u00edblia relata um acontecimento natural, aos olhos humanos: Jesus estava ensinando o povo, e \u201cforam ter com ele a sua m\u00e3e e seus irm\u00e3os\u201d, quando lhe disseram: \u201cEst\u00e3o l\u00e1 fora tua m\u00e3e e teus irm\u00e3os, que querem ver-te\u201d. A multid\u00e3o impedia que eles se aproximassem de Jesus! Mas, respondendo, Jesus disse-lhes: Minha m\u00e3e e &hellip; <\/p>\n<p class=\"link-more\"><a href=\"https:\/\/www.fachodeluz.blog.br\/wp\/2012\/09\/16\/e-foram-ter-com-ele\/\" class=\"more-link\">Leia mais<span class=\"screen-reader-text\"> &#8220;&#8220;E Foram Ter Com Ele&#8230;&#8221;&#8221;<\/span><\/a><\/p>\n","protected":false},"author":2,"featured_media":0,"comment_status":"closed","ping_status":"closed","sticky":false,"template":"","format":"standard","meta":{"nf_dc_page":"","_crdt_document":"","footnotes":""},"categories":[10],"tags":[],"class_list":["post-10924","post","type-post","status-publish","format-standard","hentry","category-darcio-dezolt"],"featured_media_urls":[],"_links":{"self":[{"href":"https:\/\/www.fachodeluz.blog.br\/wp\/wp-json\/wp\/v2\/posts\/10924","targetHints":{"allow":["GET"]}}],"collection":[{"href":"https:\/\/www.fachodeluz.blog.br\/wp\/wp-json\/wp\/v2\/posts"}],"about":[{"href":"https:\/\/www.fachodeluz.blog.br\/wp\/wp-json\/wp\/v2\/types\/post"}],"author":[{"embeddable":true,"href":"https:\/\/www.fachodeluz.blog.br\/wp\/wp-json\/wp\/v2\/users\/2"}],"replies":[{"embeddable":true,"href":"https:\/\/www.fachodeluz.blog.br\/wp\/wp-json\/wp\/v2\/comments?post=10924"}],"version-history":[{"count":0,"href":"https:\/\/www.fachodeluz.blog.br\/wp\/wp-json\/wp\/v2\/posts\/10924\/revisions"}],"wp:attachment":[{"href":"https:\/\/www.fachodeluz.blog.br\/wp\/wp-json\/wp\/v2\/media?parent=10924"}],"wp:term":[{"taxonomy":"category","embeddable":true,"href":"https:\/\/www.fachodeluz.blog.br\/wp\/wp-json\/wp\/v2\/categories?post=10924"},{"taxonomy":"post_tag","embeddable":true,"href":"https:\/\/www.fachodeluz.blog.br\/wp\/wp-json\/wp\/v2\/tags?post=10924"}],"curies":[{"name":"wp","href":"https:\/\/api.w.org\/{rel}","templated":true}]}}