{"id":11008,"date":"2012-10-05T11:39:49","date_gmt":"2012-10-05T14:39:49","guid":{"rendered":"http:\/\/fachodeluz.blog.br\/wp\/?p=11008"},"modified":"2012-10-05T11:43:20","modified_gmt":"2012-10-05T14:43:20","slug":"11008","status":"publish","type":"post","link":"https:\/\/www.fachodeluz.blog.br\/wp\/2012\/10\/05\/11008\/","title":{"rendered":"Somente Deus est\u00e1 Onde voc\u00ea est\u00e1"},"content":{"rendered":"<p>&nbsp;<\/p>\n<p style=\"text-align: center;\"><span style=\"color: #808000;\"><strong><a href=\"https:\/\/i0.wp.com\/fachodeluz.blog.br\/wp\/wp-content\/uploads\/2012\/10\/sd11.gif\"><img data-recalc-dims=\"1\" loading=\"lazy\" decoding=\"async\" loading=\"lazy\" class=\"aligncenter size-full wp-image-11010\" title=\"sd1\" src=\"https:\/\/i0.wp.com\/fachodeluz.blog.br\/wp\/wp-content\/uploads\/2012\/10\/sd11.gif?resize=450%2C337\" alt=\"\" width=\"450\" height=\"337\" srcset=\"https:\/\/i0.wp.com\/www.fachodeluz.blog.br\/wp\/wp-content\/uploads\/2012\/10\/sd11.gif?w=450&amp;ssl=1 450w, https:\/\/i0.wp.com\/www.fachodeluz.blog.br\/wp\/wp-content\/uploads\/2012\/10\/sd11.gif?resize=300%2C224&amp;ssl=1 300w\" sizes=\"auto, (max-width: 450px) 100vw, 450px\" \/><\/a><\/strong><\/span><\/p>\n<h2 align=\"center\"><span style=\"color: #808000;\">A percep\u00e7\u00e3o da Onipresen\u00e7a \u00e9 o discernimento absoluto da Verdade. Qualquer aceita\u00e7\u00e3o referente a outra presen\u00e7a, ao lado da presen\u00e7a divina, \u00e9 \u201cnada\u201d, uma ilus\u00e3o dos supostos sentidos humanos. Na maioria das vezes, as pessoas se contentam com ensinamentos mentalistas, que pregam o poder mental humano na manuten\u00e7\u00e3o do \u201ccorpo saud\u00e1vel\u201d por meio de pensamentos corretos e positivos. Estes enfoques admitem um \u201ccorpo mut\u00e1vel\u201d sendo o nosso, e, portanto, apesar de \u00fateis no patamar em que atuam, que \u00e9 o patamar das \u201ccren\u00e7as\u201d no bem e no mal, n\u00e3o revelam a real natureza de nosso \u201cCorpo\u201d, que \u00e9 Deus manifesto na Forma \u201cCorpo\u201d. Este, sim, \u00e9 o \u201cTemplo de Deus\u201d citado nas Escrituras.<\/span><\/h2>\n<h2 align=\"center\"><span style=\"color: #808000;\">O Universo \u00e9 a Onipresen\u00e7a de Deus em Autoexpress\u00e3o infinita, perfeita e permanente! Contemplar esta Presen\u00e7a de Deus constituindo o Universo inteiro \u00e9 o objetivo da \u201cPr\u00e1tica do Sil\u00eancio\u201d. Nada h\u00e1 al\u00e9m de Deus que tenha Realidade! Portanto, al\u00e9m de contemplarmos a Presen\u00e7a de Deus sendo a \u201cnossa\u201d Presen\u00e7a, onde n\u00f3s estivermos, precisamos tamb\u00e9m especificar e contemplar que \u201csomente Deus\u201d est\u00e1 sendo o Ser que somos! \u201cContemplar\u201d significa discernir pelo cora\u00e7\u00e3o, sem lidar com o intelecto! \u201cOs puros de cora\u00e7\u00e3o ver\u00e3o a Deus\u201d, pois O estar\u00e3o discernindo como o pr\u00f3prio Deus! Se Deus, somente, \u00e9 Realidade, unicamente Deus existe para estar Se discernindo como nossa Identidade espec\u00edfica!<\/span><\/h2>\n<h2 align=\"center\"><span style=\"color: #808000;\">Dedique-se, portanto, \u00e0 \u201cPr\u00e1tica da Presen\u00e7a de Deus\u201d diretamente no Absoluto! Voc\u00ea \u00e9 um Ser Absoluto e n\u00e3o qualquer \u201coutro\u201d, ilusoriamente reconhecido pela suposta mente humana! Livre-se radicalmente da \u201ccren\u00e7a em humanidade\u201d, e, j\u00e1 se vendo no Absoluto, intuitivamente identifique-se com a Verdade Absoluta: DEUS \u00c9 TUDO! Somente Deus vive, aqui e agora, como o \u201cEu\u201d que EU SOU!<\/span><\/h2>\n","protected":false},"excerpt":{"rendered":"<p>&nbsp; A percep\u00e7\u00e3o da Onipresen\u00e7a \u00e9 o discernimento absoluto da Verdade. Qualquer aceita\u00e7\u00e3o referente a outra presen\u00e7a, ao lado da presen\u00e7a divina, \u00e9 \u201cnada\u201d, uma ilus\u00e3o dos supostos sentidos humanos. Na maioria das vezes, as pessoas se contentam com ensinamentos mentalistas, que pregam o poder mental humano na manuten\u00e7\u00e3o do \u201ccorpo saud\u00e1vel\u201d por meio de &hellip; <\/p>\n<p class=\"link-more\"><a href=\"https:\/\/www.fachodeluz.blog.br\/wp\/2012\/10\/05\/11008\/\" class=\"more-link\">Leia mais<span class=\"screen-reader-text\"> &#8220;Somente Deus est\u00e1 Onde voc\u00ea est\u00e1&#8221;<\/span><\/a><\/p>\n","protected":false},"author":2,"featured_media":0,"comment_status":"closed","ping_status":"closed","sticky":false,"template":"","format":"standard","meta":{"nf_dc_page":"","_crdt_document":"","footnotes":""},"categories":[10],"tags":[],"class_list":["post-11008","post","type-post","status-publish","format-standard","hentry","category-darcio-dezolt"],"featured_media_urls":[],"_links":{"self":[{"href":"https:\/\/www.fachodeluz.blog.br\/wp\/wp-json\/wp\/v2\/posts\/11008","targetHints":{"allow":["GET"]}}],"collection":[{"href":"https:\/\/www.fachodeluz.blog.br\/wp\/wp-json\/wp\/v2\/posts"}],"about":[{"href":"https:\/\/www.fachodeluz.blog.br\/wp\/wp-json\/wp\/v2\/types\/post"}],"author":[{"embeddable":true,"href":"https:\/\/www.fachodeluz.blog.br\/wp\/wp-json\/wp\/v2\/users\/2"}],"replies":[{"embeddable":true,"href":"https:\/\/www.fachodeluz.blog.br\/wp\/wp-json\/wp\/v2\/comments?post=11008"}],"version-history":[{"count":0,"href":"https:\/\/www.fachodeluz.blog.br\/wp\/wp-json\/wp\/v2\/posts\/11008\/revisions"}],"wp:attachment":[{"href":"https:\/\/www.fachodeluz.blog.br\/wp\/wp-json\/wp\/v2\/media?parent=11008"}],"wp:term":[{"taxonomy":"category","embeddable":true,"href":"https:\/\/www.fachodeluz.blog.br\/wp\/wp-json\/wp\/v2\/categories?post=11008"},{"taxonomy":"post_tag","embeddable":true,"href":"https:\/\/www.fachodeluz.blog.br\/wp\/wp-json\/wp\/v2\/tags?post=11008"}],"curies":[{"name":"wp","href":"https:\/\/api.w.org\/{rel}","templated":true}]}}