{"id":1116,"date":"2009-02-05T15:40:42","date_gmt":"2009-02-05T15:40:42","guid":{"rendered":"http:\/\/fachodeluz.hostmach.com.br\/wp\/?p=1116"},"modified":"2009-02-05T15:40:42","modified_gmt":"2009-02-05T15:40:42","slug":"tempo-para-meditar","status":"publish","type":"post","link":"https:\/\/www.fachodeluz.blog.br\/wp\/2009\/02\/05\/tempo-para-meditar\/","title":{"rendered":"TEMPO PARA MEDITAR"},"content":{"rendered":"<p><strong>D\u00e1rcio<\/strong><\/p>\n<p><strong>H\u00e1 pessoas que saem pela manh\u00e3 sem meditar, dizendo que est\u00e3o atrasadas, que t\u00eam compromissos, etc. N\u00e3o pode haver descuido mais reprov\u00e1vel do que este! A medita\u00e7\u00e3o \u00e9 o meio de discernirmos nossa UNIDADE COM DEUS; sair sem esta percep\u00e7\u00e3o equivale a deixar o dia ao mero colorido do acaso, onde as coisas jamais se desenrolar\u00e3o com a mesma facilidade e harmonia com que o fariam, se antes fosse buscada esta sintonia com a Perfei\u00e7\u00e3o. <\/strong><\/p>\n<p><strong>Sair preocupado, tenso, apressado,\u00a0 far\u00e1 da mente um \u00edm\u00e3 de atra\u00e7\u00e3o de pessoas e fatos semelhantes! Jamais se descuide de sua percep\u00e7\u00e3o consciente de estar UNO COM DEUS! Mesmo que esteja atrasado, atrase-se mais um pouco para reconhecer que no REINO DA VERDADE tudo est\u00e1 em divina ordem! Estes per\u00edodos meditativos colocar\u00e3o as coisas da &#8220;apar\u00eancia&#8221; nos eixos!<\/strong><\/p>\n<p><strong>DEUS \u00c9 TUDO! SOMOS UM COM DEUS! Ache tempo para perceber esta Verdade! <\/strong><\/p>\n","protected":false},"excerpt":{"rendered":"<p>D\u00e1rcio H\u00e1 pessoas que saem pela manh\u00e3 sem meditar, dizendo que est\u00e3o atrasadas, que t\u00eam compromissos, etc. N\u00e3o pode haver descuido mais reprov\u00e1vel do que este! A medita\u00e7\u00e3o \u00e9 o meio de discernirmos nossa UNIDADE COM DEUS; sair sem esta percep\u00e7\u00e3o equivale a deixar o dia ao mero colorido do acaso, onde as coisas jamais &hellip; <\/p>\n<p class=\"link-more\"><a href=\"https:\/\/www.fachodeluz.blog.br\/wp\/2009\/02\/05\/tempo-para-meditar\/\" class=\"more-link\">Leia mais<span class=\"screen-reader-text\"> &#8220;TEMPO PARA MEDITAR&#8221;<\/span><\/a><\/p>\n","protected":false},"author":2,"featured_media":0,"comment_status":"open","ping_status":"open","sticky":false,"template":"","format":"standard","meta":{"nf_dc_page":"","_crdt_document":"","footnotes":""},"categories":[10],"tags":[],"class_list":["post-1116","post","type-post","status-publish","format-standard","hentry","category-darcio-dezolt"],"featured_media_urls":[],"_links":{"self":[{"href":"https:\/\/www.fachodeluz.blog.br\/wp\/wp-json\/wp\/v2\/posts\/1116","targetHints":{"allow":["GET"]}}],"collection":[{"href":"https:\/\/www.fachodeluz.blog.br\/wp\/wp-json\/wp\/v2\/posts"}],"about":[{"href":"https:\/\/www.fachodeluz.blog.br\/wp\/wp-json\/wp\/v2\/types\/post"}],"author":[{"embeddable":true,"href":"https:\/\/www.fachodeluz.blog.br\/wp\/wp-json\/wp\/v2\/users\/2"}],"replies":[{"embeddable":true,"href":"https:\/\/www.fachodeluz.blog.br\/wp\/wp-json\/wp\/v2\/comments?post=1116"}],"version-history":[{"count":0,"href":"https:\/\/www.fachodeluz.blog.br\/wp\/wp-json\/wp\/v2\/posts\/1116\/revisions"}],"wp:attachment":[{"href":"https:\/\/www.fachodeluz.blog.br\/wp\/wp-json\/wp\/v2\/media?parent=1116"}],"wp:term":[{"taxonomy":"category","embeddable":true,"href":"https:\/\/www.fachodeluz.blog.br\/wp\/wp-json\/wp\/v2\/categories?post=1116"},{"taxonomy":"post_tag","embeddable":true,"href":"https:\/\/www.fachodeluz.blog.br\/wp\/wp-json\/wp\/v2\/tags?post=1116"}],"curies":[{"name":"wp","href":"https:\/\/api.w.org\/{rel}","templated":true}]}}