{"id":11183,"date":"2012-11-01T10:47:45","date_gmt":"2012-11-01T12:47:45","guid":{"rendered":"http:\/\/fachodeluz.blog.br\/wp\/?p=11183"},"modified":"2012-11-01T12:09:11","modified_gmt":"2012-11-01T14:09:11","slug":"ninguem-e-bom-senao-um-so","status":"publish","type":"post","link":"https:\/\/www.fachodeluz.blog.br\/wp\/2012\/11\/01\/ninguem-e-bom-senao-um-so\/","title":{"rendered":"&#8220;Ningu\u00e9m \u00c9 Bom Sen\u00e3o Um S\u00f3&#8221;"},"content":{"rendered":"<h2 style=\"text-align: center;\"><a href=\"https:\/\/i0.wp.com\/fachodeluz.blog.br\/wp\/wp-content\/uploads\/2012\/11\/sh1A.gif\"><img data-recalc-dims=\"1\" loading=\"lazy\" decoding=\"async\" loading=\"lazy\" class=\"aligncenter size-full wp-image-11184\" title=\"sh1A\" src=\"https:\/\/i0.wp.com\/fachodeluz.blog.br\/wp\/wp-content\/uploads\/2012\/11\/sh1A.gif?resize=450%2C617\" alt=\"\" width=\"450\" height=\"617\" srcset=\"https:\/\/i0.wp.com\/www.fachodeluz.blog.br\/wp\/wp-content\/uploads\/2012\/11\/sh1A.gif?w=450&amp;ssl=1 450w, https:\/\/i0.wp.com\/www.fachodeluz.blog.br\/wp\/wp-content\/uploads\/2012\/11\/sh1A.gif?resize=218%2C300&amp;ssl=1 218w\" sizes=\"auto, (max-width: 450px) 100vw, 450px\" \/><\/a><\/h2>\n<h3 style=\"text-align: center;\"><span style=\"color: #3d3d5b;\"><strong>Respondeu Jesus: <em>\u201cPor que me chamas bom? Ningu\u00e9m \u00e9 bom sen\u00e3o um s\u00f3, que \u00e9 Deus\u201d <\/em>(Marcos 10: 17).<\/strong><\/span><\/h3>\n<h2 style=\"text-align: center;\"><\/h2>\n<h2 style=\"text-align: center;\"><span style=\"color: #3d3d5b;\">Das religi\u00f5es tradicionais vieram as louva\u00e7\u00f5es a Deus como Ser onipotente e onipresente, <em>mas<\/em> que nos pode \u201cproteger\u201d dos inimigos, do diabo, dos males, enfim, das \u201coutras presen\u00e7as\u201d. Dos ensinamentos relativos vieram as coloca\u00e7\u00f5es de que \u201cDeus \u00e9 Tudo\u201d,\u00a0 que, em vista disso, todas as demais coisas, pessoas ou situa\u00e7\u00f5es que se mostrem imperfeitas s\u00e3o uma ILUS\u00c3O, <em>mas<\/em> que precisamos &#8220;usar a Verdade&#8221; para destruir\u00a0 ILUS\u00c3O.<\/span><\/h2>\n<h2 style=\"text-align: center;\"><span style=\"color: #3d3d5b;\">Na realidade, \u00a0DEUS \u00c9 TUDO! Assim, \u00a0n\u00e3o podemos avaliar nada em fun\u00e7\u00e3o do que puras \u00a0IMAGENS ILUS\u00d3RIAS nos apresentem! Sejam elas ruins, p\u00e9ssimas ou melhorando!<strong><em> Tire delas toda import\u00e2ncia!<\/em><\/strong> Se um andarilho, perdido e alucinado no deserto, ficasse orando para que \u201co lago da miragem\u201d lhe \u00a0ficasse mais pr\u00f3ximo, com \u00e1gua pot\u00e1vel e bem \u00e0 sua disposi\u00e7\u00e3o, quem poderia achar natural esta atitude dele? Ali somente existiria areia!<\/span><\/h2>\n<h2 style=\"text-align: center;\"><span style=\"color: #3d3d5b;\">Quando algu\u00e9m fala em \u201cconstruir para\u00edso terrestre\u201d, em \u201ctrabalhar pela ilumina\u00e7\u00e3o da humanidade, em \u201cdemonstrar a Verdade\u201d, etc., se o real significado destas coloca\u00e7\u00f5es n\u00e3o lhe estiver bem definido, ele estar\u00e1 unicamente lidando com \u201cmiragens\u201d, exatamente como aquele andarilho alucinado! <\/span><\/h2>\n<h2 style=\"text-align: center;\"><span style=\"color: #3d3d5b;\">Qual seria a atitude correta?\u00a0 <em>DISCERNIR QUE A ALUCINA\u00c7\u00c3O \u00c9 ALUCINA\u00c7\u00c3O! DISCERNIR QUE A MIRAGEM \u00c9 MIRAGEM! DISCERNIR QUE O FATO PRESENTE \u00c9 SUA PRESEN\u00c7A NO DESERTO, SEM LAGO ALGUM! E SEM ALUCINA\u00c7\u00c3O ALGUMA! E SEM ALUCINADO ALGUM!<\/em><\/span><\/h2>\n<h2 style=\"text-align: center;\"><span style=\"color: #3d3d5b;\">Enquanto a ILUS\u00c3O receber aten\u00e7\u00e3o, enquanto lhe for atribu\u00eddo valor ou import\u00e2ncia, enquanto for vista como \u201calgo\u201d, e n\u00e3o como \u201cnada\u201d, a pessoa estar\u00e1 somente se enganando e deixando de DISCERNIR \u00a0a Verdade j\u00e1 presente, que\u00a0 \u00e9 plena de LUZ, PERFEI\u00c7\u00c3O E PERMAN\u00caNCIA!<\/span><\/h2>\n<h2 style=\"text-align: center;\"><span style=\"color: #3d3d5b;\">Quando Jesus foi chamado de \u201cBom Mestre\u201d, corrigiu a quem assim \u00a0lhe dirigia, dizendo: <em>\u201cPor que me chamas bom? Ningu\u00e9m \u00e9 bom sen\u00e3o um s\u00f3, que \u00e9 Deus!\u201d<\/em> Que estava, de fato, revelando? <strong><em>Que a \u201cpresen\u00e7a humana\u201d de \u201cBom Mestre\u201d faz parte da MIRAGEM!<\/em><\/strong> Que a \u201cbondade\u201d \u00e9 Onipresente\u201d, porque <em>DEUS \u00c9 TUDO!<\/em> Que a \u201cbondade\u201d \u00e9 presen\u00e7a, tanto nele quanto naquele que o enaltecia! <em>MAS JAMAIS PRESENTE NUMA ILUS\u00c3O!<\/em><\/span><\/h2>\n<h2 style=\"text-align: center;\"><span style=\"color: #3d3d5b;\">Esta \u00e9 a vis\u00e3o absoluta! A vis\u00e3o a que chamamos de <em>Onivis\u00e3o:<\/em> DEUS SE CONTEMPLANDO <em>COMO<\/em> TUDO! Sem \u201cinimigos\u201d, sem \u201cilus\u00e3o\u201d para ser destru\u00edda, sem \u201ccuras para serem feitas\u201d, sem \u201c\u2018ALGU\u00c9M\u201d, AO SEU LADO, PARA \u00a0\u201cCONSCIENTIZAR\u201d \u00a0A VERDADE!<\/span><\/h2>\n<h2 style=\"text-align: center;\"><span style=\"color: #3d3d5b;\"><em>Bom s\u00f3 h\u00e1 UM \u2013 que \u00e9 DEUS!<\/em> Assim disse Jesus! E isto foi dito para que VOC\u00ca se SINTA enquadrado no que DEUS<em> \u00c9,<\/em> porque \u00e9 NESTE <em>UM<\/em> \u2013 SEM ILUS\u00c3O &#8211; que <em>VOC\u00ca VIVE, SE MOVIMENTA E TEM O SEU SER!<\/em><\/span><\/h2>\n<h2 style=\"text-align: center;\"><span style=\"color: #3d3d5b;\">*<\/span><\/h2>\n","protected":false},"excerpt":{"rendered":"<p>Respondeu Jesus: \u201cPor que me chamas bom? Ningu\u00e9m \u00e9 bom sen\u00e3o um s\u00f3, que \u00e9 Deus\u201d (Marcos 10: 17). Das religi\u00f5es tradicionais vieram as louva\u00e7\u00f5es a Deus como Ser onipotente e onipresente, mas que nos pode \u201cproteger\u201d dos inimigos, do diabo, dos males, enfim, das \u201coutras presen\u00e7as\u201d. Dos ensinamentos relativos vieram as coloca\u00e7\u00f5es de que &hellip; <\/p>\n<p class=\"link-more\"><a href=\"https:\/\/www.fachodeluz.blog.br\/wp\/2012\/11\/01\/ninguem-e-bom-senao-um-so\/\" class=\"more-link\">Leia mais<span class=\"screen-reader-text\"> &#8220;&#8220;Ningu\u00e9m \u00c9 Bom Sen\u00e3o Um S\u00f3&#8221;&#8221;<\/span><\/a><\/p>\n","protected":false},"author":2,"featured_media":0,"comment_status":"closed","ping_status":"closed","sticky":false,"template":"","format":"standard","meta":{"nf_dc_page":"","_crdt_document":"","footnotes":""},"categories":[10],"tags":[],"class_list":["post-11183","post","type-post","status-publish","format-standard","hentry","category-darcio-dezolt"],"featured_media_urls":[],"_links":{"self":[{"href":"https:\/\/www.fachodeluz.blog.br\/wp\/wp-json\/wp\/v2\/posts\/11183","targetHints":{"allow":["GET"]}}],"collection":[{"href":"https:\/\/www.fachodeluz.blog.br\/wp\/wp-json\/wp\/v2\/posts"}],"about":[{"href":"https:\/\/www.fachodeluz.blog.br\/wp\/wp-json\/wp\/v2\/types\/post"}],"author":[{"embeddable":true,"href":"https:\/\/www.fachodeluz.blog.br\/wp\/wp-json\/wp\/v2\/users\/2"}],"replies":[{"embeddable":true,"href":"https:\/\/www.fachodeluz.blog.br\/wp\/wp-json\/wp\/v2\/comments?post=11183"}],"version-history":[{"count":0,"href":"https:\/\/www.fachodeluz.blog.br\/wp\/wp-json\/wp\/v2\/posts\/11183\/revisions"}],"wp:attachment":[{"href":"https:\/\/www.fachodeluz.blog.br\/wp\/wp-json\/wp\/v2\/media?parent=11183"}],"wp:term":[{"taxonomy":"category","embeddable":true,"href":"https:\/\/www.fachodeluz.blog.br\/wp\/wp-json\/wp\/v2\/categories?post=11183"},{"taxonomy":"post_tag","embeddable":true,"href":"https:\/\/www.fachodeluz.blog.br\/wp\/wp-json\/wp\/v2\/tags?post=11183"}],"curies":[{"name":"wp","href":"https:\/\/api.w.org\/{rel}","templated":true}]}}