{"id":11214,"date":"2012-11-05T09:39:04","date_gmt":"2012-11-05T11:39:04","guid":{"rendered":"http:\/\/fachodeluz.blog.br\/wp\/?p=11214"},"modified":"2012-11-05T09:45:40","modified_gmt":"2012-11-05T11:45:40","slug":"voce-e-por-onde-o-infinito-se-expressa","status":"publish","type":"post","link":"https:\/\/www.fachodeluz.blog.br\/wp\/2012\/11\/05\/voce-e-por-onde-o-infinito-se-expressa\/","title":{"rendered":"Voc\u00ea \u00c9 Por Onde O Infinito Se Expressa!"},"content":{"rendered":"<h3 style=\"text-align: center;\"><a href=\"https:\/\/i0.wp.com\/fachodeluz.blog.br\/wp\/wp-content\/uploads\/2012\/11\/260.gif\"><img data-recalc-dims=\"1\" loading=\"lazy\" decoding=\"async\" loading=\"lazy\" class=\"aligncenter size-full wp-image-11215\" title=\"260\" src=\"https:\/\/i0.wp.com\/fachodeluz.blog.br\/wp\/wp-content\/uploads\/2012\/11\/260.gif?resize=450%2C281\" alt=\"\" width=\"450\" height=\"281\" srcset=\"https:\/\/i0.wp.com\/www.fachodeluz.blog.br\/wp\/wp-content\/uploads\/2012\/11\/260.gif?w=450&amp;ssl=1 450w, https:\/\/i0.wp.com\/www.fachodeluz.blog.br\/wp\/wp-content\/uploads\/2012\/11\/260.gif?resize=300%2C187&amp;ssl=1 300w\" sizes=\"auto, (max-width: 450px) 100vw, 450px\" \/><\/a><\/h3>\n<h3 style=\"text-align: center;\"><span style=\"color: #470047;\"><em>&#8220;N\u00e3o mintais uns aos outros, uma vez que vos despistes do velho homem com os seus feitos e vos revestistes do novo homem que se refaz para o pleno conhecimento, segundo a imagem daquele que o criou&#8221;.<\/em><\/span><\/h3>\n<h3 style=\"text-align: center;\"><span style=\"color: #470047;\"> Colossenses 3:9\u201410.<\/span><\/h3>\n<h2 style=\"text-align: center;\"><span style=\"color: #470047;\">Se algu\u00e9m se julgar \u201cdeste mundo\u201d, acreditando, por exemplo, que expressa o dom de ser um m\u00e9dico, um professor, um advogado, ou qualquer outro tipo de ocupa\u00e7\u00e3o, estar\u00e1 unicamente sendo cego! Cego na cegueira da mente humana, que nada v\u00ea do que \u00e9 Realidade! A B\u00edblia, quando fala em renascimento, considera que voc\u00ea \u201cse despiu do velho homem e de seus feitos\u201d, para \u00a0ver-se sendo o \u00a0Cristo!\u00a0 Se, para voc\u00ea, os seus \u201cfeitos\u201d continuam sendo os vistos pelos\u00a0 supostos seres humanos, restritos ao que a cegueira humana capta de suas atividades, voc\u00ea \u201cmente para voc\u00ea mesmo\u201d, segundo as palavras de Paulo.<\/span><\/h2>\n<h2 style=\"text-align: center;\"><span style=\"color: #470047;\">Que significa \u201cse despir do velho homem e seus feitos\u201d? Significa voc\u00ea com a Verdade conhecida! Significa VOCE SABER que VOC\u00ca \u00c9 POR ONDE O INFINITO SE EXPRESSA! De que adianta voc\u00ea ler e concordar que DEUS \u00c9 TUDO, e sair pela vida se achando um \u201cpintor\u201d, um \u201cpolicial\u201d, um \u201cm\u00e9dico\u201d ou um outro profissional qualquer?\u00a0 <em>\u201cAh, mas Deus Se expressa como meu dom de ser m\u00e9dico!\u201d<\/em>\u00a0 E, \u00e9 com esse tipo de frase \u201cl\u00f3gica\u201d que a ILUS\u00c3O prevalece!<\/span><\/h2>\n<h2 style=\"text-align: center;\"><span style=\"color: #470047;\">O que Deus faz COMO seu Eu individual \u00e9 permanente! E o que Ele faz \u00e9 ser DEUS como VOC\u00ca! Voc\u00ea era m\u00e9dico h\u00e1 cem anos? N\u00e3o? Ent\u00e3o hoje tamb\u00e9m voc\u00ea n\u00e3o \u00e9, mesmo que tenho registro no CRM. Voc\u00ea era qu\u00edmico h\u00e1 cem anos? N\u00e3o? Ent\u00e3o, mesmo que tenha registro no CRQ, hoje tamb\u00e9m voc\u00ea n\u00e3o \u00e9! Voc\u00ea era o CRISTO h\u00e1 cem anos? SIM! Ent\u00e3o, hoje VOC\u00ca \u00c9 O CRISTO! Porque ter\u00e1 se despido do \u201cvelho homem e seus feitos\u201d. Em outras palavras, porque se desfez a ILUS\u00c3O de que \u201cvida terrena existe\u201d.<\/span><\/h2>\n<h2 style=\"text-align: center;\"><span style=\"color: #470047;\">Mesmo que aos sentidos do mundo voc\u00ea esteja sendo \u201cvisto\u201d como \u201cprofissional\u201d de alguma \u00e1rea, jamais creia que esta \u00a0ILUS\u00d3RIA express\u00e3o humana, temporal e finita seja \u201cvoc\u00ea se expressando\u201d. Lembre-se: VOC\u00ca \u00c9 POR ONDE O INFINITO SE EXPRESSA! N\u00e3o h\u00e1 \u201colhos\u201d, deste ILUS\u00d3RIO MUNDO MATERIAL, capazes de VER VOC\u00ca EM ATIVIDADE! VEJA-SE, PORTANTO, VOC\u00ca MESMO! E COM O <em>\u201cOLHO SIMPLES\u201d!<\/em> CONTEMPLE, AQUI E AGORA, \u00a0<em><strong>TODA<\/strong> A ATIVIDADE DE DEUS SE EXPRESSANDO COMO VOC\u00ca!\u00a0 <\/em><\/span><\/h2>\n<h2 style=\"text-align: center;\"><span style=\"color: #470047;\">*<\/span><\/h2>\n","protected":false},"excerpt":{"rendered":"<p>&#8220;N\u00e3o mintais uns aos outros, uma vez que vos despistes do velho homem com os seus feitos e vos revestistes do novo homem que se refaz para o pleno conhecimento, segundo a imagem daquele que o criou&#8221;. Colossenses 3:9\u201410. Se algu\u00e9m se julgar \u201cdeste mundo\u201d, acreditando, por exemplo, que expressa o dom de ser um &hellip; <\/p>\n<p class=\"link-more\"><a href=\"https:\/\/www.fachodeluz.blog.br\/wp\/2012\/11\/05\/voce-e-por-onde-o-infinito-se-expressa\/\" class=\"more-link\">Leia mais<span class=\"screen-reader-text\"> &#8220;Voc\u00ea \u00c9 Por Onde O Infinito Se Expressa!&#8221;<\/span><\/a><\/p>\n","protected":false},"author":2,"featured_media":0,"comment_status":"closed","ping_status":"closed","sticky":false,"template":"","format":"standard","meta":{"nf_dc_page":"","_crdt_document":"","footnotes":""},"categories":[10],"tags":[],"class_list":["post-11214","post","type-post","status-publish","format-standard","hentry","category-darcio-dezolt"],"featured_media_urls":[],"_links":{"self":[{"href":"https:\/\/www.fachodeluz.blog.br\/wp\/wp-json\/wp\/v2\/posts\/11214","targetHints":{"allow":["GET"]}}],"collection":[{"href":"https:\/\/www.fachodeluz.blog.br\/wp\/wp-json\/wp\/v2\/posts"}],"about":[{"href":"https:\/\/www.fachodeluz.blog.br\/wp\/wp-json\/wp\/v2\/types\/post"}],"author":[{"embeddable":true,"href":"https:\/\/www.fachodeluz.blog.br\/wp\/wp-json\/wp\/v2\/users\/2"}],"replies":[{"embeddable":true,"href":"https:\/\/www.fachodeluz.blog.br\/wp\/wp-json\/wp\/v2\/comments?post=11214"}],"version-history":[{"count":0,"href":"https:\/\/www.fachodeluz.blog.br\/wp\/wp-json\/wp\/v2\/posts\/11214\/revisions"}],"wp:attachment":[{"href":"https:\/\/www.fachodeluz.blog.br\/wp\/wp-json\/wp\/v2\/media?parent=11214"}],"wp:term":[{"taxonomy":"category","embeddable":true,"href":"https:\/\/www.fachodeluz.blog.br\/wp\/wp-json\/wp\/v2\/categories?post=11214"},{"taxonomy":"post_tag","embeddable":true,"href":"https:\/\/www.fachodeluz.blog.br\/wp\/wp-json\/wp\/v2\/tags?post=11214"}],"curies":[{"name":"wp","href":"https:\/\/api.w.org\/{rel}","templated":true}]}}