{"id":11370,"date":"2012-11-27T08:37:17","date_gmt":"2012-11-27T10:37:17","guid":{"rendered":"http:\/\/fachodeluz.blog.br\/wp\/?p=11370"},"modified":"2012-11-27T08:37:17","modified_gmt":"2012-11-27T10:37:17","slug":"a-negacao-que-revela-a-gloria","status":"publish","type":"post","link":"https:\/\/www.fachodeluz.blog.br\/wp\/2012\/11\/27\/a-negacao-que-revela-a-gloria\/","title":{"rendered":"A NEGA\u00c7\u00c3O QUE REVELA A GL\u00d3RIA!"},"content":{"rendered":"<p align=\"center\"><a href=\"https:\/\/i0.wp.com\/fachodeluz.blog.br\/wp\/wp-content\/uploads\/2012\/11\/GD.gif\"><img data-recalc-dims=\"1\" loading=\"lazy\" decoding=\"async\" loading=\"lazy\" class=\"aligncenter size-full wp-image-11371\" title=\"GD\" src=\"https:\/\/i0.wp.com\/fachodeluz.blog.br\/wp\/wp-content\/uploads\/2012\/11\/GD.gif?resize=450%2C338\" alt=\"\" width=\"450\" height=\"338\" srcset=\"https:\/\/i0.wp.com\/www.fachodeluz.blog.br\/wp\/wp-content\/uploads\/2012\/11\/GD.gif?w=450&amp;ssl=1 450w, https:\/\/i0.wp.com\/www.fachodeluz.blog.br\/wp\/wp-content\/uploads\/2012\/11\/GD.gif?resize=300%2C225&amp;ssl=1 300w\" sizes=\"auto, (max-width: 450px) 100vw, 450px\" \/><\/a><\/p>\n<h2 align=\"center\"><span style=\"color: #666600;\">Jesus, negando a si mesmo como Jesus, disse: <em>\u201cEu, de mim mesmo, nada fa\u00e7o; o Pai em MIM faz as obras&#8217;.<\/em> Desse modo, livre da \u201ccren\u00e7a em mais de um\u201d, se viu<em> sendo<\/em> o\u00a0 TODO. E ent\u00e3o, nesta \u201cvis\u00e3o\u201d do TODO, necessariamente teve de admitir \u201cfazer parte DELE\u201d, e, por sua vez, admitir SER ELE! <em>\u201cAquele que me v\u00ea a MIM, v\u00ea O PAI\u201d.<\/em><\/span><\/h2>\n<h2 align=\"center\"><span style=\"color: #666600;\">O ap\u00f3stolo Paulo, seguidor do mesmo princ\u00edpio cr\u00edstico, e negando a si mesmo como Paulo, disse: <em>\u201cN\u00e3o sou mais eu quem vive, Cristo vive em MIM\u201d.<\/em> O &#8220;despertar espiritual&#8221; \u00e9, na verdade, esta \u201cnega\u00e7\u00e3o material\u201d. Nada h\u00e1 para acontecer com o \u201cCristo que somos\u201d; mas h\u00e1, para <em>aparentar<\/em> ocorrer, o sumi\u00e7o do ilus\u00f3rio \u201ceu ao lado de MIM\u201d, tenha este \u201ceu\u201d o nome de Jesus, de Paulo, de Jo\u00e3o, de Maria, de Pedro, ou outro qualquer! Cada suposta \u201cpresen\u00e7a temporal\u201d\u00a0 n\u00e3o passa de \u201csombra\u201d sem subst\u00e2ncia alguma, enquanto de fato, em \u201cseu lugar\u201d, <em>o Absoluto permanece sendo,<\/em> evidenciado <em>como<\/em> TUDO, e, portanto, <em>como<\/em> o CRISTO em TODOS!<\/span><\/h2>\n<h2 align=\"center\"><span style=\"color: #666600;\">Certa vez, conversando com algu\u00e9m que estudou, por seus caminhos, explica\u00e7\u00f5es sobre a vida, a exist\u00eancia e a Verdade, eu lhe disse: <em>\u201cA mim, s\u00f3 interessa a Verdade Absoluta\u201d.<\/em> Ele respondeu-me: <em>\u201cN\u00e3o existe nada absoluto; tudo \u00e9 relativo!\u201d<\/em>\u00a0 Como um raio, saltou-me \u00e0 percep\u00e7\u00e3o a pergunta que fiz a ele: <em>\u201cTudo \u00e9 relativo A QU\u00ca?\u201d<\/em>\u00a0 E ele emudeceu! Por partirem de um ilus\u00f3rio referencial, sentem as pessoas dificuldade em vivenciar a Verdade que j\u00e1 s\u00e3o!<\/span><\/h2>\n<h2 align=\"center\"><span style=\"color: #666600;\">Quando repetidamente os textos dizem que devemos partir do \u201cReferencial Iluminado\u201d, e jamais dos \u201crelativos\u201d, todos fugazes e ilus\u00f3rios, o suposto \u201coutro eu\u201d se rebela! Quer permanecer como \u201cpresen\u00e7a\u201d e n\u00e3o admite ser \u201caus\u00eancia\u201d.\u00a0 Por esse motivo foi Jesus apedrejado! <em>\u201cSendo homem, tu te fazes Deus\u201d,<\/em> disseram a ele como justificativa para o apedrejamento! Que deveriam fazer? Se n\u00e3o tivessem \u201ccora\u00e7\u00e3o endurecido\u201d, para poderem anular a si mesmos, mostrando-se humanamente \u201causentes\u201d , estariam aceitando a VERDADE e se vendo como \u201cdeuses\u201d. Pois foi o que ouviram de Cristo: <em>\u201cSois deuses!\u201d<\/em><\/span><\/h2>\n<h2 align=\"center\"><span style=\"color: #666600;\">Unicamente a Verdade Se evidencia permanentemente <em>como<\/em> TUDO! Quando falamos que \u201ca premissa b\u00e1sica\u201d do estudo diz que DEUS \u00c9 TUDO, o que est\u00e1 sendo dito, \u00e9 que os supostos \u201cJesus\u201d, \u201cPaulo\u201d, e <em>TODAS AS DEMAIS SUPOSTAS PERSONALIDADES,<\/em> JAMAIS TIVERAM REALIDADE! Aquele que se discerne LIVRE da aceita\u00e7\u00e3o de si mesmo como humano, \u201cacha\u201d, e em SI MESMO, o CRISTO DESPERTO que sempre foi, \u00e9 e ser\u00e1! Viver\u00e1 esta PRESEN\u00c7A como \u00fanica, sem jamais se identificar com AUS\u00caNCIAS. <em>\u201cQuem perder sua vida por MIM, a achar\u00e1\u201d,<\/em> disse Jesus para \u201cressuscitar os mortos\u201d. A <em>Ci\u00eancia Crist\u00e3,<\/em> h\u00e1 d\u00e9cadas,\u00a0 vem revelando \u201cn\u00e3o haver vida, intelig\u00eancia nem subst\u00e2ncia na mat\u00e9ria\u201d, e com o mesmo objetivo: \u00a0revelar que o Ser \u00e9 DEUS! E n\u00e3o h\u00e1 \u201coutros\u201d. <strong><em>Esta \u201cnega\u00e7\u00e3o\u201d revela a GL\u00d3RIA!<\/em><\/strong><\/span><\/h2>\n<h2 style=\"text-align: center;\"><span style=\"color: #666600;\">*<\/span><\/h2>\n","protected":false},"excerpt":{"rendered":"<p>Jesus, negando a si mesmo como Jesus, disse: \u201cEu, de mim mesmo, nada fa\u00e7o; o Pai em MIM faz as obras&#8217;. Desse modo, livre da \u201ccren\u00e7a em mais de um\u201d, se viu sendo o\u00a0 TODO. E ent\u00e3o, nesta \u201cvis\u00e3o\u201d do TODO, necessariamente teve de admitir \u201cfazer parte DELE\u201d, e, por sua vez, admitir SER ELE! &hellip; <\/p>\n<p class=\"link-more\"><a href=\"https:\/\/www.fachodeluz.blog.br\/wp\/2012\/11\/27\/a-negacao-que-revela-a-gloria\/\" class=\"more-link\">Leia mais<span class=\"screen-reader-text\"> &#8220;A NEGA\u00c7\u00c3O QUE REVELA A GL\u00d3RIA!&#8221;<\/span><\/a><\/p>\n","protected":false},"author":2,"featured_media":0,"comment_status":"closed","ping_status":"closed","sticky":false,"template":"","format":"standard","meta":{"nf_dc_page":"","_crdt_document":"","footnotes":""},"categories":[10],"tags":[],"class_list":["post-11370","post","type-post","status-publish","format-standard","hentry","category-darcio-dezolt"],"featured_media_urls":[],"_links":{"self":[{"href":"https:\/\/www.fachodeluz.blog.br\/wp\/wp-json\/wp\/v2\/posts\/11370","targetHints":{"allow":["GET"]}}],"collection":[{"href":"https:\/\/www.fachodeluz.blog.br\/wp\/wp-json\/wp\/v2\/posts"}],"about":[{"href":"https:\/\/www.fachodeluz.blog.br\/wp\/wp-json\/wp\/v2\/types\/post"}],"author":[{"embeddable":true,"href":"https:\/\/www.fachodeluz.blog.br\/wp\/wp-json\/wp\/v2\/users\/2"}],"replies":[{"embeddable":true,"href":"https:\/\/www.fachodeluz.blog.br\/wp\/wp-json\/wp\/v2\/comments?post=11370"}],"version-history":[{"count":0,"href":"https:\/\/www.fachodeluz.blog.br\/wp\/wp-json\/wp\/v2\/posts\/11370\/revisions"}],"wp:attachment":[{"href":"https:\/\/www.fachodeluz.blog.br\/wp\/wp-json\/wp\/v2\/media?parent=11370"}],"wp:term":[{"taxonomy":"category","embeddable":true,"href":"https:\/\/www.fachodeluz.blog.br\/wp\/wp-json\/wp\/v2\/categories?post=11370"},{"taxonomy":"post_tag","embeddable":true,"href":"https:\/\/www.fachodeluz.blog.br\/wp\/wp-json\/wp\/v2\/tags?post=11370"}],"curies":[{"name":"wp","href":"https:\/\/api.w.org\/{rel}","templated":true}]}}