{"id":11444,"date":"2012-12-11T10:40:05","date_gmt":"2012-12-11T12:40:05","guid":{"rendered":"http:\/\/fachodeluz.blog.br\/wp\/?p=11444"},"modified":"2012-12-11T10:42:45","modified_gmt":"2012-12-11T12:42:45","slug":"a-grande-mentira","status":"publish","type":"post","link":"https:\/\/www.fachodeluz.blog.br\/wp\/2012\/12\/11\/a-grande-mentira\/","title":{"rendered":"A Grande Mentira!"},"content":{"rendered":"<h3 style=\"text-align: center;\"><\/h3>\n<h3 style=\"text-align: center;\"><a href=\"https:\/\/i0.wp.com\/fachodeluz.blog.br\/wp\/wp-content\/uploads\/2012\/12\/rd3.gif\"><img data-recalc-dims=\"1\" loading=\"lazy\" decoding=\"async\" loading=\"lazy\" class=\"aligncenter size-full wp-image-11445\" title=\"rd3\" src=\"https:\/\/i0.wp.com\/fachodeluz.blog.br\/wp\/wp-content\/uploads\/2012\/12\/rd3.gif?resize=461%2C295\" alt=\"\" width=\"461\" height=\"295\" srcset=\"https:\/\/i0.wp.com\/www.fachodeluz.blog.br\/wp\/wp-content\/uploads\/2012\/12\/rd3.gif?w=461&amp;ssl=1 461w, https:\/\/i0.wp.com\/www.fachodeluz.blog.br\/wp\/wp-content\/uploads\/2012\/12\/rd3.gif?resize=300%2C191&amp;ssl=1 300w\" sizes=\"auto, (max-width: 461px) 100vw, 461px\" \/><\/a><\/h3>\n<h3 style=\"text-align: center;\"><span style=\"color: #ad0000;\"><em>&#8220;V\u00f3s tendes por pai ao diabo, e quereis satisfazer os desejos de vosso pai. Ele foi homicida desde o princ\u00edpio, e n\u00e3o se firmou na verdade, porque n\u00e3o h\u00e1 verdade nele. Quando ele profere mentira, fala do que lhe \u00e9 pr\u00f3prio, porque \u00e9 mentiroso, e pai da mentira&#8221;<\/em><\/span><\/h3>\n<h3 style=\"text-align: center;\"><span style=\"color: #ad0000;\"> (Jo\u00e3o 8:44).<\/span><\/h3>\n<h2 style=\"text-align: center;\"><span style=\"color: #ad0000;\">O suposto \u201cmundo material\u201d \u00a0\u00a0j\u00e1 teria sido entendido como a \u201cgrande mentira\u201d aceita coletivamente, e h\u00e1 muito tempo, \u00a0caso a recomenda\u00e7\u00e3o priorit\u00e1ria de Jesus tivesse sido cumprida por aqueles que aderiram aos seus ensinamentos. \u00a0Que disse ele para ser o objeto inicial de busca? \u201cBuscai, em primeiro lugar, o Reino de Deus e a sua justi\u00e7a&#8230;\u201d (Mateus, 6: 33). Por qu\u00ea \u201cem primeiro lugar\u201d? Porque seria discernido, e espiritualmente discernido, caso a \u201cbusca\u201d fosse feita segundo suas instru\u00e7\u00f5es, que Deus \u00e9 TUDO! A CREN\u00c7A EM DOIS PODERES seria evaporada de percep\u00e7\u00e3o! Isto porque a \u201cBUSCA\u201d seria a Mente de Cristo sendo reconhecida e revelada como sendo a NOSSA, e a ILUS\u00c3O de exist\u00eancia de \u201coutra mente\u201d, chamada de \u201cmente humana\u201d, ou \u201cMENTE CARNAL\u201d , simplesmente desapareceria \u00e0 Luz da Revela\u00e7\u00e3o!<\/span><\/h2>\n<h2 style=\"text-align: center;\" align=\"center\"><span style=\"color: #ad0000;\">Diante daqueles a quem Jesus percebeu estarem aparentemente subjugados pela \u201cmente carnal\u201d, ou pela \u201csabedoria da serpente\u201d, a suposta sabedoria que erroneamente d\u00e1 cr\u00e9dito ao bem e ao mal, Jesus declarou:<em> &#8220;V\u00f3s tendes por pai ao diabo, e quereis satisfazer os desejos de vosso pai. Ele foi homicida desde o princ\u00edpio, e n\u00e3o se firmou na verdade, porque n\u00e3o h\u00e1 verdade nele. Quando ele profere mentira, fala do que lhe \u00e9 pr\u00f3prio, porque \u00e9 mentiroso, e pai da mentira&#8221;<\/em> (Jo\u00e3o 8:44). \u201cTer por pai ao diabo\u201d tinha o sentido de que as pessoas eram aparentemente dirigidas pela \u201ccren\u00e7a dualista\u201d e n\u00e3o pelo Deus onipotente! Sendo levadas pelas \u201capar\u00eancias materiais\u201d, todas ILUS\u00d3RIAS, deixavam as pessoas de discernirem a Onipresen\u00e7a e a Totalidade de Deus como Verdade \u00fanica, perfeita e permanente!<\/span><\/h2>\n<h2 style=\"text-align: center;\"><span style=\"color: #ad0000;\">N\u00e3o houve a \u201cbusca recomendada\u201d, e, em vista disso, o \u201cdiabo\u201d\u00a0 passou a ser uma \u201cpresen\u00e7a a mais\u201d na <em>ILUS\u00c3O<\/em> dualista! Em vez de \u201co mundo ser discernido como a grande mentira\u201d, passaram a acreditar que, al\u00e9m de estarem no mundo, \u00a0ainda tinham nele um astucioso \u201cinimigo\u201d chamado \u201cdiabo\u201d, raz\u00e3o pela qual deveriam viver atentos para n\u00e3o serem tragados por ele! Em outras palavras, em vez de entenderem que Jesus revelava o Reino do Poder \u00danico, acreditaram estar no \u201cmundo de dois poderes\u201d da mesma forma, apenas acreditando que Jesus endossava a presen\u00e7a do \u201cdiabo\u201d como integrante do mundo. As palavras de Jesus foram: \u201cEle foi homicida desde o princ\u00edpio, e n\u00e3o se firmou na verdade, porque n\u00e3o h\u00e1 verdade nele\u201d.\u00a0 Como n\u00e3o buscaram o \u201cReino da Verdade\u201d,\u00a0 tornaram \u201cverdadeiro\u201d o que<strong><em> \u201cn\u00e3o se firma na verdade, por n\u00e3o haver verdade nele\u201d.<\/em><\/strong> Em outras palavras, endossaram \u201co mundo do pai da mentira\u201d , endossaram a \u201cmente carnal\u201d, endossaram a si mesmos como \u201chumanos apartados de Deus\u201d, somente adotando uma denomina\u00e7\u00e3o religiosa terrena, onde sempre ficaram aprendendo\u00a0 a se precaver e se defender do &#8220;diabo\u201d.<\/span><\/h2>\n<h2 style=\"text-align: center;\" align=\"center\"><span style=\"color: #ad0000;\">Por Jesus foi declarado, com todas as letras, que <em><strong>\u201cn\u00e3o h\u00e1 verdade nele\u201d,<\/strong> <\/em>mas, por incr\u00edvel que possa parecer, foi dado \u00e0 MENTIRA um \u201cpoder opositor \u00e0 Onipot\u00eancia\u201d. \u00a0Poder que supostamente at\u00e9 conseguiu \u201cmudar as obras permanentes de Deus\u201d, fazendo de seus Filhos,<em> criados &#8220;\u00e0 Sua Imagem e Semelhan\u00e7a&#8221;,<\/em> seres pecadores, imperfeitos, carentes de salva\u00e7\u00e3o, etc.. Qual \u00e9 a GRANDE MENTIRA? \u00c9 \u00a0algu\u00e9m acreditar \u201cestar neste mundo\u201d, adorando um Deus apartado de Si mesmo, louvando-O como Deus TODO-PODEROSO, mas aceitando \u00a0que este Deus tem, \u00a0\u00e0 frente do seu TODO-PODER, o suposto \u00a0\u201cpoder do diabo\u201d, o \u201cpoder do maligno\u201d, o \u201cpoder do inimigo\u201d. Em vez de buscarem EM SI MESMOS o REINO DA ONIPOT\u00caNCIA, permaneceram na \u201ccren\u00e7a em DOIS poderes\u201d,\u00a0 completamente alheios \u00e0 Verdade de <em>que <strong>\u201cem Deus vivemos, nos movemos e temos o nosso ser\u201d<\/strong><\/em> (Atos, 17: 28). Por este motivo, o ensinamento absolutista explica que <strong><em>DEUS \u00c9 TUDO,<\/em><\/strong> e que AS <em>APAR\u00caNCIAS<\/em> MATERIAIS \u00a0S\u00c3O <strong><em>ILUS\u00c3O! <\/em><\/strong><\/span><\/h2>\n<h2 style=\"text-align: center;\" align=\"center\"><span style=\"color: #ad0000;\">\u00a0<em>&#8220;Por isso alegrai-vos, \u00f3 c\u00e9us, e v\u00f3s que neles habitais. Ai dos que habitam na terra e no mar; porque o diabo desceu a v\u00f3s, e tem grande ira, sabendo que j\u00e1 tem pouco tempo&#8221;<\/em>\u00a0 (Apocalipse 12:12). Esta passagem revela a alegria daqueles que compreendem a Verdade absoluta, tanto por se discernirem nos \u201cc\u00e9us\u201d quanto por tirarem do diabo o \u201cpouco tempo\u201d que aparentava ter! <strong><em>Na realidade, o \u201ctempo da mentira\u201d dura unicamente o \u201ctempo\u201d levado para conhecermos a VERDADE!<\/em><\/strong><\/span><\/h2>\n<p style=\"text-align: center;\"><span style=\"color: #ad0000;\">*<\/span><\/p>\n","protected":false},"excerpt":{"rendered":"<p>&#8220;V\u00f3s tendes por pai ao diabo, e quereis satisfazer os desejos de vosso pai. Ele foi homicida desde o princ\u00edpio, e n\u00e3o se firmou na verdade, porque n\u00e3o h\u00e1 verdade nele. Quando ele profere mentira, fala do que lhe \u00e9 pr\u00f3prio, porque \u00e9 mentiroso, e pai da mentira&#8221; (Jo\u00e3o 8:44). O suposto \u201cmundo material\u201d \u00a0\u00a0j\u00e1 &hellip; <\/p>\n<p class=\"link-more\"><a href=\"https:\/\/www.fachodeluz.blog.br\/wp\/2012\/12\/11\/a-grande-mentira\/\" class=\"more-link\">Leia mais<span class=\"screen-reader-text\"> &#8220;A Grande Mentira!&#8221;<\/span><\/a><\/p>\n","protected":false},"author":2,"featured_media":0,"comment_status":"closed","ping_status":"closed","sticky":false,"template":"","format":"standard","meta":{"nf_dc_page":"","_crdt_document":"","footnotes":""},"categories":[10],"tags":[],"class_list":["post-11444","post","type-post","status-publish","format-standard","hentry","category-darcio-dezolt"],"featured_media_urls":[],"_links":{"self":[{"href":"https:\/\/www.fachodeluz.blog.br\/wp\/wp-json\/wp\/v2\/posts\/11444","targetHints":{"allow":["GET"]}}],"collection":[{"href":"https:\/\/www.fachodeluz.blog.br\/wp\/wp-json\/wp\/v2\/posts"}],"about":[{"href":"https:\/\/www.fachodeluz.blog.br\/wp\/wp-json\/wp\/v2\/types\/post"}],"author":[{"embeddable":true,"href":"https:\/\/www.fachodeluz.blog.br\/wp\/wp-json\/wp\/v2\/users\/2"}],"replies":[{"embeddable":true,"href":"https:\/\/www.fachodeluz.blog.br\/wp\/wp-json\/wp\/v2\/comments?post=11444"}],"version-history":[{"count":0,"href":"https:\/\/www.fachodeluz.blog.br\/wp\/wp-json\/wp\/v2\/posts\/11444\/revisions"}],"wp:attachment":[{"href":"https:\/\/www.fachodeluz.blog.br\/wp\/wp-json\/wp\/v2\/media?parent=11444"}],"wp:term":[{"taxonomy":"category","embeddable":true,"href":"https:\/\/www.fachodeluz.blog.br\/wp\/wp-json\/wp\/v2\/categories?post=11444"},{"taxonomy":"post_tag","embeddable":true,"href":"https:\/\/www.fachodeluz.blog.br\/wp\/wp-json\/wp\/v2\/tags?post=11444"}],"curies":[{"name":"wp","href":"https:\/\/api.w.org\/{rel}","templated":true}]}}