{"id":11504,"date":"2012-12-20T10:02:55","date_gmt":"2012-12-20T12:02:55","guid":{"rendered":"http:\/\/fachodeluz.blog.br\/wp\/?p=11504"},"modified":"2012-12-20T10:04:56","modified_gmt":"2012-12-20T12:04:56","slug":"ate-do-alto-serdes-revestidos-de-poder","status":"publish","type":"post","link":"https:\/\/www.fachodeluz.blog.br\/wp\/2012\/12\/20\/ate-do-alto-serdes-revestidos-de-poder\/","title":{"rendered":"&#8220;At\u00e9 Do Alto Serdes Revestidos de Poder!&#8221;"},"content":{"rendered":"<p align=\"center\"><a href=\"https:\/\/i0.wp.com\/fachodeluz.blog.br\/wp\/wp-content\/uploads\/2012\/12\/espirito-santo.gif\"><img data-recalc-dims=\"1\" loading=\"lazy\" decoding=\"async\" loading=\"lazy\" class=\"aligncenter size-full wp-image-11505\" title=\"espirito-santo\" src=\"https:\/\/i0.wp.com\/fachodeluz.blog.br\/wp\/wp-content\/uploads\/2012\/12\/espirito-santo.gif?resize=450%2C338\" alt=\"\" width=\"450\" height=\"338\" srcset=\"https:\/\/i0.wp.com\/www.fachodeluz.blog.br\/wp\/wp-content\/uploads\/2012\/12\/espirito-santo.gif?w=450&amp;ssl=1 450w, https:\/\/i0.wp.com\/www.fachodeluz.blog.br\/wp\/wp-content\/uploads\/2012\/12\/espirito-santo.gif?resize=300%2C225&amp;ssl=1 300w\" sizes=\"auto, (max-width: 450px) 100vw, 450px\" \/><\/a><\/p>\n<h2 align=\"center\"><span style=\"color: #610061;\">Deus \u00e9 Onipotente, ou seja, \u00e9 o \u00daNICO Poder atuante como o Universo infinito! Nada h\u00e1 que se contraponha \u00e0 Sua Onipot\u00eancia. Apar\u00eancias ilus\u00f3rias nos mostram dois poderes, o bem e o mal; entretanto, <strong><em>no lugar destas imagens falsas, existe imutavelmente \u00a0a imagem verdadeira, a Realidade infinita em que brilha a Luz do Poder \u00fanico.<\/em><\/strong><\/span><\/h2>\n<h2 align=\"center\"><span style=\"color: #610061;\">Disse Jesus aos disc\u00edpulos: \u201c<em>Eis que sobre v\u00f3s envio a promessa de meu Pai; ficai, por\u00e9m, na cidade de Jerusal\u00e9m, at\u00e9 que do Alto sejais revestidos de poder\u201d<\/em> (Lucas; 24: 49). Em outras palavras, dizia-lhes que n\u00e3o precisariam sair de onde estivessem, uma vez que a Onipot\u00eancia estava neles mesmos, meramente \u00e0 espera de que ali se aquietassem e a discernissem!<\/span><\/h2>\n<h2 align=\"center\"><span style=\"color: #610061;\">A \u201cpromessa\u00a0 de Deus\u201d \u00e9 a Verdade da Onipot\u00eancia presente em cada Filho! Por mais que a suposta mente humana d\u00ea testemunho de dois poderes, como, por exemplo, o poder de alguma doen\u00e7a contra a sa\u00fade de algu\u00e9m,\u00a0 a \u201cpromessa de Deus\u201d anula esta pretens\u00e3o ilus\u00f3ria, n\u00e3o por \u201ccombater\u201d a suposta doen\u00e7a, mas, sim, <strong><em>revelando a imagem verdadeira em lugar da falsa!<\/em><\/strong> Que significa \u00a0\u201cdo Alto sermos \u00a0revestidos de poder\u201d? Significa substituirmos o \u201creferencial da mente falsa\u201d pelo \u201cReferencial da Consci\u00eancia Onipotente\u201d. <strong><em>Enquanto a suposta \u201cmente carnal\u201d nos sugere a \u201cimagem falsa\u201d, em que uma condi\u00e7\u00e3o maligna aparenta existir, a Consci\u00eancia Cr\u00edstica, do Alto, \u00a0d\u00e1 testemunho da \u201cimagem verdadeira\u201d, do fato real e permanente de que a Onipot\u00eancia Se expressa como <\/em><em>Harmonia inc\u00f3lume.<\/em><\/strong><\/span><\/h2>\n<h2 align=\"center\"><span style=\"color: #610061;\">N\u00e3o aceite \u201cimagens doentias\u201d como realidades a serem curadas por meio de ora\u00e7\u00e3o ou por clamores a Deus! N\u00e3o as fique rotulando em termos de escala de gravidade! A quest\u00e3o est\u00e1 em se entender que <strong>\u201capar\u00eancias s\u00e3o sonhos mortais\u201d,<\/strong> e nunca realidades com manifesta\u00e7\u00f5es dignas de avalia\u00e7\u00f5es! Desperto de um <strong><em>pesadelo,<\/em><\/strong> \u00a0a \u201cgravidade\u201d maior ou menor da <strong><em>ILUS\u00c3O,<\/em><\/strong> que ao sonhador atormentava, se mostra nula! <strong><em>A Consci\u00eancia Cr\u00edstica \u00e9 o seu estado j\u00e1 desperto! <\/em><\/strong>Nela, as \u201cimagens falsas\u201d n\u00e3o mais s\u00e3o reconhecidas! Eram \u201cmiragens\u201d apenas vistas pela ilus\u00f3ria \u201cmente humana\u201d. Sem lutar contra \u201cimagens falsas\u201d, sem pretender \u201cajudar a Deus\u201d, for\u00e7ando a \u201cmente ilus\u00f3ria\u201d geradora das mesmas, \u00fanica e simplesmente \u00a0\u201cpermane\u00e7a em Jerusal\u00e9m\u201d, <strong><em>confiante de que a Onipot\u00eancia \u00e9 a Verdade onde quer que VOC\u00ca ESTEJA!<\/em><\/strong> Contemple-se como Consci\u00eancia Onipotente, como Consci\u00eancia Onipresente, como Consci\u00eancia Inteligente e Oniativa! Contemplando-se integralmente \u00a0\u201cREVESTIDO DO PODER DO ALTO\u201d, unicamente a PERFEI\u00c7\u00c3O DA IMAGEM VERDADEIRA estar\u00e1 sendo discernida, reconhecida, \u00a0<strong><em>e experienciada!<\/em><\/strong><\/span><\/h2>\n<h3 align=\"center\"><span style=\"color: #610061;\"><em>&#8220;Ele tomou sobre si as nossas enfermidades e levou as nossas doen\u00e7as.&#8221;<\/em><\/span><\/h3>\n<h3 align=\"center\"><span style=\"color: #610061;\"><em>Mateus 8: 17<\/em><\/span><\/h3>\n<p style=\"text-align: center;\">*<\/p>\n<p>&nbsp;<\/p>\n","protected":false},"excerpt":{"rendered":"<p>Deus \u00e9 Onipotente, ou seja, \u00e9 o \u00daNICO Poder atuante como o Universo infinito! Nada h\u00e1 que se contraponha \u00e0 Sua Onipot\u00eancia. Apar\u00eancias ilus\u00f3rias nos mostram dois poderes, o bem e o mal; entretanto, no lugar destas imagens falsas, existe imutavelmente \u00a0a imagem verdadeira, a Realidade infinita em que brilha a Luz do Poder \u00fanico. &hellip; <\/p>\n<p class=\"link-more\"><a href=\"https:\/\/www.fachodeluz.blog.br\/wp\/2012\/12\/20\/ate-do-alto-serdes-revestidos-de-poder\/\" class=\"more-link\">Leia mais<span class=\"screen-reader-text\"> &#8220;&#8220;At\u00e9 Do Alto Serdes Revestidos de Poder!&#8221;&#8221;<\/span><\/a><\/p>\n","protected":false},"author":2,"featured_media":0,"comment_status":"closed","ping_status":"closed","sticky":false,"template":"","format":"standard","meta":{"nf_dc_page":"","_crdt_document":"","footnotes":""},"categories":[10],"tags":[],"class_list":["post-11504","post","type-post","status-publish","format-standard","hentry","category-darcio-dezolt"],"featured_media_urls":[],"_links":{"self":[{"href":"https:\/\/www.fachodeluz.blog.br\/wp\/wp-json\/wp\/v2\/posts\/11504","targetHints":{"allow":["GET"]}}],"collection":[{"href":"https:\/\/www.fachodeluz.blog.br\/wp\/wp-json\/wp\/v2\/posts"}],"about":[{"href":"https:\/\/www.fachodeluz.blog.br\/wp\/wp-json\/wp\/v2\/types\/post"}],"author":[{"embeddable":true,"href":"https:\/\/www.fachodeluz.blog.br\/wp\/wp-json\/wp\/v2\/users\/2"}],"replies":[{"embeddable":true,"href":"https:\/\/www.fachodeluz.blog.br\/wp\/wp-json\/wp\/v2\/comments?post=11504"}],"version-history":[{"count":0,"href":"https:\/\/www.fachodeluz.blog.br\/wp\/wp-json\/wp\/v2\/posts\/11504\/revisions"}],"wp:attachment":[{"href":"https:\/\/www.fachodeluz.blog.br\/wp\/wp-json\/wp\/v2\/media?parent=11504"}],"wp:term":[{"taxonomy":"category","embeddable":true,"href":"https:\/\/www.fachodeluz.blog.br\/wp\/wp-json\/wp\/v2\/categories?post=11504"},{"taxonomy":"post_tag","embeddable":true,"href":"https:\/\/www.fachodeluz.blog.br\/wp\/wp-json\/wp\/v2\/tags?post=11504"}],"curies":[{"name":"wp","href":"https:\/\/api.w.org\/{rel}","templated":true}]}}