{"id":11627,"date":"2013-01-10T10:09:03","date_gmt":"2013-01-10T12:09:03","guid":{"rendered":"http:\/\/fachodeluz.blog.br\/wp\/?p=11627"},"modified":"2013-01-10T10:51:43","modified_gmt":"2013-01-10T12:51:43","slug":"lance-mao-do-arado-sem-olhar-para-tras","status":"publish","type":"post","link":"https:\/\/www.fachodeluz.blog.br\/wp\/2013\/01\/10\/lance-mao-do-arado-sem-olhar-para-tras\/","title":{"rendered":"&#8220;Lance M\u00e3o Do Arado Sem Olhar Para Tr\u00e1s&#8221;"},"content":{"rendered":"<h3 align=\"center\"><a href=\"https:\/\/i0.wp.com\/fachodeluz.blog.br\/wp\/wp-content\/uploads\/2013\/01\/AR1.gif\"><img data-recalc-dims=\"1\" loading=\"lazy\" decoding=\"async\" loading=\"lazy\" class=\"aligncenter size-full wp-image-11628\" title=\"AR1\" src=\"https:\/\/i0.wp.com\/fachodeluz.blog.br\/wp\/wp-content\/uploads\/2013\/01\/AR1.gif?resize=450%2C299\" alt=\"\" width=\"450\" height=\"299\" srcset=\"https:\/\/i0.wp.com\/www.fachodeluz.blog.br\/wp\/wp-content\/uploads\/2013\/01\/AR1.gif?w=450&amp;ssl=1 450w, https:\/\/i0.wp.com\/www.fachodeluz.blog.br\/wp\/wp-content\/uploads\/2013\/01\/AR1.gif?resize=300%2C199&amp;ssl=1 300w\" sizes=\"auto, (max-width: 450px) 100vw, 450px\" \/><\/a><\/h3>\n<h3 style=\"text-align: center;\"><span style=\"color: #515100;\"><em>\u201cNingu\u00e9m que lan\u00e7a m\u00e3o do arado e olha para tr\u00e1s \u00e9 apto para o reino de Deus.\u201d<\/em><\/span><\/h3>\n<h3 style=\"text-align: center;\"><span style=\"color: #515100;\"><em> <\/em>Lucas, 9: 62<\/span><\/h3>\n<h2 style=\"text-align: center;\"><span style=\"font-family: Times New Roman; color: #515100;\">Quando algu\u00e9m se dedica \u00e0 Verdade Absoluta, e, isto \u00e9 percebido pelos demais que se veem \u201cneste mundo\u201d, e que prioritariamente somente intentam viver bem materialmente, dedicando apenas alguns minutos da semana ou do m\u00eas \u00e0s ora\u00e7\u00f5es ou medita\u00e7\u00f5es , este costumeiramente \u00e9 avaliado como \u201cfan\u00e1tico\u201d.<\/span><\/h2>\n<h2 style=\"text-align: center;\"><span style=\"font-family: Times New Roman; color: #515100;\">Enquanto algu\u00e9m acreditar que \u201cter vida com abund\u00e2ncia\u201d, como prometeu Jesus pela sua vinda, \u00e9 estar confortavelmente instalado na mat\u00e9ria, que erroneamente julga existir e fazer parte da Cria\u00e7\u00e3o de Deus, realmente, tal pessoa ir\u00e1 avaliar qualquer um que se dedica \u00e0 Verdade como fan\u00e1tico, exc\u00eantrico, e at\u00e9 mesmo como algu\u00e9m que, por tanto meditar, at\u00e9 est\u00e1 \u201cperdendo a sua vida\u201d.<\/span><\/h2>\n<h2 style=\"text-align: center;\"><span style=\"font-family: Times New Roman; color: #515100;\">A B\u00edblia relata que uma pessoa aproximou-se de Jesus e lhe disse: <em>\u201cSenhor, eu te seguirei, mas deixa-me despedir <strong>primeiro<\/strong> dos que est\u00e3o em minha casa\u201d.<\/em> Jesus lhe respondeu: <em>\u201cNingu\u00e9m que lan\u00e7a m\u00e3o do arado e olha para tr\u00e1s \u00e9 apto para o reino de Deus\u201d <\/em>(Lucas, 9: 62).<\/span><\/h2>\n<h2 style=\"text-align: center;\"><span style=\"font-family: Times New Roman; color: #515100;\">Como ficaria VOC\u00ca, se fosse quem tivesse escutado aquela resposta? <strong>Passaria a ser mais um \u201cfan\u00e1tico\u201d? Ou continuaria a empurrar o arado olhando para tr\u00e1s? Que atitude seria a SUA?<\/strong><\/span><\/h2>\n<h2 style=\"text-align: center;\"><span style=\"font-family: Times New Roman; color: #515100;\">O que Jesus verdadeiramente quis dizer, \u00e9 que se algu\u00e9m j\u00e1 p\u00f4de \u201cperceber o Cristo por perto\u201d, n\u00e3o em Jesus, mas em SI MESMO, por lampejos espirituais , por intui\u00e7\u00f5es inspiradas ou por quaisquer \u201csinais interiores\u201d da Presen\u00e7a do Cristo em SI MESMO, se PRIMEIRO ele se mostrar mais interessado em atender \u00e0s coisas DESTE MUNDO, <strong><em>n\u00e3o estar\u00e1 apto para dar sequ\u00eancia \u00e0 percep\u00e7\u00e3o plena de que J\u00c1 EST\u00c1 NO REINO DE DEUS!<\/em><\/strong><\/span><\/h2>\n<h2 style=\"text-align: center;\"><span style=\"font-family: Times New Roman; color: #515100;\">Jamais DEUS deixou de ser TUDO, e a no\u00e7\u00e3o de que h\u00e1 \u201calgu\u00e9m\u201d na mat\u00e9ria, ou \u201cafastado de Deus\u201d, \u00e9 a GRANDE MENTIRA que a VERDADE vem para destruir! Mas caso algu\u00e9m se mostre desejoso da Verdade , e se dizendo PRIMEIRO estar interessado em dar aten\u00e7\u00e3o \u00e0 MENTIRA, &#8211; \u00e0s coisas deste mundo &#8211; <strong><em>estar\u00e1 empurrando seu arado olhando para tr\u00e1s!<\/em><\/strong> Estar\u00e1 de olhos ao mundo! De olhos aos \u201cbens do mundo\u201d, <strong><em>sem se concentrar integralmente no REINO DE DEUS EM SI MESMO!<\/em><\/strong><\/span><\/h2>\n<h2 style=\"text-align: center;\"><span style=\"font-family: Times New Roman; color: #515100;\">Quer isto dizer que o correto \u00e9 ficarmos irrespons\u00e1veis, deixando de cuidar das supostas coisas da vida cotidiana? \u00c9 evidente que n\u00e3o! Nem Jesus fez isso! Entretanto, \u201clan\u00e7ar o arado olhando para frente\u201d quer dizer VOC\u00ca VIVER O AGORA! Viver de olhos em sua UNIDADE COM DEUS AGORA! Concentrar-se em sua IDENTIDADE CR\u00cdSTICA AGORA! \u00c9 ESTA \u201cMUDAN\u00c7A DE REFERENCIAL\u201d QUE O TORNA \u201cAPTO PARA O REINO DE DEUS\u201d.<\/span><\/h2>\n<h2 style=\"text-align: center;\"><span style=\"font-family: Times New Roman; color: #515100;\">A quem busca em <strong><em>PRIMEIRO LUGAR<\/em><\/strong> o Reino de Deus, est\u00e1 revelado: <strong><em>\u201ctodas as demais coisas\u201d lhe s\u00e3o \u201cacrescentadas\u201d.<\/em><\/strong> <\/span><span style=\"font-family: Times New Roman; color: #515100;\">\u201cSenhor, deixa-me PRIMEIRO DESPEDIR dos que est\u00e3o em minha casa\u201d \u2013 este foi o pedido feito pela pessoa a Jesus. Mas aquele que PRIMEIRO fala em se despedir de \u201chumanos\u201d, n\u00e3o ir\u00e1, desse modo, despedir-se deles nem que diga \u201cAdeus!\u201d Apenas se ver\u00e1 fisicamente distante! Isto Jesus estava explicando \u00e0 pessoa: que estar APTO PARA O REINO DE DEUS, \u00e9 PRIMEIRO se mostrar <strong><em>\u201cDESPEDIDO\u201d DE TODA A CREN\u00c7A EM HUMANOS!<\/em><\/strong><\/span><span style=\"color: #515100;\"><span style=\"font-family: Times New Roman;\">\u201cESTUDAR A VERDADE \u00c9 ADMITIR ESTAR NO REINO DE DEUS CONSCIENTEMENTE, VENDO A SI E A TODOS COMO LUZ DIVINA, COMO O CRISTO, SEM JULGAMENTOS PELA CARNE! ASSIM J\u00c1 \u00c9 A REALIDADE AOS OLHOS DE DEUS! E O \u201cESTUDO\u201d \u00c9 <\/span><span style=\"font-family: Times New Roman;\">VOC\u00ca CONHECER O CRISTO, \u2013 VERDADE QUE VOC\u00ca \u00c9 \u2013 DEDICANDO-SE A RECONHEC\u00ca-LO E CONTEMPL\u00c1-LO EM <strong><em>PRIMEIRO LUGAR, <\/em><\/strong><em>E <strong>SEM VOLTAR A SE JULGAR PELAS APAR\u00caNCIAS!<\/strong><\/em><\/span><\/span><\/h2>\n<h2 style=\"text-align: center;\"><span style=\"font-family: Times New Roman; color: #515100;\"> <strong><em>\u201cLAN\u00c7E M\u00c3O DO ARADO, SEM OLHAR PARA TR\u00c1S!\u201d<\/em><\/strong><\/span><\/h2>\n<h2 style=\"text-align: center;\"><span style=\"font-family: Times New Roman; color: #515100;\">*<\/span><\/h2>\n","protected":false},"excerpt":{"rendered":"<p>\u201cNingu\u00e9m que lan\u00e7a m\u00e3o do arado e olha para tr\u00e1s \u00e9 apto para o reino de Deus.\u201d Lucas, 9: 62 Quando algu\u00e9m se dedica \u00e0 Verdade Absoluta, e, isto \u00e9 percebido pelos demais que se veem \u201cneste mundo\u201d, e que prioritariamente somente intentam viver bem materialmente, dedicando apenas alguns minutos da semana ou do m\u00eas &hellip; <\/p>\n<p class=\"link-more\"><a href=\"https:\/\/www.fachodeluz.blog.br\/wp\/2013\/01\/10\/lance-mao-do-arado-sem-olhar-para-tras\/\" class=\"more-link\">Leia mais<span class=\"screen-reader-text\"> &#8220;&#8220;Lance M\u00e3o Do Arado Sem Olhar Para Tr\u00e1s&#8221;&#8221;<\/span><\/a><\/p>\n","protected":false},"author":2,"featured_media":0,"comment_status":"closed","ping_status":"closed","sticky":false,"template":"","format":"standard","meta":{"nf_dc_page":"","_crdt_document":"","footnotes":""},"categories":[10],"tags":[],"class_list":["post-11627","post","type-post","status-publish","format-standard","hentry","category-darcio-dezolt"],"featured_media_urls":[],"_links":{"self":[{"href":"https:\/\/www.fachodeluz.blog.br\/wp\/wp-json\/wp\/v2\/posts\/11627","targetHints":{"allow":["GET"]}}],"collection":[{"href":"https:\/\/www.fachodeluz.blog.br\/wp\/wp-json\/wp\/v2\/posts"}],"about":[{"href":"https:\/\/www.fachodeluz.blog.br\/wp\/wp-json\/wp\/v2\/types\/post"}],"author":[{"embeddable":true,"href":"https:\/\/www.fachodeluz.blog.br\/wp\/wp-json\/wp\/v2\/users\/2"}],"replies":[{"embeddable":true,"href":"https:\/\/www.fachodeluz.blog.br\/wp\/wp-json\/wp\/v2\/comments?post=11627"}],"version-history":[{"count":0,"href":"https:\/\/www.fachodeluz.blog.br\/wp\/wp-json\/wp\/v2\/posts\/11627\/revisions"}],"wp:attachment":[{"href":"https:\/\/www.fachodeluz.blog.br\/wp\/wp-json\/wp\/v2\/media?parent=11627"}],"wp:term":[{"taxonomy":"category","embeddable":true,"href":"https:\/\/www.fachodeluz.blog.br\/wp\/wp-json\/wp\/v2\/categories?post=11627"},{"taxonomy":"post_tag","embeddable":true,"href":"https:\/\/www.fachodeluz.blog.br\/wp\/wp-json\/wp\/v2\/tags?post=11627"}],"curies":[{"name":"wp","href":"https:\/\/api.w.org\/{rel}","templated":true}]}}