{"id":11632,"date":"2013-01-11T02:46:33","date_gmt":"2013-01-11T04:46:33","guid":{"rendered":"http:\/\/fachodeluz.blog.br\/wp\/?p=11632"},"modified":"2013-01-11T02:51:50","modified_gmt":"2013-01-11T04:51:50","slug":"a-sacudida-e-o-despertar","status":"publish","type":"post","link":"https:\/\/www.fachodeluz.blog.br\/wp\/2013\/01\/11\/a-sacudida-e-o-despertar\/","title":{"rendered":"A Sacudida E O Despertar"},"content":{"rendered":"<p style=\"text-align: center;\"><a href=\"https:\/\/i0.wp.com\/fachodeluz.blog.br\/wp\/wp-content\/uploads\/2013\/01\/buda1.gif\"><img data-recalc-dims=\"1\" loading=\"lazy\" decoding=\"async\" loading=\"lazy\" class=\"aligncenter size-full wp-image-11633\" title=\"buda1\" src=\"https:\/\/i0.wp.com\/fachodeluz.blog.br\/wp\/wp-content\/uploads\/2013\/01\/buda1.gif?resize=450%2C646\" alt=\"\" width=\"450\" height=\"646\" srcset=\"https:\/\/i0.wp.com\/www.fachodeluz.blog.br\/wp\/wp-content\/uploads\/2013\/01\/buda1.gif?w=450&amp;ssl=1 450w, https:\/\/i0.wp.com\/www.fachodeluz.blog.br\/wp\/wp-content\/uploads\/2013\/01\/buda1.gif?resize=208%2C300&amp;ssl=1 208w\" sizes=\"auto, (max-width: 450px) 100vw, 450px\" \/><\/a><\/p>\n<h3 align=\"center\"><em><strong><span style=\"color: #4c004c;\">\u201cAs coisas n\u00e3o existem da maneira que pensam os homens comuns e ignorantes da Verdade: elas existem no sentido de que n\u00e3o t\u00eam realidade pr\u00f3pria. E desde que elas n\u00e3o existam na realidade, s\u00e3o uma ilus\u00e3o que \u00e9 decorrente da ignor\u00e2ncia&#8221;.<\/span><\/strong><\/em><\/h3>\n<p style=\"text-align: center;\"><span style=\"color: #4c004c;\"><em><strong>Buda<\/strong><\/em><\/span><\/p>\n<h2 align=\"center\"><span style=\"color: #4c004c;\">O \u201cCONHECIMENTO DA VERDADE\u201d nos torna livres, pelo fato de as <em>irrealidades<\/em> a que se apegam as supostas \u201cmentes pessoais\u201d\u00a0 serem reconhecidas exatamente pelo que s\u00e3o: <strong><em>pur\u00edssimo \u201cnada\u201d<\/em><\/strong>. Este enfoque absoluto n\u00e3o pode avan\u00e7ar \u00a0al\u00e9m da informa\u00e7\u00e3o radical, uma vez que, ir acima do intelecto, dever\u00e1 ser trabalho e dedica\u00e7\u00e3o de cada um. Em outras palavras, podemos \u201csacudir\u201d algu\u00e9m que, de momento, aparente estar sofrendo e se debatendo durante um pesadelo; mas, <em><strong>quem ter\u00e1 de DESPERTAR ser\u00e1 ele pr\u00f3prio!<\/strong><\/em><\/span><\/h2>\n<h2 align=\"center\"><span style=\"color: #4c004c;\">Buda disse<em>: \u201cAs coisas n\u00e3o existem da maneira que pensam os homens comuns e ignorantes da Verdade: elas existem no sentido de que n\u00e3o t\u00eam realidade pr\u00f3pria. E desde que elas n\u00e3o existam na realidade, s\u00e3o uma <strong>ilus\u00e3o<\/strong> que \u00e9 decorrente da ignor\u00e2ncia. \u00c9 a essa <strong>ilus\u00e3o<\/strong> que se apegam os homens ignorantes da Verdade. <strong>Eles consideram todas as coisas como reais, quando, na verdade, nenhuma \u00e9 real\u201d.<\/strong><\/em><\/span><\/h2>\n<h2 align=\"center\"><span style=\"color: #4c004c;\">Como algu\u00e9m poder\u00e1 saber que <em>tudo que os sentidos humanos captam <strong>\u00e9 irreal? <\/strong><\/em>\u00a0Unicamente se acreditando <strong><em>DESPERTO<\/em><\/strong>\u00a0 e passando pela experi\u00eancia de discernir\u00a0 este \u00a0\u201c<em>tudo que os sentidos humanos captam&#8221;, simplesmente estando\u00a0 <strong>fora<\/strong> <strong>de vista!<\/strong><\/em><strong>\u00a0<\/strong> Em outras palavras, unicamente pela pr\u00f3pria <em>EXPERI\u00caNCIA!<\/em> <\/span><\/h2>\n<h2 align=\"center\"><span style=\"color: #4c004c;\">Poder\u00edamos repetir \u00a0esta Verdade atrav\u00e9s de mil palavras, artigos, palestras, testemunhos, citando \u201cmestres\u201d, citando \u201cmilagres\u201d, etc. NADA FARIA ALGU\u00c9M TER ESTE CONHECIMENTO! Isto porque a Verdade n\u00e3o \u00e9 \u201cconhecimento intelectual\u201d e sim uma EXPERI\u00caNCIA J\u00c1 PRESENTE <em>COMO<\/em> A CONSCI\u00caNCIA QUE CADA UM <strong><em>J\u00c1 \u00c9.<\/em><\/strong>\u00a0 Uma<em><strong> identifica\u00e7\u00e3o plena<\/strong><\/em> com esta Consci\u00eancia Iluminada \u00e9 o que \u00a0faz desaparecer a <strong><em>ilus\u00f3ria<\/em><\/strong> no\u00e7\u00e3o de \u201cmente pessoal\u201d.<\/span><\/h2>\n<h2 align=\"center\"><span style=\"color: #4c004c;\">Esta \u201cExperi\u00eancia\u201d \u00e9 SUA PR\u00d3PRIA \u00a0CONSCI\u00caNCIA ILUMINADA em <em><strong>Autopercep\u00e7\u00e3o!<\/strong> <\/em>E\u00a0 ela \u00e9 <em>permanente<\/em> <em>como<\/em> o <strong><em>Eu<\/em><\/strong> que realmente VOC\u00ca \u00c9! Assim, tanto as supostas \u201ccoisas consideradas reais\u201d pela ignor\u00e2ncia humana, como a pr\u00f3pria \u201cignor\u00e2ncia humana\u201d, s\u00e3o <strong><em>ILUS\u00c3O!<\/em><\/strong> Que fazem os estudos sobre a Verdade? D\u00e3o esta vibrante \u201csacudida\u201d; a partir de ent\u00e3o, dizer: <strong><em>EU SOU DESPERTO,<\/em><\/strong> ser\u00e1 fun\u00e7\u00e3o unicamente SUA! Portanto, ao receber a \u201csacudidela\u201d,<strong><em> <\/em><\/strong>descarte de imediato a suposta \u201cmente pessoal\u201d, e acate naturalmente que EXIST\u00caNCIA HUMANA \u00c9 INTEGRALMENTE UM <em>PESADELO!<\/em> <strong>CONTEMPLE-SE COMO <em>CONSCI\u00caNCIA DESPERTA, <\/em>E RECONHE\u00c7A QUE ESTA CONSCI\u00caNCIA \u00c9 <em>DEUS SENDO DEUS COMO VOC\u00ca!<\/em><\/strong><\/span><\/h2>\n<h2 align=\"center\"><span style=\"color: #4c004c;\"><strong><em>UNICAMENTE DEUS \u00c9 REALIDADE!<\/em><\/strong><\/span><\/h2>\n<h2 align=\"center\"><span style=\"color: #4c004c;\">*<\/span><\/h2>\n","protected":false},"excerpt":{"rendered":"<p>\u201cAs coisas n\u00e3o existem da maneira que pensam os homens comuns e ignorantes da Verdade: elas existem no sentido de que n\u00e3o t\u00eam realidade pr\u00f3pria. E desde que elas n\u00e3o existam na realidade, s\u00e3o uma ilus\u00e3o que \u00e9 decorrente da ignor\u00e2ncia&#8221;. Buda O \u201cCONHECIMENTO DA VERDADE\u201d nos torna livres, pelo fato de as irrealidades a &hellip; <\/p>\n<p class=\"link-more\"><a href=\"https:\/\/www.fachodeluz.blog.br\/wp\/2013\/01\/11\/a-sacudida-e-o-despertar\/\" class=\"more-link\">Leia mais<span class=\"screen-reader-text\"> &#8220;A Sacudida E O Despertar&#8221;<\/span><\/a><\/p>\n","protected":false},"author":2,"featured_media":0,"comment_status":"closed","ping_status":"closed","sticky":false,"template":"","format":"standard","meta":{"nf_dc_page":"","_crdt_document":"","footnotes":""},"categories":[10],"tags":[],"class_list":["post-11632","post","type-post","status-publish","format-standard","hentry","category-darcio-dezolt"],"featured_media_urls":[],"_links":{"self":[{"href":"https:\/\/www.fachodeluz.blog.br\/wp\/wp-json\/wp\/v2\/posts\/11632","targetHints":{"allow":["GET"]}}],"collection":[{"href":"https:\/\/www.fachodeluz.blog.br\/wp\/wp-json\/wp\/v2\/posts"}],"about":[{"href":"https:\/\/www.fachodeluz.blog.br\/wp\/wp-json\/wp\/v2\/types\/post"}],"author":[{"embeddable":true,"href":"https:\/\/www.fachodeluz.blog.br\/wp\/wp-json\/wp\/v2\/users\/2"}],"replies":[{"embeddable":true,"href":"https:\/\/www.fachodeluz.blog.br\/wp\/wp-json\/wp\/v2\/comments?post=11632"}],"version-history":[{"count":0,"href":"https:\/\/www.fachodeluz.blog.br\/wp\/wp-json\/wp\/v2\/posts\/11632\/revisions"}],"wp:attachment":[{"href":"https:\/\/www.fachodeluz.blog.br\/wp\/wp-json\/wp\/v2\/media?parent=11632"}],"wp:term":[{"taxonomy":"category","embeddable":true,"href":"https:\/\/www.fachodeluz.blog.br\/wp\/wp-json\/wp\/v2\/categories?post=11632"},{"taxonomy":"post_tag","embeddable":true,"href":"https:\/\/www.fachodeluz.blog.br\/wp\/wp-json\/wp\/v2\/tags?post=11632"}],"curies":[{"name":"wp","href":"https:\/\/api.w.org\/{rel}","templated":true}]}}