{"id":11723,"date":"2013-01-25T10:10:27","date_gmt":"2013-01-25T12:10:27","guid":{"rendered":"http:\/\/fachodeluz.blog.br\/wp\/?p=11723"},"modified":"2013-01-25T19:16:48","modified_gmt":"2013-01-25T21:16:48","slug":"a-silenciosa-atividade-da-alma","status":"publish","type":"post","link":"https:\/\/www.fachodeluz.blog.br\/wp\/2013\/01\/25\/a-silenciosa-atividade-da-alma\/","title":{"rendered":"A Silenciosa Atividade da Alma"},"content":{"rendered":"<h3 align=\"center\"><a href=\"https:\/\/i0.wp.com\/fachodeluz.blog.br\/wp\/wp-content\/uploads\/2013\/01\/999.gif\"><img data-recalc-dims=\"1\" loading=\"lazy\" decoding=\"async\" loading=\"lazy\" class=\"aligncenter size-full wp-image-11724\" title=\"999\" src=\"https:\/\/i0.wp.com\/fachodeluz.blog.br\/wp\/wp-content\/uploads\/2013\/01\/999.gif?resize=450%2C248\" alt=\"\" width=\"450\" height=\"248\" srcset=\"https:\/\/i0.wp.com\/www.fachodeluz.blog.br\/wp\/wp-content\/uploads\/2013\/01\/999.gif?w=450&amp;ssl=1 450w, https:\/\/i0.wp.com\/www.fachodeluz.blog.br\/wp\/wp-content\/uploads\/2013\/01\/999.gif?resize=300%2C165&amp;ssl=1 300w\" sizes=\"auto, (max-width: 450px) 100vw, 450px\" \/><\/a><\/h3>\n<h3 align=\"center\"><span style=\"color: #3d3d5b;\"><strong><em>&#8220;No sil\u00eancio e na esperan\u00e7a estar\u00e1 a vossa fortaleza&#8221;.<\/em><\/strong><\/span><\/h3>\n<p style=\"text-align: center;\"><span style=\"color: #3d3d5b;\"><strong>Isa\u00edas, 30: 15.<\/strong><\/span><\/p>\n<h2 align=\"center\"><span style=\"color: #3d3d5b;\">A palavra <em>sil\u00eancio \u00e9<\/em> derivada do latim \u201csilentiu\u201d e significa interrup\u00e7\u00e3o de ru\u00eddo ou estado de quem se cala.\u00a0 No estudo do Absoluto, o Sil\u00eancio representa a Verdade Eterna, o estado permanente da Exist\u00eancia, a <em>aus\u00eancia<\/em> de reconhecimento do ilus\u00f3rio\u00a0 &#8220;mundo de apar\u00eancias&#8221;.<\/span><\/h2>\n<h2 align=\"center\"><span style=\"color: #3d3d5b;\">A \u201cPr\u00e1tica do Sil\u00eancio\u201d \u00e9 uma const\u00e2ncia em nossa Alma. Na verdade,\u00a0 quando falamos em \u201cper\u00edodos contemplativos\u201d dedicados \u00e0 \u201cPr\u00e1tica do Sil\u00eancio\u201d, estamos somente CONSIDERANDO dedicar nossa \u00a0<em>total aten\u00e7\u00e3o<\/em> a este fato permanente: <strong><em>nossa Alma \u00e9 Deus em Atividade silenciosa!<\/em><\/strong> Este \u201cSil\u00eancio\u201d, desconhecedor dos \u201cru\u00eddos do mundo\u201d, <strong><em>\u00e9 Deus sendo a totalidade da Exist\u00eancia.<\/em><\/strong><\/span><\/h2>\n<h2 align=\"center\"><span style=\"color: #3d3d5b;\">Nesta silenciosa atividade da Alma n\u00e3o h\u00e1 preocupa\u00e7\u00f5es, n\u00e3o h\u00e1 anseios por realiza\u00e7\u00f5es, n\u00e3o h\u00e1 nada al\u00e9m de PAZ; e, principalmente, n\u00e3o h\u00e1 Mente outra \u00a0que n\u00e3o seja a pr\u00f3pria Paz em express\u00e3o.<\/span><\/h2>\n<h2 align=\"center\"><span style=\"color: #3d3d5b;\"><strong><em>A \u201cPr\u00e1tica do Sil\u00eancio\u201d sempre \u00c9!<\/em><\/strong> Ela \u00e9 Deus harmoniosamente <strong>ativo<\/strong> <em>como<\/em> Tudo! Assim como observamos o Sol a irradiar luz e calor silenciosamente pelo espa\u00e7o infinito, nossa Alma irradia a Luz divina em Onia\u00e7\u00e3o silenciosa e perfeita! \u00a0Portanto, sempre que \u201cpraticar o Sil\u00eancio\u201d, n\u00e3o o fa\u00e7a como sendo \u201calgu\u00e9m do mundo\u201d, <em>esfor\u00e7ando-se<\/em> para silenciar \u00a0a suposta \u00a0<strong><em>\u201cmente do mundo\u201d<\/em><\/strong>, em busca de paz! Deixe \u00a0de lado radicalmente este \u201creferencial de miragens\u201d, \u00a0e adote o \u201cReferencial da Alma\u201d. Ache, \u00a0<em>j\u00e1 estabelecida<\/em> em VOC\u00ca MESMO<strong><em>, \u00a0a Onia\u00e7\u00e3o permanente e silenciosa da Alma!<\/em><\/strong>\u00a0 <strong><em>O SIL\u00caNCIO ABSOLUTO \u00c9! A PAZ ABSOLUTA \u00c9! SIL\u00caNCIO E PAZ S\u00c3O UMA CONST\u00c2NCIA ETERNA!<\/em><\/strong><\/span><\/h2>\n<h2 align=\"center\"><span style=\"color: #3d3d5b;\">Contemple este Sil\u00eancio <em>sendo<\/em> o seu <em><strong>Eu!<\/strong><\/em> Contemple esta Paz<strong> sendo<\/strong> o seu <em><strong>Eu!<\/strong><\/em> IDENTIFIQUE-SE COM O SIL\u00caNCIO E COM A PAZ! \u00a0S\u00c3O AMBOS QUALIDADES INERENTES AO <strong><em>EU QUE \u201cVOC\u00ca \u00c9\u201d.<\/em><\/strong>\u00a0 Assim como podemos dizer que \u201cluz e calor\u201d s\u00e3o\u00a0 insepar\u00e1veis da chama de uma vela, Sil\u00eancio e Paz s\u00e3o insepar\u00e1veis do <strong><em>EU que VOC\u00ca \u00c9!<\/em><\/strong><\/span><\/h2>\n<h2 align=\"center\"><span style=\"color: #3d3d5b;\">Todas as agita\u00e7\u00f5es mentais do suposto \u201cmundo de apar\u00eancias\u201d s\u00e3o ILUS\u00d3RIAS! \u00a0Todas as preocupa\u00e7\u00f5es e apreens\u00f5es da suposta \u201cmente humana\u201d s\u00e3o ILUS\u00d3RIAS! Quantas n\u00e3o foram as gera\u00e7\u00f5es que, estando no Sil\u00eancio e na Paz do Infinito, se deixaram levar por ILUS\u00d5ES! Vivenciaram, aparentemente, \u00a0anos e anos de puros \u201cpesadelos\u201d,\u00a0 pelo simples\u00a0 desconhecimento de que <strong><em>A ALMA \u00c9 SEMPRE DESPERTA!<\/em><\/strong><\/span><\/h2>\n<h2 align=\"center\"><span style=\"color: #3d3d5b;\">Cada um que <strong><em>reconhece e se IDENTIFICA<\/em><\/strong> com a <strong><em>\u201csilenciosa Atividade da Alma\u201d, <\/em><\/strong>\u00a0faz enfraquecer o fraudulento \u201chipnotismo de massa<em>\u201d, \u00a0ATRAINDO TODOS A<strong>\u00a0 &#8220;MIM\u201d.<\/strong><\/em><strong><em><br \/>\n<\/em><\/strong><\/span><\/h2>\n<h2 align=\"center\"><span style=\"color: #3d3d5b;\"><strong><em>*<\/em><\/strong><\/span><\/h2>\n","protected":false},"excerpt":{"rendered":"<p>&#8220;No sil\u00eancio e na esperan\u00e7a estar\u00e1 a vossa fortaleza&#8221;. Isa\u00edas, 30: 15. A palavra sil\u00eancio \u00e9 derivada do latim \u201csilentiu\u201d e significa interrup\u00e7\u00e3o de ru\u00eddo ou estado de quem se cala.\u00a0 No estudo do Absoluto, o Sil\u00eancio representa a Verdade Eterna, o estado permanente da Exist\u00eancia, a aus\u00eancia de reconhecimento do ilus\u00f3rio\u00a0 &#8220;mundo de apar\u00eancias&#8221;. &hellip; <\/p>\n<p class=\"link-more\"><a href=\"https:\/\/www.fachodeluz.blog.br\/wp\/2013\/01\/25\/a-silenciosa-atividade-da-alma\/\" class=\"more-link\">Leia mais<span class=\"screen-reader-text\"> &#8220;A Silenciosa Atividade da Alma&#8221;<\/span><\/a><\/p>\n","protected":false},"author":2,"featured_media":0,"comment_status":"closed","ping_status":"closed","sticky":false,"template":"","format":"standard","meta":{"nf_dc_page":"","_crdt_document":"","footnotes":""},"categories":[10],"tags":[],"class_list":["post-11723","post","type-post","status-publish","format-standard","hentry","category-darcio-dezolt"],"featured_media_urls":[],"_links":{"self":[{"href":"https:\/\/www.fachodeluz.blog.br\/wp\/wp-json\/wp\/v2\/posts\/11723","targetHints":{"allow":["GET"]}}],"collection":[{"href":"https:\/\/www.fachodeluz.blog.br\/wp\/wp-json\/wp\/v2\/posts"}],"about":[{"href":"https:\/\/www.fachodeluz.blog.br\/wp\/wp-json\/wp\/v2\/types\/post"}],"author":[{"embeddable":true,"href":"https:\/\/www.fachodeluz.blog.br\/wp\/wp-json\/wp\/v2\/users\/2"}],"replies":[{"embeddable":true,"href":"https:\/\/www.fachodeluz.blog.br\/wp\/wp-json\/wp\/v2\/comments?post=11723"}],"version-history":[{"count":0,"href":"https:\/\/www.fachodeluz.blog.br\/wp\/wp-json\/wp\/v2\/posts\/11723\/revisions"}],"wp:attachment":[{"href":"https:\/\/www.fachodeluz.blog.br\/wp\/wp-json\/wp\/v2\/media?parent=11723"}],"wp:term":[{"taxonomy":"category","embeddable":true,"href":"https:\/\/www.fachodeluz.blog.br\/wp\/wp-json\/wp\/v2\/categories?post=11723"},{"taxonomy":"post_tag","embeddable":true,"href":"https:\/\/www.fachodeluz.blog.br\/wp\/wp-json\/wp\/v2\/tags?post=11723"}],"curies":[{"name":"wp","href":"https:\/\/api.w.org\/{rel}","templated":true}]}}