{"id":11728,"date":"2013-01-26T10:24:40","date_gmt":"2013-01-26T12:24:40","guid":{"rendered":"http:\/\/fachodeluz.blog.br\/wp\/?p=11728"},"modified":"2013-01-26T10:40:09","modified_gmt":"2013-01-26T12:40:09","slug":"o-paraiso-ja-esta-feito","status":"publish","type":"post","link":"https:\/\/www.fachodeluz.blog.br\/wp\/2013\/01\/26\/o-paraiso-ja-esta-feito\/","title":{"rendered":"O Para\u00edso Est\u00e1 Feito!"},"content":{"rendered":"<h3 align=\"center\"><a href=\"https:\/\/i0.wp.com\/fachodeluz.blog.br\/wp\/wp-content\/uploads\/2013\/01\/5441.gif\"><img data-recalc-dims=\"1\" loading=\"lazy\" decoding=\"async\" loading=\"lazy\" class=\"aligncenter size-full wp-image-11732\" title=\"544\" src=\"https:\/\/i0.wp.com\/fachodeluz.blog.br\/wp\/wp-content\/uploads\/2013\/01\/5441.gif?resize=450%2C299\" alt=\"\" width=\"450\" height=\"299\" srcset=\"https:\/\/i0.wp.com\/www.fachodeluz.blog.br\/wp\/wp-content\/uploads\/2013\/01\/5441.gif?w=450&amp;ssl=1 450w, https:\/\/i0.wp.com\/www.fachodeluz.blog.br\/wp\/wp-content\/uploads\/2013\/01\/5441.gif?resize=300%2C199&amp;ssl=1 300w\" sizes=\"auto, (max-width: 450px) 100vw, 450px\" \/><\/a><\/h3>\n<h3 align=\"center\"><span style=\"color: #000080;\"><em>&#8220;O Reino de Deus n\u00e3o vem com apar\u00eancia exterior. Nem dir\u00e3o: Ei-lo aqui! Ou ei-lo ali! Porque eis que o Reino de Deus est\u00e1 entre v\u00f3s&#8221;.<\/em><\/span><\/h3>\n<h3 align=\"center\"><span style=\"color: #000080;\"><em>Lucas, 17: 21.<\/em><\/span><\/h3>\n<h2 align=\"center\"><span style=\"color: #000080;\"><em><strong>DEUS \u00c9 TUDO, TUDO \u00c9 DEUS!<\/strong> <\/em>Esta \u00e9 a premissa b\u00e1sica do estudo absolutista. A cren\u00e7a de que \u201cexiste mundo material\u201d \u00e9 o que leva a maioria a preferir ensinamentos que falam em progresso material, solu\u00e7\u00e3o de problemas humanos, ou seja, que tragam benef\u00edcios \u00a0a esta <em>ILUS\u00c3O COLETIVA<\/em> chamada \u201cmundo material\u201d. Quando Jesus nos \u00a0preveniu: <em>\u201cN\u00e3o ajunteis tesouros na terra&#8230;\u201d<\/em> (Mateus 6: 19), e nos revelou que <em>\u201co Reino de Deus n\u00e3o vem visivelmente\u201d<\/em> (Lucas, 17: 21), estava varrendo, de modo radical e absoluto, o pensamento comum de que, ao lado da REALIDADE ESPIRITUAL haja , tamb\u00e9m, \u00a0\u201cOBJETIVOS MATERIAIS\u201d.<\/span><\/h2>\n<h2 align=\"center\"><span style=\"color: #000080;\">Por que h\u00e1 tantos ensinamentos falando em \u201cprogresso material\u201d, \u00a0em \u201crealiza\u00e7\u00e3o do Reino de Deus na face da terra\u201d, em \u201caprendizados\u201d neste ILUS\u00d3RIO mundo? <strong>POR A REALIDADE ESPIRITUAL <em>\u2013 DEUS SENDO TUDO<\/em> \u2013 N\u00c3O ESTAR SENDO REALMENTE PREGADA E ENALTECIDA COMO <em>VERDADE ONIPRESENTE!<\/em> <\/strong>Tais ensinamentos d\u00e3o valor \u00e0 ILUS\u00c3O, e, \u00e9 desta vis\u00e3o <em>dualista<\/em> que surgem doutrinas que d\u00e3o valor a sofrimentos, que falam em justi\u00e7a divina usando \u201ceste mundo\u201d, em que \u00a0algu\u00e9m supostamente pode \u00a0\u00a0encontrar \u00a0oportunidades de se redimir de erros passados, onde \u201cplanos <strong><em>imperfeitos<\/em><\/strong> de exist\u00eancia\u201d s\u00e3o entendidos como as <strong><em>\u201cmuitas moradas de Deus\u201d,<\/em><\/strong> etc.. \u00a0Desfiar este \u201c<strong><em>ros\u00e1rio de cren\u00e7as falsas\u201d<\/em><\/strong> seria intermin\u00e1vel! Importa, por\u00e9m, o que disse Jesus: <strong><em>\u201cN\u00e3o\u00a0 tenha por meta ajuntar nada neste mundo, nem mesmo criar \u201cpara\u00edso terrestre\u201d \u00a0nenhum! VOC\u00ca J\u00c1 \u00c9 PERFEITO E J\u00c1 VIVE NA REALIDADE PERFEITA! ESTA \u00c9 A REVELA\u00c7\u00c3O ABSOLUTA!<\/em><\/strong><\/span><\/h2>\n<h2 align=\"center\"><span style=\"color: #000080;\">EXPULSE DE SUA ACEITA\u00c7\u00c3O \u00a0A <em>CREN\u00c7A<\/em> EM MUNDO MATERIAL! <strong><em>O PARA\u00cdSO J\u00c1 EST\u00c1 CRIADO! \u00c9 ESPIRITUAL, ONIPRESENTE! E \u00c9 PERMANENTE!<\/em><\/strong> N\u00e3o se iluda com a cren\u00e7a de &#8220;cri\u00e1-lo visivelmente\u201d! Atenha-se em CONTEMPLAR, E \u00a0COM A\u201dMENTE DE CRISTO\u201d, \u00a0<em>O QUE DEUS AGORA FAZ E MANT\u00c9M!<\/em><\/span><\/h2>\n<h2 align=\"center\"><span style=\"color: #000080;\">Seja qual for a \u201capar\u00eancia vis\u00edvel\u201d, de um suposto<em> inferno<\/em> ou de um suposto <em>para\u00edso,<\/em> esta \u201capar\u00eancia\u201d n\u00e3o \u00e9 REALIDADE! A cren\u00e7a de que \u201cvamos construindo o para\u00edso terrestre\u201d, atrav\u00e9s de mudan\u00e7as mentais, \u00e9 A MENTIRA HIPN\u00d3TICA que nos conduz \u00e0 ILUS\u00c3O de que H\u00c1 <em>ALGUM LUGAR<\/em> EM QUE O PARA\u00cdSO N\u00c3O ESTEJA EVIDENCIADO J\u00c1! <strong><em>N\u00e3o caia nesta armadilha!<\/em><\/strong><\/span><\/h2>\n<h2 align=\"center\"><span style=\"color: #000080;\"><strong>DEUS \u00c9 TUDO!<\/strong> E isto n\u00e3o \u00e9 apenas uma \u201cpremissa\u201d, nem mera frase de efeito! &#8220;<strong><em>DEUS \u00c9 TUDO&#8221; \u00c9 A VERDADE ABSOLUTA!<\/em><\/strong><\/span><\/h2>\n<h2 align=\"center\"><span style=\"color: #000080;\"><strong><em>CONTEMPLE O PARA\u00cdSO ONIPRESENTE! CONTEMPLE DEUS SENDO O PARA\u00cdSO INFINITO E UNIVERSALMENTE EVIDENCIADO! CONTEMPLE-SE \u00a0UNICAMENTE ESTANDO NELE, \u00a0E SENDO \u201cFORMADOR\u201d DELE, TAL COMO A GOTA EST\u00c1 NO OCEANO COMO FORMADORA DELE!<\/em><\/strong><\/span><\/h2>\n<h2 align=\"center\"><span style=\"color: #000080;\"><strong>UNICAMENTE DESTA FORMA, <em>DEUS SER\u00c1 TUDO PARA VOC\u00ca! QUAL FORMA? SENDO VOC\u00ca!<\/em><\/strong><\/span><\/h2>\n<h2 align=\"center\"><span style=\"color: #000080;\"><strong><em>*<\/em><\/strong><\/span><\/h2>\n","protected":false},"excerpt":{"rendered":"<p>&#8220;O Reino de Deus n\u00e3o vem com apar\u00eancia exterior. Nem dir\u00e3o: Ei-lo aqui! Ou ei-lo ali! Porque eis que o Reino de Deus est\u00e1 entre v\u00f3s&#8221;. Lucas, 17: 21. DEUS \u00c9 TUDO, TUDO \u00c9 DEUS! Esta \u00e9 a premissa b\u00e1sica do estudo absolutista. A cren\u00e7a de que \u201cexiste mundo material\u201d \u00e9 o que leva a &hellip; <\/p>\n<p class=\"link-more\"><a href=\"https:\/\/www.fachodeluz.blog.br\/wp\/2013\/01\/26\/o-paraiso-ja-esta-feito\/\" class=\"more-link\">Leia mais<span class=\"screen-reader-text\"> &#8220;O Para\u00edso Est\u00e1 Feito!&#8221;<\/span><\/a><\/p>\n","protected":false},"author":2,"featured_media":0,"comment_status":"closed","ping_status":"closed","sticky":false,"template":"","format":"standard","meta":{"nf_dc_page":"","_crdt_document":"","footnotes":""},"categories":[10],"tags":[],"class_list":["post-11728","post","type-post","status-publish","format-standard","hentry","category-darcio-dezolt"],"featured_media_urls":[],"_links":{"self":[{"href":"https:\/\/www.fachodeluz.blog.br\/wp\/wp-json\/wp\/v2\/posts\/11728","targetHints":{"allow":["GET"]}}],"collection":[{"href":"https:\/\/www.fachodeluz.blog.br\/wp\/wp-json\/wp\/v2\/posts"}],"about":[{"href":"https:\/\/www.fachodeluz.blog.br\/wp\/wp-json\/wp\/v2\/types\/post"}],"author":[{"embeddable":true,"href":"https:\/\/www.fachodeluz.blog.br\/wp\/wp-json\/wp\/v2\/users\/2"}],"replies":[{"embeddable":true,"href":"https:\/\/www.fachodeluz.blog.br\/wp\/wp-json\/wp\/v2\/comments?post=11728"}],"version-history":[{"count":0,"href":"https:\/\/www.fachodeluz.blog.br\/wp\/wp-json\/wp\/v2\/posts\/11728\/revisions"}],"wp:attachment":[{"href":"https:\/\/www.fachodeluz.blog.br\/wp\/wp-json\/wp\/v2\/media?parent=11728"}],"wp:term":[{"taxonomy":"category","embeddable":true,"href":"https:\/\/www.fachodeluz.blog.br\/wp\/wp-json\/wp\/v2\/categories?post=11728"},{"taxonomy":"post_tag","embeddable":true,"href":"https:\/\/www.fachodeluz.blog.br\/wp\/wp-json\/wp\/v2\/tags?post=11728"}],"curies":[{"name":"wp","href":"https:\/\/api.w.org\/{rel}","templated":true}]}}