{"id":11873,"date":"2013-02-18T10:58:35","date_gmt":"2013-02-18T13:58:35","guid":{"rendered":"http:\/\/fachodeluz.blog.br\/wp\/?p=11873"},"modified":"2013-02-18T11:00:17","modified_gmt":"2013-02-18T14:00:17","slug":"vem-a-hora-e-agora-e","status":"publish","type":"post","link":"https:\/\/www.fachodeluz.blog.br\/wp\/2013\/02\/18\/vem-a-hora-e-agora-e\/","title":{"rendered":"&#8220;Vem A Hora, E Agora \u00c9!&#8221;"},"content":{"rendered":"<p align=\"center\"><a href=\"https:\/\/i0.wp.com\/fachodeluz.blog.br\/wp\/wp-content\/uploads\/2013\/02\/ag3.gif\"><img data-recalc-dims=\"1\" loading=\"lazy\" decoding=\"async\" loading=\"lazy\" class=\"aligncenter size-full wp-image-11874\" title=\"ag3\" src=\"https:\/\/i0.wp.com\/fachodeluz.blog.br\/wp\/wp-content\/uploads\/2013\/02\/ag3.gif?resize=450%2C325\" alt=\"\" width=\"450\" height=\"325\" srcset=\"https:\/\/i0.wp.com\/www.fachodeluz.blog.br\/wp\/wp-content\/uploads\/2013\/02\/ag3.gif?w=450&amp;ssl=1 450w, https:\/\/i0.wp.com\/www.fachodeluz.blog.br\/wp\/wp-content\/uploads\/2013\/02\/ag3.gif?resize=300%2C216&amp;ssl=1 300w\" sizes=\"auto, (max-width: 450px) 100vw, 450px\" \/><\/a><\/p>\n<h3 align=\"center\"><span style=\"color: #4c004c;\"><strong><em>\u201cEm verdade vos digo que vem a hora, e agora \u00e9, em que os mortos ouvir\u00e3o a voz do Filho de Deus, e os que a ouvirem viver\u00e3o. Porque, como o Pai tem a vida em si mesmo, assim tamb\u00e9m deu ao Filho ter a vida em si mesmo\u201d.<\/em><\/strong><\/span><\/h3>\n<h3 align=\"center\"><span style=\"color: #4c004c;\"><strong>Jo\u00e3o, 5: 25<\/strong><\/span><\/h3>\n<h2 align=\"center\"><span style=\"color: #4c004c;\">Compreender a ess\u00eancia do ensinamento absoluto \u00e9 compreender o que Jesus disse: \u00a0a pessoa \u201cressuscitar\u201d da <em>\u201chora que vem\u201d<\/em> para o <em>\u201cagora que \u00e9\u201d.<\/em> Quem s\u00e3o os <em>mortos?<\/em> S\u00e3o os que se acham \u201cvivos no mundo temporal\u201d. Estes \u201cmortos\u201d acreditam que \u201cuma hora\u201d encontrar\u00e3o Deus, \u201cuma hora\u201d estar\u00e3o no Reino de Deus\u201d, ou que \u201cuma hora\u201d ser\u00e3o \u201cum com Deus\u201d. Que voz estar\u00e3o ouvindo? A \u201cvoz da ilus\u00e3o\u201d. No exato instante em que ouvirem \u201ca voz do filho de Deus\u201d, <strong><em>viver\u00e3o!<\/em><\/strong><\/span><\/h2>\n<h2 align=\"center\"><span style=\"color: #4c004c;\">N\u00e3o existe \u201ctempo\u201d em Deus! DEUS \u00c9 O AGORA ABSOLUTO <em>ATEMPORAL!<\/em> Quando algu\u00e9m deixa de se identificar com \u201chumano em vida temporal\u201d para se ver identificado com o \u201cFilho de Deus\u201d no AGORA que <em>\u201cagora \u00e9\u201d,<\/em> \u00a0comemora sua \u201cressurrei\u00e7\u00e3o dos mortos\u201d, isto \u00e9, n\u00e3o mais estar\u00e1 dando cr\u00e9dito \u00e0 <em>ILUS\u00c3O<\/em> de que exista vida na mat\u00e9ria.<\/span><\/h2>\n<h2 align=\"center\"><span style=\"color: #4c004c;\">N\u00e3o existem obras de Deus em suposto \u201cmundo material\u201d. <strong><em>DEUS \u00c9 ESP\u00cdRITO, E DEUS \u00c9 TUDO! <\/em><\/strong>Cada um que \u201cressuscita dos mortos\u201d encontra VIDA EM SI MESMO, disse Jesus. Todos n\u00f3s temos VIDA EM N\u00d3S MESMOS, eterna, perfeita e permanente! Acreditar que \u201calgu\u00e9m nasce\u201d ou que, portanto, \u201calgu\u00e9m morre\u201d, significa <strong><em>\u201couvir a voz da ILUS\u00c3O\u201d.<\/em><\/strong><\/span><\/h2>\n<h2 align=\"center\"><span style=\"color: #4c004c;\">Para explicar que ningu\u00e9m \u201cnasce\u201d, Jesus disse: <em>\u201cE a ningu\u00e9m chameis de pai na terra, porque um s\u00f3 \u00e9 o vosso Pai, o qual est\u00e1 nos c\u00e9us\u201d<\/em> (Mateus, 23: 9). Que est\u00e1 sendo dito? Que o Pai \u201ctem vida em si mesmo\u201d no \u201cAGORA QUE \u00c9\u201d &#8211; <strong><em>\u201cNOS C\u00c9US\u201d<\/em><\/strong> \u2013 e que TODOS N\u00d3S, \u201cassim como o Pai tem a vida em SI MESMO, e deu ao FILHO ter a vida em SI MESMO, temos <em>VIDA EM N\u00d3S MESMOS!<\/em><\/span><\/h2>\n<h2 align=\"center\"><span style=\"color: #4c004c;\">Se formos chamar de\u00a0 pai \u201calgu\u00e9m na terra\u201d, seremos iludidos pela cren\u00e7a coletiva e ortodoxa de que \u201cs\u00f3 Jesus \u00e9 Filho de Deus\u201d, isto \u00e9, estaremos nos identificando como \u201cmortos\u201d.\u00a0 Infelizmente, as religi\u00f5es, que deveriam \u201cressuscitar os mortos\u201d, revelando a Verdade anunciada por Jesus, continuaram a alimentar a fogueira da \u201cilus\u00e3o\u201d, pisando e repisando ser \u201cJesus \u00e9 o filho unig\u00eanito de Deus\u201d, e o restante da humanidade ser meras \u201ccriaturas de Deus\u201d. <strong><em>Se pregassem que \u201cn\u00e3o dever\u00edamos chamar a ningu\u00e9m na terra de pai, ficariam obrigadas a ensinar que O PAI DEU A TODOS OS FILHOS \u201cTER VIDA EM SI MESMOS\u201d!<\/em><\/strong><\/span><\/h2>\n<h2 align=\"center\"><span style=\"color: #4c004c;\">Destas prega\u00e7\u00f5es materialistas v\u00eam os bloqueios \u00e0s revela\u00e7\u00f5es absolutas! De que forma? De todas! <strong><em>\u201cVoc\u00ea quer dizer que acredita \u00a0n\u00e3o haver \u00a0diferen\u00e7a entre Jesus e um assaltante de banco? Voc\u00ea ficou louco!\u201d<\/em><\/strong>\u00a0 Frases de espanto desse tipo eu j\u00e1 perdi a conta de quantas vezes ouvi! Em muitas vezes eu respondi citando Paulo: <em>\u201cNingu\u00e9m se engane a si mesmo; se algu\u00e9m dentre v\u00f3s se tem por s\u00e1bio neste mundo, <strong>fa\u00e7a-se louco<\/strong> para ser s\u00e1bio. Porque a sabedoria deste mundo \u00e9 loucura diante de Deus; pois Ele apanha os s\u00e1bios na sua pr\u00f3pria ast\u00facia\u201d<\/em> (I Cor. 3: 18-19).<\/span><\/h2>\n<h2 align=\"center\"><span style=\"color: #4c004c;\">S\u00e3o exatamente estes, que <em>\u201cse tem por s\u00e1bios neste mundo\u201d<\/em>, os \u201cmortos\u201d do <strong><em>\u201cvem a hora\u201d;<\/em><\/strong> \u00a0e s\u00e3o \u00a0exatamente os <em>\u201cque se fazem loucos\u201d,<\/em> os eternos VIVOS do <strong><em>\u201cagora \u00e9\u201d.<\/em><\/strong><\/span><\/h2>\n<h2 align=\"center\"><span style=\"color: #4c004c;\">A Verdade \u00e9 a Verdade AGORA! Se VOC\u00ca se fez \u201clouco\u201d, est\u00e1 AGORA com a VIDA EM SI MESMO revelada: <em>O CRISTO!\u00a0<\/em> <strong><em>A VIDA\u00a0 ETERNA DO PAI SENDO O FILHO QUE VOC\u00ca \u00c9!<\/em><\/strong><\/span><\/h2>\n<h3 align=\"center\"><\/h3>\n<h3 align=\"center\"><span style=\"color: #4c004c;\"><strong><em>\u201cPortanto, se j\u00e1 ressuscitastes com Cristo, buscai as coisas que s\u00e3o de cima, onde Cristo est\u00e1 assentado \u00e0 destra de Deus. Pensai nas coisas que s\u00e3o de cima, e n\u00e3o das que s\u00e3o da terra. Porque j\u00e1 estais mortos, e vossa vida est\u00e1 escondida com Cristo em Deus. Quando Cristo, que \u00e9 a nossa vida, se manifestar, ent\u00e3o tamb\u00e9m v\u00f3s vos manifestareis com ele em gl\u00f3ria.\u201d <\/em><\/strong><\/span><\/h3>\n<h3 align=\"center\"><span style=\"color: #4c004c;\"><strong>(Col. 3: 1-4).<\/strong><\/span><\/h3>\n","protected":false},"excerpt":{"rendered":"<p>\u201cEm verdade vos digo que vem a hora, e agora \u00e9, em que os mortos ouvir\u00e3o a voz do Filho de Deus, e os que a ouvirem viver\u00e3o. Porque, como o Pai tem a vida em si mesmo, assim tamb\u00e9m deu ao Filho ter a vida em si mesmo\u201d. Jo\u00e3o, 5: 25 Compreender a ess\u00eancia &hellip; <\/p>\n<p class=\"link-more\"><a href=\"https:\/\/www.fachodeluz.blog.br\/wp\/2013\/02\/18\/vem-a-hora-e-agora-e\/\" class=\"more-link\">Leia mais<span class=\"screen-reader-text\"> &#8220;&#8220;Vem A Hora, E Agora \u00c9!&#8221;&#8221;<\/span><\/a><\/p>\n","protected":false},"author":2,"featured_media":0,"comment_status":"closed","ping_status":"closed","sticky":false,"template":"","format":"standard","meta":{"nf_dc_page":"","_crdt_document":"","footnotes":""},"categories":[10],"tags":[],"class_list":["post-11873","post","type-post","status-publish","format-standard","hentry","category-darcio-dezolt"],"featured_media_urls":[],"_links":{"self":[{"href":"https:\/\/www.fachodeluz.blog.br\/wp\/wp-json\/wp\/v2\/posts\/11873","targetHints":{"allow":["GET"]}}],"collection":[{"href":"https:\/\/www.fachodeluz.blog.br\/wp\/wp-json\/wp\/v2\/posts"}],"about":[{"href":"https:\/\/www.fachodeluz.blog.br\/wp\/wp-json\/wp\/v2\/types\/post"}],"author":[{"embeddable":true,"href":"https:\/\/www.fachodeluz.blog.br\/wp\/wp-json\/wp\/v2\/users\/2"}],"replies":[{"embeddable":true,"href":"https:\/\/www.fachodeluz.blog.br\/wp\/wp-json\/wp\/v2\/comments?post=11873"}],"version-history":[{"count":0,"href":"https:\/\/www.fachodeluz.blog.br\/wp\/wp-json\/wp\/v2\/posts\/11873\/revisions"}],"wp:attachment":[{"href":"https:\/\/www.fachodeluz.blog.br\/wp\/wp-json\/wp\/v2\/media?parent=11873"}],"wp:term":[{"taxonomy":"category","embeddable":true,"href":"https:\/\/www.fachodeluz.blog.br\/wp\/wp-json\/wp\/v2\/categories?post=11873"},{"taxonomy":"post_tag","embeddable":true,"href":"https:\/\/www.fachodeluz.blog.br\/wp\/wp-json\/wp\/v2\/tags?post=11873"}],"curies":[{"name":"wp","href":"https:\/\/api.w.org\/{rel}","templated":true}]}}