{"id":11921,"date":"2013-02-27T11:18:15","date_gmt":"2013-02-27T14:18:15","guid":{"rendered":"http:\/\/fachodeluz.blog.br\/wp\/?p=11921"},"modified":"2013-02-27T12:16:48","modified_gmt":"2013-02-27T15:16:48","slug":"tira-primeiro-a-trave-do-teu-olho","status":"publish","type":"post","link":"https:\/\/www.fachodeluz.blog.br\/wp\/2013\/02\/27\/tira-primeiro-a-trave-do-teu-olho\/","title":{"rendered":"&#8220;Tira Primeiro A Trave Do Teu Olho&#8221;"},"content":{"rendered":"<h2 align=\"center\"><a href=\"https:\/\/i0.wp.com\/fachodeluz.blog.br\/wp\/wp-content\/uploads\/2013\/02\/mascaras.gif\"><img data-recalc-dims=\"1\" loading=\"lazy\" decoding=\"async\" loading=\"lazy\" class=\"aligncenter size-full wp-image-11922\" title=\"mascaras\" src=\"https:\/\/i0.wp.com\/fachodeluz.blog.br\/wp\/wp-content\/uploads\/2013\/02\/mascaras.gif?resize=450%2C343\" alt=\"\" width=\"450\" height=\"343\" srcset=\"https:\/\/i0.wp.com\/www.fachodeluz.blog.br\/wp\/wp-content\/uploads\/2013\/02\/mascaras.gif?w=450&amp;ssl=1 450w, https:\/\/i0.wp.com\/www.fachodeluz.blog.br\/wp\/wp-content\/uploads\/2013\/02\/mascaras.gif?resize=300%2C228&amp;ssl=1 300w\" sizes=\"auto, (max-width: 450px) 100vw, 450px\" \/><\/a><\/h2>\n<h3 align=\"center\"><span style=\"color: #ad6800;\"><em>\u201cPorque reparas tu no argueiro que est\u00e1 no olho de teu irm\u00e3o, e n\u00e3o v\u00eas a trave que est\u00e1 em teu olho? Ou como dir\u00e1s a teu irm\u00e3o: deixa-me tirar o argueiro do teu olho, estando uma trave no teu? Hip\u00f3crita, tira primeiro a trave do teu olho, e ent\u00e3o cuidar\u00e1s em tirar o argueiro do olho do teu irm\u00e3o\u201d.<\/em><\/span><\/h3>\n<h3 align=\"center\"><span style=\"color: #ad6800;\"><em>Mateus, 7: 3-5<\/em> <\/span><\/h3>\n<h2 align=\"center\"><span style=\"color: #ad6800;\">O sentido comum desta passagem j\u00e1 \u00e9 bem conhecido no meio religioso, onde \u00e9 somente entendido em termos de <em>personalidades humanas<\/em> envolvidas, isto \u00e9, se algu\u00e9m deste mundo aponta o dedo para destacar defeitos ou imperfei\u00e7\u00f5es do pr\u00f3ximo, deveria, primeiramente, dedicar-se em eliminar os seus pr\u00f3prios, ficando, nesse caso, mais coerente consigo mesmo.<\/span><\/h2>\n<h2 align=\"center\"><span style=\"color: #ad6800;\">Estas interpreta\u00e7\u00f5es relativas destoam inteiramente do enfoque absolutista, que n\u00e3o admite erros e imperfei\u00e7\u00f5es como exist\u00eancias! \u00c9 evidente ser prefer\u00edvel refrear a mente humana, sempre pronta a somente ver e criticar o pr\u00f3ximo, do que deix\u00e1-la solta para assim agir; por\u00e9m, o sentido absoluto desta passagem vai integralmente al\u00e9m \u201cdeste mundo\u201d, por tratar-se do \u201crenascimento espiritual\u201d, do conhecimento da Verdade Absoluta de que <strong><em>a real identidade do homem \u00e9 divina e n\u00e3o humana.<\/em><\/strong><\/span><\/h2>\n<h2 align=\"center\"><span style=\"color: #ad6800;\">Se algu\u00e9m vai ao circo e ali v\u00ea a atua\u00e7\u00e3o de um palha\u00e7o, se lhe perguntarem: <em>\u201cVoc\u00ea est\u00e1 vendo o palha\u00e7o?\u201d,<\/em> ele, obviamente, dir\u00e1 que sim. Mas se aquele palha\u00e7o, fora de encena\u00e7\u00e3o, se chamar Jo\u00e3o, e estiver devendo mil reais para algu\u00e9m que saiba a sua profiss\u00e3o, este algu\u00e9m, indo ao circo cobrar-lhe, n\u00e3o ver\u00e1 palha\u00e7o nenhum! Ver\u00e1 unicamente o \u201cJo\u00e3o que lhe deve mil reais\u201d, sem se deixar levar pela \u201capar\u00eancia de palha\u00e7o\u201d. Caso o \u201cpalha\u00e7o\u201d diga a ele: <em>\u201cV\u00e1 procurar o Jo\u00e3o! N\u00e3o v\u00ea que eu sou o palha\u00e7o!\u201d,<\/em> isto seria visto como piada pelo seu cobrador. <\/span><\/h2>\n<h2 align=\"center\"><span style=\"color: #ad6800;\">O <em>\u201crenascimento espiritual\u201d<\/em> varre toda \u201cfantasia de palha\u00e7o\u201d com que a humanidade se veste! Uns se fantasiam de professores, outros de criminosos, outros de pessoas evolu\u00eddas, outros de pessoas em grau inferior de evolu\u00e7\u00e3o, outros de s\u00e3os, outros de doentes, outros de pobres, outros de ricos, outros de amigos, outros de inimigos, etc.. <strong><em>Este \u00e9 o \u201cmundo teatral do pai da mentira\u201d.<\/em><\/strong> Enquanto as \u201cfantasias\u201d estiverem convencendo, este suposto \u201cconvencido\u201d estar\u00e1 com \u201cA TRAVE NO OLHO\u201d. Por qu\u00ea? Por acreditar que \u201co mundo do pai da mentira\u201d \u00e9 o REINO DA VERDADE! Por estar enxergando com a \u201cTRAVE NO OLHO\u201d, que se chama <strong><em>MENTE CARNAL!<\/em><\/strong> <\/span><\/h2>\n<h2 align=\"center\"><span style=\"color: #ad6800;\">Todo aquele que \u201cv\u00ea com a trave no olho\u201d v\u00ea unicamente <strong><em>uma ILUS\u00c3O!<\/em><\/strong> <em>\u201cMas como est\u00e1 escrito: as coisas que o olho n\u00e3o viu, e o ouvido n\u00e3o ouviu, e n\u00e3o subiram ao cora\u00e7\u00e3o do homem, s\u00e3o as que Deus preparou para os que o amam\u201d<\/em> (I Cor. 2: 9). O que o ap\u00f3stolo diz, \u00e9 que \u201ctudo que estiver sendo visto atrav\u00e9s dos sentidos humanos\u201d n\u00e3o \u00e9 a Cria\u00e7\u00e3o de Deus! <strong><em>\u00c9, portanto,<\/em><\/strong> <strong><em>a \u201cilus\u00e3o vendo a si mesma!\u201d<\/em><\/strong> A quest\u00e3o, nesse caso, \u00a0n\u00e3o est\u00e1 em acharmos \u201cexplica\u00e7\u00f5es\u201d para as supostas \u201cdesigualdades\u201d testemunhadas pela \u201cmente carnal\u201d, mas <strong>NEG\u00c1-LA<\/strong> como nossa mente verdadeira!<\/span><\/h2>\n<h2 align=\"center\"><span style=\"color: #ad6800;\"><em>\u201cOra, o homem natural n\u00e3o compreende as coisas do Esp\u00edrito de Deus, porque lhe parecem loucura, e n\u00e3o pode entend\u00ea-las, porque elas se discernem espiritualmente. Mas o que \u00e9 espiritual discerne bem tudo, e ele de ningu\u00e9m \u00e9 discernido. Porque quem conheceu a mente do Senhor para que possa instru\u00ed-lo? <strong>MAS N\u00d3S TEMOS A MENTE DE CRISTO\u201d<\/strong><\/em> (I Cor.2: 14-16).<\/span><\/h2>\n<h2 align=\"center\"><span style=\"color: #ad6800;\">Quando VOC\u00ca admitir \u201cTER A MENTE DE CRISTO\u201d, e aceitar, com ela, que DEUS \u00c9 TUDO, estar\u00e1 SEM A TRAVE NO OLHO! O ensinamento real e absoluto est\u00e1 neste reconhecimento de que<strong><em> \u201ctemos a Mente de Cristo\u201d,<\/em><\/strong> a MENTE DIVINA ONIPRESENTE, evidenciada <em>como<\/em> a Mente individual de cada um de n\u00f3s. <\/span><\/h2>\n<h2 align=\"center\"><span style=\"color: #ad6800;\">Muitas vezes, lendo os textos da Verdade absoluta, as pessoas me perguntam<strong><em>: \u201cO homem \u00e9 realmente Deus?\u201d<\/em><\/strong> A resposta \u00e9: <strong><em>\u201cDEPENDE! Se for visto SEM A FANTASIA, SIM! Se for visto FANTASIADO, N\u00c3O\u201d!<\/em><\/strong><\/span><\/h2>\n<h2 align=\"center\"><span style=\"color: #ad6800;\">O \u201cpalha\u00e7o\u201d era Jo\u00e3o? Depende! Para aquele que foi ao circo disposto a se ILUDIR pela fantasia, era PALHA\u00c7O! Para aquele que foi \u201cCOBRAR O JO\u00c3O\u201d, ERA JO\u00c3O! \u00a0<strong><em>TUDO DEPENDE DO REFERENCIAL!<\/em><\/strong><\/span><\/h2>\n<h2 align=\"center\"><span style=\"color: #ad6800;\">Em Jo\u00e3o, 10:34, Jesus confirma: <em>\u201cSois deuses!\u201d<\/em> Assim somos todos definidos pelas Escrituras! \u00a0Com a \u201cmente dos judeus\u201d, apedrejar\u00edamos os que se dizem \u201cdeuses\u201d. Mas, com a <em>Mente de Cristo,<\/em> assim como fez Jesus, igualmente endossaremos estas palavras! <strong>DEUS \u00c9 TUDO!<\/strong> <em>\u201cSOMOS DEUSES\u201d,<\/em> <strong><em>\u201cTEMOS A MENTE DE CRISTO!\u201d<\/em><\/strong> Com esta Verdade conhecida e contemplada, <em>n\u00e3o mais nos veremos, E NEM AO PR\u00d3XIMO,<\/em> com <strong><em>A TRAVE NO OLHO!<\/em><\/strong><\/span><\/h2>\n<h3 align=\"center\"><span style=\"color: #ad6800;\"><em>&#8220;Daqui por diante, a ningu\u00e9m conhecemos segundo a carne, e, ainda que tamb\u00e9m tenhamos conhecido Cristo segundo a carne, contudo, agora, j\u00e1 o n\u00e3o conhecemos deste modo\u201d.<\/em><\/span><\/h3>\n<h3 align=\"center\"><span style=\"color: #ad6800;\">2 Cor. 5:16<\/span><\/h3>\n<h2 align=\"center\"><span style=\"color: #ad6800;\">*<\/span><\/h2>\n<p>&nbsp;<\/p>\n","protected":false},"excerpt":{"rendered":"<p>\u201cPorque reparas tu no argueiro que est\u00e1 no olho de teu irm\u00e3o, e n\u00e3o v\u00eas a trave que est\u00e1 em teu olho? Ou como dir\u00e1s a teu irm\u00e3o: deixa-me tirar o argueiro do teu olho, estando uma trave no teu? Hip\u00f3crita, tira primeiro a trave do teu olho, e ent\u00e3o cuidar\u00e1s em tirar o argueiro &hellip; <\/p>\n<p class=\"link-more\"><a href=\"https:\/\/www.fachodeluz.blog.br\/wp\/2013\/02\/27\/tira-primeiro-a-trave-do-teu-olho\/\" class=\"more-link\">Leia mais<span class=\"screen-reader-text\"> &#8220;&#8220;Tira Primeiro A Trave Do Teu Olho&#8221;&#8221;<\/span><\/a><\/p>\n","protected":false},"author":2,"featured_media":0,"comment_status":"closed","ping_status":"closed","sticky":false,"template":"","format":"standard","meta":{"nf_dc_page":"","_crdt_document":"","footnotes":""},"categories":[10],"tags":[],"class_list":["post-11921","post","type-post","status-publish","format-standard","hentry","category-darcio-dezolt"],"featured_media_urls":[],"_links":{"self":[{"href":"https:\/\/www.fachodeluz.blog.br\/wp\/wp-json\/wp\/v2\/posts\/11921","targetHints":{"allow":["GET"]}}],"collection":[{"href":"https:\/\/www.fachodeluz.blog.br\/wp\/wp-json\/wp\/v2\/posts"}],"about":[{"href":"https:\/\/www.fachodeluz.blog.br\/wp\/wp-json\/wp\/v2\/types\/post"}],"author":[{"embeddable":true,"href":"https:\/\/www.fachodeluz.blog.br\/wp\/wp-json\/wp\/v2\/users\/2"}],"replies":[{"embeddable":true,"href":"https:\/\/www.fachodeluz.blog.br\/wp\/wp-json\/wp\/v2\/comments?post=11921"}],"version-history":[{"count":0,"href":"https:\/\/www.fachodeluz.blog.br\/wp\/wp-json\/wp\/v2\/posts\/11921\/revisions"}],"wp:attachment":[{"href":"https:\/\/www.fachodeluz.blog.br\/wp\/wp-json\/wp\/v2\/media?parent=11921"}],"wp:term":[{"taxonomy":"category","embeddable":true,"href":"https:\/\/www.fachodeluz.blog.br\/wp\/wp-json\/wp\/v2\/categories?post=11921"},{"taxonomy":"post_tag","embeddable":true,"href":"https:\/\/www.fachodeluz.blog.br\/wp\/wp-json\/wp\/v2\/tags?post=11921"}],"curies":[{"name":"wp","href":"https:\/\/api.w.org\/{rel}","templated":true}]}}