{"id":12016,"date":"2013-03-14T14:01:32","date_gmt":"2013-03-14T17:01:32","guid":{"rendered":"http:\/\/fachodeluz.blog.br\/wp\/?p=12016"},"modified":"2013-03-14T14:02:37","modified_gmt":"2013-03-14T17:02:37","slug":"o-espirito-do-senhor-e-sobre-mim","status":"publish","type":"post","link":"https:\/\/www.fachodeluz.blog.br\/wp\/2013\/03\/14\/o-espirito-do-senhor-e-sobre-mim\/","title":{"rendered":"&#8220;O Esp\u00edrito Do Senhor \u00c9 Sobre Mim&#8221;"},"content":{"rendered":"<h2 align=\"center\"><a href=\"https:\/\/i0.wp.com\/fachodeluz.blog.br\/wp\/wp-content\/uploads\/2013\/03\/ungido1.gif\"><img data-recalc-dims=\"1\" loading=\"lazy\" decoding=\"async\" loading=\"lazy\" class=\"aligncenter size-full wp-image-12018\" alt=\"\" src=\"https:\/\/i0.wp.com\/fachodeluz.blog.br\/wp\/wp-content\/uploads\/2013\/03\/ungido1.gif?resize=450%2C403\" width=\"450\" height=\"403\" \/><\/a><\/h2>\n<h3 align=\"center\"><span style=\"color: #993300;\"><strong><em>\u201cO Esp\u00edrito do Senhor est\u00e1 sobre mim, porque o Senhor me ungiu para pregar boas novas aos mansos, enviou-me a restaurar os contritos de cora\u00e7\u00e3o, a proclamar liberdade aos cativos , e a abertura de pris\u00e3o os presos\u201d.<\/em><\/strong><\/span><\/h3>\n<h3 align=\"center\"><span style=\"color: #993300;\"><strong>Isa\u00edas, 61: 1-3<\/strong><\/span><\/h3>\n<h2 align=\"center\"><span style=\"color: #993300;\">A felicidade, a harmonia, a paz, a sa\u00fade e a prosperidade, s\u00e3o o que a humanidade sempre esteve buscando e de todas as maneiras. Por qu\u00ea? Por as pessoas saberem, intuitivamente, que \u201cj\u00e1 possuem\u201d, e permanentemente, todas estas b\u00ean\u00e7\u00e3os! De alguma forma, todas sabem da exist\u00eancia delas, mas n\u00e3o conseguem v\u00ea-las nem desfrut\u00e1-las, porque a suposta \u201cmente humana\u201d, que acreditam ser a mente que possuem, n\u00e3o \u00e9 apta para discerni-las como presentes, aqui e agora. Em vista desta cegueira, acreditam que \u201ch\u00e1 algo\u201d de que precisam, e que devam buscar, e \u00e9 quando passam a batalhar e se esfor\u00e7ar para \u201cobt\u00ea-las\u201d no suposto \u201dmundo material\u201d. \u00a0<\/span><\/h2>\n<h2 align=\"center\"><span style=\"color: #993300;\">Que diz a cita\u00e7\u00e3o de Isa\u00edas? Explica a maneira de se dar fim \u00e0quela ilus\u00e3o de que o homem \u00e9 um ser carnal destinado a \u201cganhar o p\u00e3o com o suor do rosto\u201d. \u00a0<\/span><\/h2>\n<h2 align=\"center\"><span style=\"color: #993300;\">Em Lucas, 4: 15, podemos ler: <em>\u201cE chegando a Nazar\u00e9, onde fora criado, entrou num dia de s\u00e1bado, segundo o seu costume, na sinagoga, e levantou-se para ler. E foi dado o livro do profeta Isa\u00edas; e, quando abriu o livro, achou o lugar em que estava escrito: O Esp\u00edrito do Senhor \u00e9 sobre mim, pois que me ungiu para evangelizar os pobres, enviou-me a curar os quebrantados do cora\u00e7\u00e3o, a apregoar liberdade aos cativos, dar vista aos cegos, a p\u00f4r em liberdade os oprimidos, a anunciar o ano aceit\u00e1vel do Senhor. E cerrando o livro e tornando-o a dar ao ministro, assentou-se; e os olhos de todos na sinagoga estavam fitos nele. Ent\u00e3o come\u00e7ou a dizer-lhes: \u00a0Hoje se cumpriu esta escritura em vossos ouvidos\u201d.<\/em><\/span><\/h2>\n<h2 align=\"center\"><span style=\"color: #993300;\">Jesus, citando Isa\u00edas e fazendo total identifica\u00e7\u00e3o com as palavras reveladas, disse: <em>\u201cHoje se cumpriu esta escritura em vossos ouvidos\u201d, \u00a0<\/em>oferecendo a mim, a voc\u00ea, e \u00e0 humanidade toda, a oportunidade de segui-lo, ou seja; ABRIR TAMB\u00c9M O LIVRO DE ISA\u00cdAS, RECONHECER O ESP\u00cdRITO DE DEUS \u201cEM MIM\u201d \u2013 EM SI MESMO \u2013 EXCLUINDO A CREN\u00c7A EM EXIST\u00caNCIA HUMANA, O QUE, NATURALMENTE, P\u00d5E FIM A TODAS AS \u201cAPAR\u00caNCIAS\u201d DE CAR\u00caNCIA, OU SEJA, D\u00c1 FIM \u00c0 <strong><em>ILUS\u00c3O!<\/em><\/strong><\/span><\/h2>\n<h2 align=\"center\"><span style=\"color: #993300;\"><em>\u201cCristo \u00e9 tudo em todos\u201d<\/em> (Col. 3: 11). Quando Paulo afirmou esta Verdade, estava explicando que, assim como \u201co Pai em Mim\u201d \u00e9 a <em>\u201cunidade perfeita\u201d<\/em> representada por Jesus, igualmente \u201co Pai em Mim\u201d, \u00a0\u00e9 a <em>mesma \u201cunidade perfeita\u201d,<\/em> com rela\u00e7\u00e3o ao \u201cCristo\u201d <strong>em n\u00f3s todos.<\/strong><\/span><\/h2>\n<h2 align=\"center\"><span style=\"color: #993300;\">\u00a0Como Deus \u00e9 Onipresente, a Verdade \u00e9 universal! Esta \u201cuniversalidade da Verdade\u201d foi tamb\u00e9m exposta por Jesus, quando disse: \u201c<em>Quem cr\u00ea em MIM, cr\u00ea n\u00e3o em mim, mas NAQUELE que me enviou\u201d<\/em> (Jo\u00e3o, 12: 44). Qualquer de n\u00f3s, renascido, vendo-se despojado do \u201chomem natural\u201d para se reconhecer \u00a0identificado com o \u201cCristo em Si mesmo\u201d, abrindo o livro de Isa\u00edas \u00a0e se volvendo \u201ca MIM\u201d, &#8211; ao \u201cEsp\u00edrito de Deus em Si mesmo\u201d \u2013 est\u00e1 em posi\u00e7\u00e3o id\u00eantica \u00e0 de Jesus, podendo, em vista disso, dizer e, e com conhecimento, <em>que \u201cHOJE SE CUMPRIU ESTA ESCRITURA\u201d.<\/em><\/span><\/h2>\n<h2 align=\"center\"><span style=\"color: #993300;\">Veja-se, agora, abrindo <em>o livro de Isa\u00edas,<\/em> reconhecendo que <em>\u201co Esp\u00edrito de Deus \u00e9 sobre MIM\u201d,<\/em> ou seja, \u201csobre o Cristo em VOC\u00ca\u201d; e ent\u00e3o, contemple:<\/span><\/h2>\n<h2 align=\"center\"><span style=\"color: #993300;\"><strong><em>O ESP\u00cdRITO DO SENHOR \u00c9 SOBRE MIM, POIS QUE ME UNGIU PARA EVANGELIZAR OS POBRES, CURAR OS QUEBRANTADOS DO CORA\u00c7\u00c3O, LIBERTAR OS CATIVOS, DAR VISTA AOS CEGOS, P\u00d4R EM LIBERDADE OS OPRIMIDOS E ANUNCIAR O ANO ACEIT\u00c1VEL DO SENHOR. HOJE ESTA ESCRITURA SE CUMPRIU! EM MIM!<\/em><\/strong><\/span><\/h2>\n<h2 align=\"center\"><span style=\"color: #993300;\"><strong><em>*<\/em><\/strong><\/span><\/h2>\n","protected":false},"excerpt":{"rendered":"<p>\u201cO Esp\u00edrito do Senhor est\u00e1 sobre mim, porque o Senhor me ungiu para pregar boas novas aos mansos, enviou-me a restaurar os contritos de cora\u00e7\u00e3o, a proclamar liberdade aos cativos , e a abertura de pris\u00e3o os presos\u201d. Isa\u00edas, 61: 1-3 A felicidade, a harmonia, a paz, a sa\u00fade e a prosperidade, s\u00e3o o que &hellip; <\/p>\n<p class=\"link-more\"><a href=\"https:\/\/www.fachodeluz.blog.br\/wp\/2013\/03\/14\/o-espirito-do-senhor-e-sobre-mim\/\" class=\"more-link\">Leia mais<span class=\"screen-reader-text\"> &#8220;&#8220;O Esp\u00edrito Do Senhor \u00c9 Sobre Mim&#8221;&#8221;<\/span><\/a><\/p>\n","protected":false},"author":2,"featured_media":0,"comment_status":"closed","ping_status":"closed","sticky":false,"template":"","format":"standard","meta":{"nf_dc_page":"","_crdt_document":"","footnotes":""},"categories":[10],"tags":[],"class_list":["post-12016","post","type-post","status-publish","format-standard","hentry","category-darcio-dezolt"],"featured_media_urls":[],"_links":{"self":[{"href":"https:\/\/www.fachodeluz.blog.br\/wp\/wp-json\/wp\/v2\/posts\/12016","targetHints":{"allow":["GET"]}}],"collection":[{"href":"https:\/\/www.fachodeluz.blog.br\/wp\/wp-json\/wp\/v2\/posts"}],"about":[{"href":"https:\/\/www.fachodeluz.blog.br\/wp\/wp-json\/wp\/v2\/types\/post"}],"author":[{"embeddable":true,"href":"https:\/\/www.fachodeluz.blog.br\/wp\/wp-json\/wp\/v2\/users\/2"}],"replies":[{"embeddable":true,"href":"https:\/\/www.fachodeluz.blog.br\/wp\/wp-json\/wp\/v2\/comments?post=12016"}],"version-history":[{"count":0,"href":"https:\/\/www.fachodeluz.blog.br\/wp\/wp-json\/wp\/v2\/posts\/12016\/revisions"}],"wp:attachment":[{"href":"https:\/\/www.fachodeluz.blog.br\/wp\/wp-json\/wp\/v2\/media?parent=12016"}],"wp:term":[{"taxonomy":"category","embeddable":true,"href":"https:\/\/www.fachodeluz.blog.br\/wp\/wp-json\/wp\/v2\/categories?post=12016"},{"taxonomy":"post_tag","embeddable":true,"href":"https:\/\/www.fachodeluz.blog.br\/wp\/wp-json\/wp\/v2\/tags?post=12016"}],"curies":[{"name":"wp","href":"https:\/\/api.w.org\/{rel}","templated":true}]}}