{"id":12028,"date":"2013-03-16T13:22:20","date_gmt":"2013-03-16T16:22:20","guid":{"rendered":"http:\/\/fachodeluz.blog.br\/wp\/?p=12028"},"modified":"2013-03-16T13:52:23","modified_gmt":"2013-03-16T16:52:23","slug":"destruirei-a-sabedoria-dos-sabios-2","status":"publish","type":"post","link":"https:\/\/www.fachodeluz.blog.br\/wp\/2013\/03\/16\/destruirei-a-sabedoria-dos-sabios-2\/","title":{"rendered":"&#8220;Destruirei A Sabedoria Dos S\u00e1bios!&#8221;"},"content":{"rendered":"<h3 align=\"center\"><\/h3>\n<h3 align=\"center\"><a href=\"https:\/\/i0.wp.com\/fachodeluz.blog.br\/wp\/wp-content\/uploads\/2013\/03\/SS11.gif\"><img data-recalc-dims=\"1\" loading=\"lazy\" decoding=\"async\" loading=\"lazy\" class=\"aligncenter size-full wp-image-12034\" alt=\"SS1\" src=\"https:\/\/i0.wp.com\/fachodeluz.blog.br\/wp\/wp-content\/uploads\/2013\/03\/SS11.gif?resize=450%2C313\" width=\"450\" height=\"313\" \/><\/a><\/h3>\n<h3 align=\"center\"><i>\u201cPorque est\u00e1 escrito:Destruirei a sabedoria dos s\u00e1bios, e aniquilarei a intelig\u00eancia dos inteligentes. Onde est\u00e1 o s\u00e1bio? Onde est\u00e1 o escriba? Onde est\u00e1 o inquiridor deste s\u00e9culo? Porventura n\u00e3o tornou Deus louca a sabedoria deste mundo?\u201d<\/i><\/h3>\n<h3 align=\"center\">I Cor., 2: 19-20<\/h3>\n<h2 style=\"text-align: center;\">\u00a0Perguntado sobre o Cristianismo, <i>Mahatma Gandhi<\/i> respondeu: <i>\u201cAceito o Cristo e o seu Evangelho, mas n\u00e3o aceito o vosso Cristianismo\u201d.<\/i> <i>Kalil Gibran<\/i> escreveu<i>:\u201cDe cem em cem anos, Jesus de Nazar\u00e9 costuma se encontrar com Jesus dos crist\u00e3os, e, ap\u00f3s longa conversa, Jesus de Nazar\u00e9 diz a Jesus dos crist\u00e3os: Realmente, acho que nunca chegaremos a um acordo!\u201d.<\/i> Voltaire dizia o seguinte: <i>\u201cS\u00f3 posso crer num Deus que eu possa amar, mas esse Deus da teologia n\u00e3o \u00e9 am\u00e1vel\u201d. Lao-Tse<\/i> disse o seguinte: <i>\u201cSe O pudermos definir, j\u00e1 n\u00e3o ser\u00e1 mais Ele\u201d.<\/i><\/h2>\n<h2 align=\"center\">O mundo veio e vem recebendo \u201cconceitos de Deus\u201d como chuva de meteoritos! Discuss\u00f5es sobre Deus s\u00e3o feitas de todas as formas poss\u00edveis e imagin\u00e1veis, enquanto, na Verdade, Deus n\u00e3o \u00e9 conceito, n\u00e3o \u00e9 nada do que disseram e dizem, unicamente por n\u00e3o fazer parte \u201cdeste mundo\u201d, nem de suas ideias, nem de seus supostos \u201crepresentantes\u201d, nem de suas chamadas \u201creligi\u00f5es\u201d, nem de coisa alguma contida nas suas chamadas \u201cteologias\u201d. Deus, a Verdade Absoluta, est\u00e1 acima disso tudo!<\/h2>\n<h2 align=\"center\">\u00a0<i>\u201cGra\u00e7as te dou, \u00f3 Pai, Senhor do c\u00e9u e da terra, que ocultaste estas coisas aos s\u00e1bios e entendidos e as revelastes aos pequeninos\u201d<\/i> (Mateus, 11: 25). Certa vez, usando esta cita\u00e7\u00e3o de Jesus para explicar a algu\u00e9m que a Verdade jamais \u00e9 \u201ccard\u00e1pio para intelecto\u201d, ele me respondeu<i>: \u201cMas que Deus \u00e9 este, que esconde a Verdade para destin\u00e1-la apenas aos \u201cpequeninos\u201d?\u201d <\/i>Assim \u00a0foi como o \u201cintelecto\u201d recebeu a fala de Jesus: vendo um Deus que discrimina, em vez de entender que, com seu limitado alcance, lotado de conceitos v\u00e3os, e trancado num suposto \u201chumano saber\u201d, \u00a0jamais teria entendimento das revela\u00e7\u00f5es absolutas! Quando o estudo fala em \u201centendimento da Verdade, unicamente leva em conta o \u201cdiscernimento espiritual\u201d, e jamais um suposto entendimento mental ou humano.<\/h2>\n<h2 align=\"center\"><i>&#8220;V\u00f3s me buscareis, e me achareis, quando me buscardes de todo o vosso cora\u00e7\u00e3o\u201d<\/i> (Jeremias, 29: 13).<\/h2>\n<h2 align=\"center\">\u00a0Que objetivo t\u00eam estas mensagens sobre a Verdade? Apenas um: motiv\u00e1-lo a \u201cabrir o seu cora\u00e7\u00e3o a Deus\u201d, para que possa conhec\u00ea-Lo EM SI MESMO. Por isso os textos afirmam que <i>\u201cDEUS, ESP\u00cdRITO, \u00c9 TUDO\u201d,<\/i> sempre orientando, com \u00eanfase, para que as Verdades expostas sejam <i>contempladas!<\/i> Que significa \u201ccontemplar a Verdade\u201d? Significa lev\u00e1-la naturalmente em considera\u00e7\u00e3o, mesmo que elas contrariem a chamada \u201cl\u00f3gica do mundo\u201d. DEUS, <i>A REAL IDENTIDADE<\/i> DE TODOS N\u00d3S, \u00a0n\u00e3o deve encontrar pela frente, endossada por n\u00f3s, uma <i>barreira mental<\/i> de cren\u00e7as \u00a0&#8211; os \u201cvasos cheios\u201d do ilus\u00f3rio \u201cintelecto! \u00a0Em outras palavras, \u201ccontemplar\u201d, \u00e9 ser um dos \u201cpequeninos\u201d, esvaziado por completo da \u201cmente carnal\u201d, \u00a0a quem Jesus disse destinarem-se as revela\u00e7\u00f5es! E estas ser\u00e3o \u00a0sempre <b><i>Autorrevela\u00e7\u00f5es:<\/i><\/b> DEUS SE REVELANDO <i>COMO<\/i> O NOSSO SER!\u201d<\/h2>\n<h2 align=\"center\">N\u00e3o d\u00ea voz \u00e0 ilus\u00e3o! N\u00e3o creia, por exemplo, \u00a0que haja doen\u00e7as cur\u00e1veis ou incur\u00e1veis! N\u00e3o creia na presen\u00e7a do chamado \u201cmal\u201d num Universo em que DEUS \u00c9 TUDO! N\u00e3o tenha medo de \u201capar\u00eancias malignas\u201d, assim como n\u00e3o teria medo de \u201cpesadelos\u201d, \u00a0se estivesse acordado! <b><i>Acorde!<\/i><\/b> O chamado \u201cmundo de apar\u00eancias\u201d n\u00e3o \u00e9 realidade! A REALIDADE \u00c9 INTEGRALMENTE DEUS! DEUS \u00c9 TUDO<b><i>! CONTEMPLE, DESTEMIDAMENTE, COM A MENTE DE CRISTO, A SUA PRESEN\u00c7A SENDO A \u00a0PRESEN\u00c7A DE DEUS!<\/i><\/b><\/h2>\n<h2 align=\"center\"><\/h2>\n<h2 align=\"center\">*<\/h2>\n","protected":false},"excerpt":{"rendered":"<p>\u201cPorque est\u00e1 escrito:Destruirei a sabedoria dos s\u00e1bios, e aniquilarei a intelig\u00eancia dos inteligentes. Onde est\u00e1 o s\u00e1bio? Onde est\u00e1 o escriba? Onde est\u00e1 o inquiridor deste s\u00e9culo? Porventura n\u00e3o tornou Deus louca a sabedoria deste mundo?\u201d I Cor., 2: 19-20 \u00a0Perguntado sobre o Cristianismo, Mahatma Gandhi respondeu: \u201cAceito o Cristo e o seu Evangelho, mas &hellip; <\/p>\n<p class=\"link-more\"><a href=\"https:\/\/www.fachodeluz.blog.br\/wp\/2013\/03\/16\/destruirei-a-sabedoria-dos-sabios-2\/\" class=\"more-link\">Leia mais<span class=\"screen-reader-text\"> &#8220;&#8220;Destruirei A Sabedoria Dos S\u00e1bios!&#8221;&#8221;<\/span><\/a><\/p>\n","protected":false},"author":2,"featured_media":0,"comment_status":"closed","ping_status":"closed","sticky":false,"template":"","format":"standard","meta":{"nf_dc_page":"","_crdt_document":"","footnotes":""},"categories":[10],"tags":[],"class_list":["post-12028","post","type-post","status-publish","format-standard","hentry","category-darcio-dezolt"],"featured_media_urls":[],"_links":{"self":[{"href":"https:\/\/www.fachodeluz.blog.br\/wp\/wp-json\/wp\/v2\/posts\/12028","targetHints":{"allow":["GET"]}}],"collection":[{"href":"https:\/\/www.fachodeluz.blog.br\/wp\/wp-json\/wp\/v2\/posts"}],"about":[{"href":"https:\/\/www.fachodeluz.blog.br\/wp\/wp-json\/wp\/v2\/types\/post"}],"author":[{"embeddable":true,"href":"https:\/\/www.fachodeluz.blog.br\/wp\/wp-json\/wp\/v2\/users\/2"}],"replies":[{"embeddable":true,"href":"https:\/\/www.fachodeluz.blog.br\/wp\/wp-json\/wp\/v2\/comments?post=12028"}],"version-history":[{"count":0,"href":"https:\/\/www.fachodeluz.blog.br\/wp\/wp-json\/wp\/v2\/posts\/12028\/revisions"}],"wp:attachment":[{"href":"https:\/\/www.fachodeluz.blog.br\/wp\/wp-json\/wp\/v2\/media?parent=12028"}],"wp:term":[{"taxonomy":"category","embeddable":true,"href":"https:\/\/www.fachodeluz.blog.br\/wp\/wp-json\/wp\/v2\/categories?post=12028"},{"taxonomy":"post_tag","embeddable":true,"href":"https:\/\/www.fachodeluz.blog.br\/wp\/wp-json\/wp\/v2\/tags?post=12028"}],"curies":[{"name":"wp","href":"https:\/\/api.w.org\/{rel}","templated":true}]}}