{"id":12265,"date":"2013-04-23T11:24:12","date_gmt":"2013-04-23T14:24:12","guid":{"rendered":"http:\/\/fachodeluz.blog.br\/wp\/?p=12265"},"modified":"2013-04-23T12:00:46","modified_gmt":"2013-04-23T15:00:46","slug":"eu-vim-para-que-tenham-vida-com-abundancia","status":"publish","type":"post","link":"https:\/\/www.fachodeluz.blog.br\/wp\/2013\/04\/23\/eu-vim-para-que-tenham-vida-com-abundancia\/","title":{"rendered":"&#8220;Eu Vim Para Que Tenham Vida Com Abund\u00e2ncia&#8221;"},"content":{"rendered":"<h3 align=\"center\"><\/h3>\n<h3 align=\"center\"><a href=\"https:\/\/i0.wp.com\/fachodeluz.blog.br\/wp\/wp-content\/uploads\/2013\/04\/VIDA1.gif\"><img data-recalc-dims=\"1\" loading=\"lazy\" decoding=\"async\" loading=\"lazy\" class=\"aligncenter size-full wp-image-12266\" alt=\"VIDA1\" src=\"https:\/\/i0.wp.com\/fachodeluz.blog.br\/wp\/wp-content\/uploads\/2013\/04\/VIDA1.gif?resize=450%2C583\" width=\"450\" height=\"583\" \/><\/a><\/h3>\n<h3 align=\"center\"><span style=\"color: #000084;\"><i>\u201cEu vim para que tenham vida, e a tenham com abund\u00e2ncia&#8221;.<\/i><\/span><\/h3>\n<h3 align=\"center\"><span style=\"color: #000084;\">Jo\u00e3o, 10:10<\/span><\/h3>\n<h2 align=\"center\"><span style=\"color: #000084;\">O ensinamento absoluto pode ser considerado como a <em>\u201cpr\u00e1tica da vida com abund\u00e2ncia\u201d,<\/em> por defender puramente o estilo de vida citado por Jesus, ao dizer: <i>\u201cEu vim para que tenham vida, e a tenham com abund\u00e2ncia\u201d <\/i>(Jo\u00e3o, 10:10)<i>.<\/i> Que \u00e9 &#8220;vida com abund\u00e2ncia\u201d? Primeiramente, \u00e9 preciso entender que \u201cvida com abund\u00e2ncia\u201d n\u00e3o \u00e9, por exemplo, \u00a0algu\u00e9m ter em sua conta corrente 10 bilh\u00f5es de reais. A maioria associa \u201cvida com abund\u00e2ncia\u201d com bens materiais, e justamente \u00e9 esta cegueira o v\u00e9u que lhe oculta a verdadeira \u201cvida com abund\u00e2ncia\u201d.<\/span><\/h2>\n<h2 align=\"center\"><span style=\"color: #000084;\">Lembro-me de ter ouvido, anos atr\u00e1s, \u00a0um jurado de TV, chamado Pedro de Lara, dizer o seguinte: <i>\u201cO cidad\u00e3o era t\u00e3o pobre, t\u00e3o pobre, mas t\u00e3o pobre, que somente tinha dinheiro!\u201d.<\/i> Para ter dito isto, deve ter tido algum vislumbre do\u00a0 significado da verdadeira \u201dvida com abund\u00e2ncia\u201d. \u00a0Em termos absolutos, \u201cvida com abund\u00e2ncia\u201d \u00e9 sin\u00f4nimo de <em>\u201cEU VIM\u201d.<\/em> H\u00e1 um \u201cEu\u201d vindo <em>como<\/em> VOC\u00ca, e que o mundo desconhece, por apenas enxergar uma <em>imagem ilus\u00f3ria<\/em> chamada \u201cser humano&#8221;!<\/span><\/h2>\n<h2 align=\"center\"><span style=\"color: #000084;\">Quando voc\u00ea escuta que \u201ceste mundo \u00e9 o mundo do pai da mentira\u201d, e leva a s\u00e9rio esta informa\u00e7\u00e3o de Jesus, ir\u00e1 interessar-se pelo \u201cmundo real e perfeito\u201d, revelado por ele como o \u201cReino que Deus j\u00e1 nos deu\u201d. Neste Reino Absoluto n\u00e3o h\u00e1 \u201cpouco\u201d nem \u201cmuito\u201d: tudo \u00e9 <em>Unidade Infinita,<\/em> n\u00e3o no sentido comum de quantidade, e sim de disponibilidade! O suposto \u201cmundo de apar\u00eancias\u201d avalia tudo em termos de quantidade, mas, tais avalia\u00e7\u00f5es s\u00e3o relativas e, portanto, indignas de cr\u00e9dito! Se algu\u00e9m achar uma nota de cem reais na rua, se for milion\u00e1rio, achar\u00e1 ser pouco; se for algu\u00e9m em dificuldade financeira, achar\u00e1 ser muito! Tudo, neste mundo de \u201capar\u00eancias\u201d, \u00e9 ilus\u00f3rio! O conhecimento da Verdade faz com que tiremos os olhos das \u201capar\u00eancias\u201d para deix\u00e1-los voltados ao \u201cEu\u201d, ao \u201cEu\u201d vindo como o <em>\u201cEu Sou\u201d<\/em> em VOC\u00ca, para que, consciente disso, VOC\u00ca <i>\u201ctenha vida com abund\u00e2ncia\u201d.<\/i><\/span><\/h2>\n<h2 align=\"center\"><span style=\"color: #000084;\"><b><i>Este \u201cEu\u201d \u00e9 DEUS sendo o Cristo como sua VIDA!<\/i><\/b> E \u00e9 esta a revela\u00e7\u00e3o dada por Jesus, ao dizer <i>\u201cEu VIM para que tenham VIDA, e a tenham com abund\u00e2ncia\u201d. <\/i>\u00a0Entender que SUA VIDA \u00c9 O CRISTO, portanto, \u00e9 o primeiro passo! E ele deve ser reconhecido atrav\u00e9s de radicais e dedicadas \u201ccontempla\u00e7\u00f5es, quando, firmado nesta Verdade, voc\u00ea dir\u00e1, a si mesmo: <i>\u201cO PAI AQUI VEIO COMO O CRISTO QUE <b>EU SOU; <\/b>\u00a0POR\u00a0 ISSO, EU TENHO A VIDA DIVINA COM ABUND\u00c2NCIA!\u201d<\/i><\/span><\/h2>\n<h2 align=\"center\"><span style=\"color: #000084;\">Estas medita\u00e7\u00f5es contemplativas far\u00e3o manifestar o Cristo que VOC\u00ca \u00c9, de acordo com o que Paulo nos revelou: <i>\u201cQuando Cristo, que \u00e9 a NOSSA VIDA, se manifestar, ent\u00e3o tamb\u00e9m v\u00f3s vos manifestareis com ele em gl\u00f3ria\u201d<\/i> (Col. 3: 4). <b>Visto pelo \u201cReferencial da Luz\u201d, o CRISTO EM TODOS j\u00e1 est\u00e1 manifestado! \u00c9 DEUS SENDO O FILHO QUE CADA UM J\u00c1 \u00c9!<\/b> Quando esta Verdade \u00e9 aceita, contemplada e reconhecida, faz com que a \u201ccren\u00e7a coletiva\u201d seja impregnada por ela, e \u00e9 quando, tamb\u00e9m visivelmente, surgem as \u201capar\u00eancias\u201d condizentes com a\u00a0 \u201cvida com abund\u00e2ncia\u201d, dentro dos conceitos da suposta mente humana . \u00c9 quando os \u201cfrutos\u201d s\u00e3o vistos como algu\u00e9m se mostrando bem de sa\u00fade, de finan\u00e7as, de relacionamentos, etc..<\/span><\/h2>\n<h2 align=\"center\"><span style=\"color: #000084;\">Jamais algu\u00e9m deve aceitar limita\u00e7\u00f5es, dores, sofrimentos e car\u00eancias como \u201cparte da vida\u201d, pois, <b>unicamente DEUS faz parte de nossa VIDA!<\/b> <strong>Cren\u00e7as e ensinamentos, que valorizem doen\u00e7as, dores, mart\u00edrios e sofrimentos, devem ser expulsos com veem\u00eancia, negados taxativamente como <i>irrealidades<\/i> e considerados como <i>ILUS\u00c3O!<\/i><\/strong> Varra da ideia que voc\u00ea aprende alguma coisa com sofrimentos, doen\u00e7as e dores, uma vez que tal ideia sat\u00e2nica jamais teve origem em Deus! \u00a0De Deus veio a fala de Jesus: <em><b>EU VIM PARA QUE \u00a0TENHAM VIDA, E A TENHAM COM ABUND\u00c2NCIA!<\/b><\/em><\/span><\/h2>\n<h2 align=\"center\"><span style=\"color: #000084;\">Portanto, contemple esta <b>VIDA PERFEITA DE DEUS SENDO A SUA,<\/b> e, em seu dia a dia, sejam quais forem as \u201capar\u00eancias\u201d que possam parecer negar esta plenitude, que \u00e9 permanentemente sua, n\u00e3o as aceite como realidades! N\u00e3o se encolha, achando que \u201cter\u00e1 de passar por aquilo\u201d; antes, dispare um sonoro <b><i>\u201cAfasta-te, Satan\u00e1s!\u201d<\/i><\/b> \u2013 e expulse TODO o quadro FALSO de sua aceita\u00e7\u00e3o, at\u00e9 v\u00ea-lo se RENDER \u00c0 VERDADE e sumir de vez,em sua nulidade origin\u00e1ria!<\/span><\/h2>\n<h2 align=\"center\"><span style=\"color: #000084;\"><em><b>DEUS E VOC\u00ca S\u00c3O UM<\/b><b>!<\/b> N\u00c3O S\u00c3O DOIS! <\/em>Aja como Jesus agiria, diante das alega\u00e7\u00f5es ilus\u00f3rias!\u00a0 Assim disse o ap\u00f3stolo Paulo: <i>\u201cDe sorte que haja em v\u00f3s o <b>mesmo sentimento<\/b> que houve em Cristo Jesus\u201d<\/i> (Fp 2: 5). Que estava dizendo? Que VOC\u00ca N\u00c3O \u00c9 HUMANO! QUE VOC\u00ca N\u00c3O EST\u00c1 AQUI PARA SER MANEJADO POR CREN\u00c7AS COLETIVAS FALSAS! <b>QUE \u201cO EU\u201d, EM VOC\u00ca, \u00c9 O CRISTO! O \u201cEU\u201d VINDO PARA QUE VOC\u00ca TENHA VIDA COM ABUND\u00c2NCIA!<\/b>\u00a0 <b>O \u201cEU\u201d QUE \u00c9 DEUS SENDO O SEU \u201cEU\u201d!<\/b> N\u00c3O ABRA M\u00c3O DESTA VERDADE POR NADA DESTE MUNDO!<\/span><\/h2>\n<h2 align=\"center\"><span style=\"color: #000084;\">CONTEMPLO A VIDA DE DEUS MANIFESTA COMO O CRISTO QUE EU SOU! CONTEMPLO QUE TENHO VIDA COM ABUND\u00c2NCIA, POIS O CRISTO \u00c9 MINHA VIDA! REPUDIO TODA E QUALQUER CREN\u00c7A FRAUDULENTA QUE\u00a0 ALEGUE LIMITAR-ME OU CAUSAR-ME SOFRIMENTO!<\/span><\/h2>\n<h2 align=\"center\"><span style=\"color: #000084;\"><em><b>RECONHE\u00c7O UNICAMENTE A PERFEI\u00c7\u00c3O DE DEUS FAZENDO PARTE DA MINHA VIDA! DEUS \u00c9 TUDO!<\/b><\/em><\/span><\/h2>\n<h2 align=\"center\"><span style=\"color: #000084;\"><b>*<\/b><\/span><\/h2>\n","protected":false},"excerpt":{"rendered":"<p>\u201cEu vim para que tenham vida, e a tenham com abund\u00e2ncia&#8221;. Jo\u00e3o, 10:10 O ensinamento absoluto pode ser considerado como a \u201cpr\u00e1tica da vida com abund\u00e2ncia\u201d, por defender puramente o estilo de vida citado por Jesus, ao dizer: \u201cEu vim para que tenham vida, e a tenham com abund\u00e2ncia\u201d (Jo\u00e3o, 10:10). Que \u00e9 &#8220;vida com &hellip; <\/p>\n<p class=\"link-more\"><a href=\"https:\/\/www.fachodeluz.blog.br\/wp\/2013\/04\/23\/eu-vim-para-que-tenham-vida-com-abundancia\/\" class=\"more-link\">Leia mais<span class=\"screen-reader-text\"> &#8220;&#8220;Eu Vim Para Que Tenham Vida Com Abund\u00e2ncia&#8221;&#8221;<\/span><\/a><\/p>\n","protected":false},"author":2,"featured_media":0,"comment_status":"closed","ping_status":"closed","sticky":false,"template":"","format":"standard","meta":{"nf_dc_page":"","_crdt_document":"","footnotes":""},"categories":[10],"tags":[],"class_list":["post-12265","post","type-post","status-publish","format-standard","hentry","category-darcio-dezolt"],"featured_media_urls":[],"_links":{"self":[{"href":"https:\/\/www.fachodeluz.blog.br\/wp\/wp-json\/wp\/v2\/posts\/12265","targetHints":{"allow":["GET"]}}],"collection":[{"href":"https:\/\/www.fachodeluz.blog.br\/wp\/wp-json\/wp\/v2\/posts"}],"about":[{"href":"https:\/\/www.fachodeluz.blog.br\/wp\/wp-json\/wp\/v2\/types\/post"}],"author":[{"embeddable":true,"href":"https:\/\/www.fachodeluz.blog.br\/wp\/wp-json\/wp\/v2\/users\/2"}],"replies":[{"embeddable":true,"href":"https:\/\/www.fachodeluz.blog.br\/wp\/wp-json\/wp\/v2\/comments?post=12265"}],"version-history":[{"count":0,"href":"https:\/\/www.fachodeluz.blog.br\/wp\/wp-json\/wp\/v2\/posts\/12265\/revisions"}],"wp:attachment":[{"href":"https:\/\/www.fachodeluz.blog.br\/wp\/wp-json\/wp\/v2\/media?parent=12265"}],"wp:term":[{"taxonomy":"category","embeddable":true,"href":"https:\/\/www.fachodeluz.blog.br\/wp\/wp-json\/wp\/v2\/categories?post=12265"},{"taxonomy":"post_tag","embeddable":true,"href":"https:\/\/www.fachodeluz.blog.br\/wp\/wp-json\/wp\/v2\/tags?post=12265"}],"curies":[{"name":"wp","href":"https:\/\/api.w.org\/{rel}","templated":true}]}}