{"id":12307,"date":"2013-04-30T12:07:49","date_gmt":"2013-04-30T15:07:49","guid":{"rendered":"http:\/\/fachodeluz.blog.br\/wp\/?p=12307"},"modified":"2013-04-30T12:16:08","modified_gmt":"2013-04-30T15:16:08","slug":"vosso-pai-sabe","status":"publish","type":"post","link":"https:\/\/www.fachodeluz.blog.br\/wp\/2013\/04\/30\/vosso-pai-sabe\/","title":{"rendered":"&#8220;Vosso Pai Sabe&#8230;&#8221;"},"content":{"rendered":"<h3 style=\"text-align: center;\"><a href=\"https:\/\/i0.wp.com\/fachodeluz.blog.br\/wp\/wp-content\/uploads\/2013\/04\/vps.gif\"><img data-recalc-dims=\"1\" loading=\"lazy\" decoding=\"async\" loading=\"lazy\" class=\"aligncenter size-full wp-image-12308\" alt=\"vps\" src=\"https:\/\/i0.wp.com\/fachodeluz.blog.br\/wp\/wp-content\/uploads\/2013\/04\/vps.gif?resize=450%2C210\" width=\"450\" height=\"210\" \/><\/a><\/h3>\n<h3 style=\"text-align: center;\"><span style=\"color: #0000b7;\"><b> <i>&#8220;Vosso Pai sabe o que vos \u00e9 necess\u00e1rio, antes de v\u00f3s lho pedirdes.&#8221;<br \/>\n<\/i><\/b><b>Mateus 6: 8<\/b><\/span><\/h3>\n<h2 style=\"text-align: center;\"><span style=\"color: #0000b7;\">\u00a0\u00a0\u00a0\u00a0\u00a0 Quem abrir a B\u00edblia em Marcos, 11: 24, encontrar\u00e1: <i>\u201cPor isso vos digo que tudo o que pedirdes, orando, crede que o recebereis, e t\u00ea-lo-eis\u201d<\/i>. E quem o fizer, mas em Mateus, 6: \u00a06, encontrar\u00e1: <i>\u201cMas tu, quando orares, entra no teu aposento, e, fechando a tua porta, ora a teu Pai, que est\u00e1 em secreto, e teu Pai, que v\u00ea secretamente, te recompensar\u00e1. E orando, n\u00e3o useis de v\u00e3s repeti\u00e7\u00f5es, como os gentios, que pensam que, por muito falarem, ser\u00e3o ouvidos. N\u00e3o vos assemelheis, pois, a eles, porque <strong>vosso Pai sabe o que vos \u00e9 necess\u00e1rio, antes de v\u00f3s lho pedirdes\u201d.<\/strong><br \/>\n<\/i><\/span><\/h2>\n<h2 style=\"text-align: center;\"><span style=\"color: #0000b7;\">Diante destas passagens, h\u00e1 pessoas que perguntam: \u201c\u00c9 <i>preciso pedir ou n\u00e3o algo a Deus? Jesus, numa hora, fala para pedirmos crendo que receberemos; em outra hora, diz que antes que pe\u00e7amos, o Pai j\u00e1 sabe do que precisamos. Como entender?\u201d<br \/>\n<\/i><\/span><\/h2>\n<h2 style=\"text-align: center;\"><span style=\"color: #0000b7;\">Pedir, sem duvidar de que ser\u00e1 atendido, significa algu\u00e9m ficar &#8220;humanamente&#8221; em sintonia com Deus, mantendo a suposta \u201cmente humana\u201d alinhada com o Universo Autossuprido. DEUS \u00c9 TUDO! E estamos inclusos em Sua totalidade. Como Deus \u00e9 <em>Autossuficiente,<\/em> Ele mesmo Se mant\u00e9m permanentemente Autossuprido, de forma infinita, plena e perfeita! Quem poderia achar que algo estivesse faltando? \u00a0A suposta \u201cmente humana\u201d, por ser um instrumento ineficaz para captar o TUDO que j\u00e1 est\u00e1 presente, aqui e agora! Em virtude desta Verdade, ou seja, de que TUDO J\u00c1 EST\u00c1 PRESENTE, Jesus disse que \u201cTUDO O QUE PEDIRMOS, ORANDO, CRENDO QUE O RECEBEREMOS, PASSAREMOS A TER\u201d. Isto porque J\u00c1 O T\u00cdNHAMOS! DESDE SEMPRE! Apenas n\u00e3o estava sendo reconhecido pela suposta &#8220;mente carnal&#8221;.<\/span><\/h2>\n<h2 style=\"text-align: center;\"><span style=\"color: #0000b7;\">As coisas aparecem \u201cneste mundo\u201d quando A MENTE HUMANA as reconhece e ENDOSSA \u00a0como sendo \u00a0nossas. Isto porque o suposto \u201cmundo material\u201d n\u00e3o \u00e9 \u201cmundo real\u201d, mas t\u00e3o somente uma <em>manifesta\u00e7\u00e3o de CREN\u00c7AS<\/em> na forma de \u201cimagens\u201d, que se formam na tela da suposta \u201cmente humana\u201d. O referencial desse tipo de ora\u00e7\u00e3o \u00e9 o \u201creferencial do mundo\u201d, o referencial que acredita no tempo e nas apar\u00eancias que com ele se alteram. Portanto, se for este o referencial da ora\u00e7\u00e3o, a pessoa dever\u00e1 entender que \u201cpedir sem duvidar de que ser\u00e1 atendida\u201d \u00e9 um <em>artif\u00edcio<\/em> para que a mente se despreocupe e se amolde \u00e0 Verdade de que \u201cTUDO EST\u00c1 FEITO\u201d,\u00a0 deixando de reconhecer car\u00eancias e de se manter temerosa e insegura quanto a tudo que se refira \u00e0\u00a0 vida.<\/span><\/h2>\n<h2 style=\"text-align: center;\"><span style=\"color: #0000b7;\">O estudo absolutista parte do \u201cReferencial da Mente de Cristo\u201d, e, por isso, nada ensina quanto a \u201cpedir em ora\u00e7\u00f5es\u201d, uma vez que a \u201cMente de Cristo\u201d, que \u00e9 a Mente real de todos n\u00f3s, \u00e9 reconhecida como a pr\u00f3pria Mente divina,\u00a0 <strong><em>j\u00e1\u00a0 em Autossuprimento constante e perfeito!<\/em><\/strong> Por esse motivo \u00e9 t\u00e3o repetido o verbo \u201ccontemplar\u201d! N\u00e3o ficamos com uma \u201cilus\u00f3ria mente humana\u201d pedindo coisa alguma, por estarmos em UNIDADE COM DEUS, com a Mente de Deus individualizada como a <em>Mente de Cristo<\/em> em n\u00f3s, simplesmente \u201ccontemplando\u201d que SOMOS PERFEITOS EM UNIDADE!<\/span><\/h2>\n<h2 style=\"text-align: center;\"><span style=\"color: #0000b7;\">CONTEMPLO O UNIVERSO COMO ESPIRITUAL, ILUMINADO E AUTOSSUPRIDO! CONTEMPLO A MENTE DE DEUS SENDO A MENTE DO CRISTO \u00a0QUE <em>EU SOU!<\/em> CONTEMPLO QUE TUDO EST\u00c1 FEITO! CONTEMPLO QUE <em>\u201cTUDO QUE \u00c9 DO PAI \u00c9 MEU\u201d!<\/em><\/span><\/h2>\n<h2 style=\"text-align: center;\"><span style=\"color: #0000b7;\"><strong>*<\/strong><\/span><\/h2>\n","protected":false},"excerpt":{"rendered":"<p>&#8220;Vosso Pai sabe o que vos \u00e9 necess\u00e1rio, antes de v\u00f3s lho pedirdes.&#8221; Mateus 6: 8 \u00a0\u00a0\u00a0\u00a0\u00a0 Quem abrir a B\u00edblia em Marcos, 11: 24, encontrar\u00e1: \u201cPor isso vos digo que tudo o que pedirdes, orando, crede que o recebereis, e t\u00ea-lo-eis\u201d. E quem o fizer, mas em Mateus, 6: \u00a06, encontrar\u00e1: \u201cMas tu, quando &hellip; <\/p>\n<p class=\"link-more\"><a href=\"https:\/\/www.fachodeluz.blog.br\/wp\/2013\/04\/30\/vosso-pai-sabe\/\" class=\"more-link\">Leia mais<span class=\"screen-reader-text\"> &#8220;&#8220;Vosso Pai Sabe&#8230;&#8221;&#8221;<\/span><\/a><\/p>\n","protected":false},"author":2,"featured_media":0,"comment_status":"closed","ping_status":"closed","sticky":false,"template":"","format":"standard","meta":{"nf_dc_page":"","_crdt_document":"","footnotes":""},"categories":[10],"tags":[],"class_list":["post-12307","post","type-post","status-publish","format-standard","hentry","category-darcio-dezolt"],"featured_media_urls":[],"_links":{"self":[{"href":"https:\/\/www.fachodeluz.blog.br\/wp\/wp-json\/wp\/v2\/posts\/12307","targetHints":{"allow":["GET"]}}],"collection":[{"href":"https:\/\/www.fachodeluz.blog.br\/wp\/wp-json\/wp\/v2\/posts"}],"about":[{"href":"https:\/\/www.fachodeluz.blog.br\/wp\/wp-json\/wp\/v2\/types\/post"}],"author":[{"embeddable":true,"href":"https:\/\/www.fachodeluz.blog.br\/wp\/wp-json\/wp\/v2\/users\/2"}],"replies":[{"embeddable":true,"href":"https:\/\/www.fachodeluz.blog.br\/wp\/wp-json\/wp\/v2\/comments?post=12307"}],"version-history":[{"count":0,"href":"https:\/\/www.fachodeluz.blog.br\/wp\/wp-json\/wp\/v2\/posts\/12307\/revisions"}],"wp:attachment":[{"href":"https:\/\/www.fachodeluz.blog.br\/wp\/wp-json\/wp\/v2\/media?parent=12307"}],"wp:term":[{"taxonomy":"category","embeddable":true,"href":"https:\/\/www.fachodeluz.blog.br\/wp\/wp-json\/wp\/v2\/categories?post=12307"},{"taxonomy":"post_tag","embeddable":true,"href":"https:\/\/www.fachodeluz.blog.br\/wp\/wp-json\/wp\/v2\/tags?post=12307"}],"curies":[{"name":"wp","href":"https:\/\/api.w.org\/{rel}","templated":true}]}}