{"id":12336,"date":"2013-05-06T12:46:56","date_gmt":"2013-05-06T15:46:56","guid":{"rendered":"http:\/\/fachodeluz.blog.br\/wp\/?p=12336"},"modified":"2013-05-07T00:37:55","modified_gmt":"2013-05-07T03:37:55","slug":"vivenciando-a-totalidade-de-deus","status":"publish","type":"post","link":"https:\/\/www.fachodeluz.blog.br\/wp\/2013\/05\/06\/vivenciando-a-totalidade-de-deus\/","title":{"rendered":"Vivenciando A Totalidade De Deus"},"content":{"rendered":"<h2 align=\"center\"><a href=\"https:\/\/i0.wp.com\/fachodeluz.blog.br\/wp\/wp-content\/uploads\/2013\/05\/vtd1.gif\"><img data-recalc-dims=\"1\" loading=\"lazy\" decoding=\"async\" loading=\"lazy\" class=\"aligncenter size-full wp-image-12337\" alt=\"vtd1\" src=\"https:\/\/i0.wp.com\/fachodeluz.blog.br\/wp\/wp-content\/uploads\/2013\/05\/vtd1.gif?resize=450%2C342\" width=\"450\" height=\"342\" \/><\/a><\/h2>\n<h2 align=\"center\"><span style=\"color: #3c188b;\">Certa vez, ao explicar a \u201cvida contemplativa\u201d a algumas pessoas, uma delas me disse<i>: \u201cIsto que voc\u00ea coloca, no meu entender, \u00e9 fanatismo!\u201d<\/i>. Eu estava expondo a Verdade de que TUDO \u00c9 DEUS, e falando sobre a necessidade de vivenciarmos conscientemente esta &#8220;totalidade divina&#8221;. Entretanto, para esta \u00a0pessoa, encarar a totalidade de Deus n\u00e3o podia ser visto como \u201cconhecimento da Verdade\u201d, mas t\u00e3o somente como um \u201cfanatismo religioso\u201d. Eu respondi a ela: <em>\u201cAquele que acha que focalizar a Deus como tudo \u00e9 fanatismo, \u00e9 quem \u00e9 \u201cfan\u00e1tico pela mat\u00e9ria&#8221;, sem que o perceba; \u00e9 quem acredita realmente\u00a0 que TUDO SEJA MAT\u00c9RIA, chamando uma ILUS\u00c3O de Exist\u00eancia verdadeira, em que acreditar\u00e1 num Deus\u00a0 SEPARADO DE SI MESMO\u201d.<\/em><\/span><\/h2>\n<h2 align=\"center\"><span style=\"color: #3c188b;\">A maioria gasta as 24 horas do dia envolvida com \u201cmundo material\u201d,\u00a0 sem sequer levar em conta que isto seja \u201cfanatismo\u201d.\u00a0 Mas tudo muda, quando algu\u00e9m \u00a0enxerga \u00a0a Verdade por experi\u00eancia pr\u00f3pria, em que a totalidade da Luz \u00e9 vista; e ent\u00e3o, n\u00e3o haver\u00e1 mais a \u201cmente&#8221; que julga ser fanatismo uma aceita\u00e7\u00e3o radical da totalidade de Deus. Como Deus \u00e9 TUDO, esta experi\u00eancia revelar\u00e1 \u00e0 suposta pessoa que a Mente de Deus \u00e9 a dela! E jamais Deus pensaria \u00a0ser \u00a0ELE PR\u00d3PRIO\u00a0 fan\u00e1tico, uma vez que ELE SABE QUE \u00c9 TUDO!<\/span><\/h2>\n<h2 align=\"center\"><span style=\"color: #3c188b;\">A dualidade, a cren\u00e7a em Deus <strong><em>e<\/em><\/strong> mundo material, \u00e9 a ILUS\u00c3O que faz as pessoas penderem para o lado das \u201capar\u00eancias\u201d deste mundo! Se n\u00e3o houver uma dedica\u00e7\u00e3o constante no reconhecimento da TOTALIDADE DE DEUS, chamada por aquela pessoa de \u201cfanatismo\u201d, fatalmente seremos arrastados pelas \u201capar\u00eancias\u201d do mundo, levando-as em considera\u00e7\u00e3o n\u00e3o como \u201cmentiras\u201d, mas como \u201crealidades\u201d.<\/span><\/h2>\n<h2 align=\"center\"><span style=\"color: #3c188b;\">O Universo n\u00e3o \u00e9 feito de \u201cimagens mentais\u201d ou de \u201ccomponentes materiais\u201d. O Universo \u00e9 <em><strong>\u201cconcretamente espiritual\u201d,<\/strong><\/em> e eu emprego este \u201cconcretamente\u201d para que fique bem claro que a \u00fanica Realidade <b>substancial<\/b> \u00e9 ESPIRITUAL, e que a \u00fanica mat\u00e9ria-prima real \u00e9 <strong>ESP\u00cdRITO!<\/strong><\/span><\/h2>\n<h2 align=\"center\"><span style=\"color: #3c188b;\">Quando a\u00a0 suposta \u201cmente humana\u201d ouve algo sobre \u201cespiritual\u201d, forma uma ideia de algo \u00a0abstrato, por considerar concreto o mundo supostamente\u00a0 feito de mat\u00e9ria. \u00c9\u00a0 quando a maioria se v\u00ea cativa de puras \u201cmiragens\u201d, mesmo estando permanentemente em Deus! Este suposto mundo f\u00edsico \u00e9 composto de \u201cnadas\u201d, \u00a0uma forma\u00e7\u00e3o ILUS\u00d3RIA de cren\u00e7as falsas; assim, \u00a0t\u00e3o logo algu\u00e9m se veja aceitando ser ele pura ILUS\u00c3O, passar\u00e1 a se dedicar para deixar de ser enganado por ela!<\/span><\/h2>\n<h2 align=\"center\"><span style=\"color: #3c188b;\">N\u00e3o h\u00e1 o que conven\u00e7a algu\u00e9m de que \u201ceste mundo \u00e9 nada\u201d, uma imagem hipn\u00f3tica que oculta o Reino da VERDADE! <strong>Unicamente uma a\u00e7\u00e3o interna, da pr\u00f3pria Consci\u00eancia Iluminada, faz algu\u00e9m passar a aceitar e a se interessar por esta Verdade.<\/strong> A partir da\u00ed, ser\u00e1 um \u201ccaminho sem volta\u201d, uma vez que a a\u00e7\u00e3o <em><strong>autorreveladora<\/strong><\/em> n\u00e3o mais parar\u00e1, mesmo que a suposta\u00a0 mente humana diga que n\u00e3o dar\u00e1 continuidade ao estudo! Ele n\u00e3o se iniciou por vontade humana nem por influ\u00eancia de seres humanos! Por isso,\u00a0 n\u00e3o ser\u00e1 esta mente ilus\u00f3ria quem opinar\u00e1 sobre esta quest\u00e3o, muito embora ela tente de todas as formas \u00a0faz\u00ea-lo, talvez at\u00e9 com sucesso por certos per\u00edodos, mas que ser\u00e3o sempre de final previsto! A Consci\u00eancia &#8220;convidar\u00e1&#8221; a pessoa a retornar ao caminho!<\/span><\/h2>\n<h2 align=\"center\"><span style=\"color: #3c188b;\">A Verdade \u00e9 DEUS SENDO TUDO! Nossa dedica\u00e7\u00e3o \u00e0 percep\u00e7\u00e3o desta revela\u00e7\u00e3o determinar\u00e1 nossa maior ou menor facilidade em nos livrarmos dos envolvimentos sem nexo com <strong>apar\u00eancias ilus\u00f3rias!<\/strong> E esta dedica\u00e7\u00e3o ser\u00e1 sempre um \u201cchamado interior\u201d, mesmo que apare\u00e7a \u00a0externamente como ensinamentos, livros, palestras ou autores deste mundo!<\/span><\/h2>\n<h2 align=\"center\"><span style=\"color: #3c188b;\">CONTEMPLO A VERDADE DE QUE &#8220;DEUS \u00c9 TUDO\u201d CONTEMPLO MINHA PRESEN\u00c7A SENDO A PRESEN\u00c7A DE DEUS ONDE EU ESTOU! ONDE EUESTOU, DEUS EST\u00c1! ESTA \u00c9 A VERDADE ABSOLUTA E PERMANENTE SOBRE O <em><strong>EU<\/strong><\/em> QUE <strong><em>EU SOU!<\/em><\/strong><\/span><\/h2>\n<h2 align=\"center\"><span style=\"color: #3c188b;\">*<\/span><\/h2>\n","protected":false},"excerpt":{"rendered":"<p>Certa vez, ao explicar a \u201cvida contemplativa\u201d a algumas pessoas, uma delas me disse: \u201cIsto que voc\u00ea coloca, no meu entender, \u00e9 fanatismo!\u201d. Eu estava expondo a Verdade de que TUDO \u00c9 DEUS, e falando sobre a necessidade de vivenciarmos conscientemente esta &#8220;totalidade divina&#8221;. Entretanto, para esta \u00a0pessoa, encarar a totalidade de Deus n\u00e3o podia &hellip; <\/p>\n<p class=\"link-more\"><a href=\"https:\/\/www.fachodeluz.blog.br\/wp\/2013\/05\/06\/vivenciando-a-totalidade-de-deus\/\" class=\"more-link\">Leia mais<span class=\"screen-reader-text\"> &#8220;Vivenciando A Totalidade De Deus&#8221;<\/span><\/a><\/p>\n","protected":false},"author":2,"featured_media":0,"comment_status":"closed","ping_status":"closed","sticky":false,"template":"","format":"standard","meta":{"nf_dc_page":"","_crdt_document":"","footnotes":""},"categories":[10],"tags":[],"class_list":["post-12336","post","type-post","status-publish","format-standard","hentry","category-darcio-dezolt"],"featured_media_urls":[],"_links":{"self":[{"href":"https:\/\/www.fachodeluz.blog.br\/wp\/wp-json\/wp\/v2\/posts\/12336","targetHints":{"allow":["GET"]}}],"collection":[{"href":"https:\/\/www.fachodeluz.blog.br\/wp\/wp-json\/wp\/v2\/posts"}],"about":[{"href":"https:\/\/www.fachodeluz.blog.br\/wp\/wp-json\/wp\/v2\/types\/post"}],"author":[{"embeddable":true,"href":"https:\/\/www.fachodeluz.blog.br\/wp\/wp-json\/wp\/v2\/users\/2"}],"replies":[{"embeddable":true,"href":"https:\/\/www.fachodeluz.blog.br\/wp\/wp-json\/wp\/v2\/comments?post=12336"}],"version-history":[{"count":0,"href":"https:\/\/www.fachodeluz.blog.br\/wp\/wp-json\/wp\/v2\/posts\/12336\/revisions"}],"wp:attachment":[{"href":"https:\/\/www.fachodeluz.blog.br\/wp\/wp-json\/wp\/v2\/media?parent=12336"}],"wp:term":[{"taxonomy":"category","embeddable":true,"href":"https:\/\/www.fachodeluz.blog.br\/wp\/wp-json\/wp\/v2\/categories?post=12336"},{"taxonomy":"post_tag","embeddable":true,"href":"https:\/\/www.fachodeluz.blog.br\/wp\/wp-json\/wp\/v2\/tags?post=12336"}],"curies":[{"name":"wp","href":"https:\/\/api.w.org\/{rel}","templated":true}]}}