{"id":12385,"date":"2013-05-16T10:24:44","date_gmt":"2013-05-16T13:24:44","guid":{"rendered":"http:\/\/fachodeluz.blog.br\/wp\/?p=12385"},"modified":"2013-05-16T11:35:36","modified_gmt":"2013-05-16T14:35:36","slug":"nao-ha-outros-ao-lado-de-voce","status":"publish","type":"post","link":"https:\/\/www.fachodeluz.blog.br\/wp\/2013\/05\/16\/nao-ha-outros-ao-lado-de-voce\/","title":{"rendered":"N\u00e3o H\u00e1 Outros Ao Lado De Voc\u00ea!"},"content":{"rendered":"<h2 align=\"center\"><a href=\"https:\/\/i0.wp.com\/fachodeluz.blog.br\/wp\/wp-content\/uploads\/2013\/05\/F101.gif\"><img data-recalc-dims=\"1\" loading=\"lazy\" decoding=\"async\" loading=\"lazy\" class=\"aligncenter size-full wp-image-12386\" alt=\"F101\" src=\"https:\/\/i0.wp.com\/fachodeluz.blog.br\/wp\/wp-content\/uploads\/2013\/05\/F101.gif?resize=450%2C422\" width=\"450\" height=\"422\" \/><\/a><\/h2>\n<h2 align=\"center\"><span style=\"color: #003333;\">Quando algu\u00e9m anda pelas ruas, em dia ensolarado, concentrado em seus objetivos, dificilmente observa o movimento de sua sombra pelo ch\u00e3o! Ela o acompanha, se deforma, se modifica, e, em todo o tempo, passa por ele despercebida! Se algu\u00e9m o parar para chamar-lhe a aten\u00e7\u00e3o para a sombra, ela lhe parecer\u00e1 ter estado ausente at\u00e9 aquele instante! Entretanto, o que realmente aconteceu, \u00e9 que sua mente, concentrada em algo de maior import\u00e2ncia, fez com que sua sombra, mesmo presente, se passasse por ausente! N\u00e3o havia \u201cespa\u00e7o\u201d, na mente dele, para que \u201ca sombra\u201d pudesse ocupar e chamar-lhe a aten\u00e7\u00e3o!<\/span><\/h2>\n<h2 align=\"center\"><span style=\"color: #003333;\">Quando os ensinamentos absolutistas revelam que DEUS \u00c9 TUDO, e que, ao Seu lado, nada existe, explicando que o suposto \u201cmundo material\u201d \u00e9 pura ILUS\u00c3O, pura \u00a0\u201cSOMBRA&#8221;, \u00e9 comum surgir a quest\u00e3o: <i>\u201cSe Deus \u00e9 TUDO, como \u00a0encarar as \u00a0\u00a0\u00a0\u00a0\u00a0\u00a0\u00a0\u00a0\u00a0\u00a0\u00a0\u00a0 obriga\u00e7\u00f5es e responsabilidades do dia a dia?\u201d<\/i> \u00a0Antes de ser dada qualquer resposta, uma outra pergunta dever\u00e1 \u00a0estar sendo feita a quem colocou a quest\u00e3o: <em>\u201cVOC\u00ca RECONHECEU <strong>VERDADEIRAMENTE<\/strong> QUE DEUS \u00c9 TUDO?\u201d<\/em> \u00c9 desta resposta que sair\u00e1 a outra, ou seja, se a pessoa CONCENTROU-SE NA TOTALIDADE DE DEUS, durante as \u201ccontempla\u00e7\u00f5es da Verdade\u201d, o suposto \u201cmundo material e suas ocupa\u00e7\u00f5es\u201d lhe ser\u00e3o como \u201csombras\u201d, assim como na ilustra\u00e7\u00e3o empregada no in\u00edcio, em que a pessoa, integralmente entretida em sua atividade PRIORIT\u00c1RIA, sequer notaria a presen\u00e7a ou a aus\u00eancia de sua sombra pelo ch\u00e3o! Em outras palavras, a TOTALIDADE DE DEUS, sendo REALMENTE reconhecida, \u00a0e n\u00e3o apenas aceita superficialmente, faz com que a pessoa, em seu viver di\u00e1rio, se veja <strong>\u00a0agindo automaticamente,<\/strong> dentro de um ritmo certo e de harmonia, cumprindo com suas obriga\u00e7\u00f5es naturalmente, sem preocupa\u00e7\u00f5es, sem atropelos e sem se dar conta de \u201cser ela\u201d \u2013 humanamente \u2013 a autora de suas a\u00e7\u00f5es!\u00a0 N\u00c3O EXISTEM OBRIGA\u00c7\u00d5ES MATERIAIS! S\u00c3O SOMBRAS! E, ENQUANTO ISTO N\u00c3O FOR RECONHECIDO, A VERDADE DA TOTALIDADE DE DEUS N\u00c3O TER\u00c1 SIDO REAMENTE CONTEMPLADA!<\/span><\/h2>\n<h2 align=\"center\"><span style=\"color: #003333;\">A a\u00e7\u00e3o cont\u00ednua do suposto \u201chomem material\u201d, quando a Verdade de que DEUS \u00c9 TUDO \u00e9 por ele considerada, reconhecida e contemplada com total dedica\u00e7\u00e3o, passa a ser <strong>\u201csombra ativa sem ego\u201d.<\/strong> A harmonia do seu suposto dia a dia ser\u00e1 meramente \u201csombra\u201d da <b>unidade<\/b> que ele \u201ccontemplou em Deus\u201d, onde ele p\u00f4de se ver sendo <b>O UM,<\/b> e n\u00e3o <b>\u201cmais um\u201d;<\/b>\u00a0 assim, n\u00e3o existindo \u201cOUTROS\u201d, em suas \u201ccontempla\u00e7\u00f5es\u201d, n\u00e3o surgir\u00e3o \u201coutros\u201d na \u201cSOMBRA\u201d ou nas APAR\u00caNCIAS, e \u00e9 este o motivo pelo qual tudo fluir\u00e1 harmoniosamente em seu dia a dia!<\/span><\/h2>\n<h2 align=\"center\"><span style=\"color: #003333;\">Quanto menos algu\u00e9m se dedica \u00e0s \u201ccontempla\u00e7\u00f5es da Unidade perfeita\u201d, que \u00e9 DEUS SENDO TUDO, mais ele se envolve, aparentemente, \u00a0com \u201coutros\u201d na \u201csombra da visibilidade\u201d. Por qu\u00ea? Porque o suposto \u201cmundo material\u201d \u00e9 ILUS\u00d3RIO! Mera SOMBRA de \u201ccren\u00e7as\u201d; desse modo, enquanto n\u00e3o for reconhecida a UNIDADE PERFEITA, a pessoa ir\u00e1 se deparar com \u201cSOMBRA\u201d de dualidade em seu dia-a-dia! E \u00e9 quando \u00a0se ver\u00e1 frente a frente com supostos \u201coutros\u201d, com \u201catritos\u201d ou \u201copini\u00f5es divergentes\u201d, at\u00e9 o momento em que descobrir estar \u00a0vendo unicamente <strong><em>sua pr\u00f3pria \u201ccren\u00e7a em dualidade\u201d projetada como SOMBRA!<\/em><\/strong><\/span><\/h2>\n<h2 align=\"center\"><span style=\"color: #003333;\">DEUS \u00c9 TUDO! N\u00e3o h\u00e1 \u201coutros\u201d ao lado de MIM! Quando voc\u00ea entender a import\u00e2ncia e valor desta VERDADE, CONTEMPLADA, ver\u00e1 que n\u00e3o mais ter\u00e1 \u201colhos para mundo material\u201d: ele se desenrolar\u00e1 naturalmente em harmonia, como \u201csombra una\u201d, da qual voc\u00ea participar\u00e1 ativamente, com efici\u00eancia, sem ego, e sem dualidade!<\/span><\/h2>\n<h2 align=\"center\"><span style=\"color: #003333;\">CONTEMPLO DEUS COMO TUDO! CONTEMPLO A VERDADE DE QUE, COMO SOU UM COM DEUS, N\u00c3O H\u00c1 OUTROS AO LADO DE MIM! CONTEMPLO A ONIPRESEN\u00c7A COMO UNIDADE PERFEITA EM MANIFESTA\u00c7\u00c3O. CONTEMPLO A CONST\u00c2NCIA DESTA VERDADE COMO A ONIA\u00c7\u00c3O DA QUAL PARTICIPO COMO O\u00a0 CRISTO QUE EU SOU! DEUS \u00c9 TUDO E DEUS \u00c9 \u00daNICO! CONTEMPLO A PRESEN\u00c7A DE DEUS SENDO A PRESEN\u00c7A QUE EU SOU! <\/span><\/h2>\n<h2 align=\"center\"><span style=\"color: #003333;\">*<\/span><\/h2>\n","protected":false},"excerpt":{"rendered":"<p>Quando algu\u00e9m anda pelas ruas, em dia ensolarado, concentrado em seus objetivos, dificilmente observa o movimento de sua sombra pelo ch\u00e3o! Ela o acompanha, se deforma, se modifica, e, em todo o tempo, passa por ele despercebida! Se algu\u00e9m o parar para chamar-lhe a aten\u00e7\u00e3o para a sombra, ela lhe parecer\u00e1 ter estado ausente at\u00e9 &hellip; <\/p>\n<p class=\"link-more\"><a href=\"https:\/\/www.fachodeluz.blog.br\/wp\/2013\/05\/16\/nao-ha-outros-ao-lado-de-voce\/\" class=\"more-link\">Leia mais<span class=\"screen-reader-text\"> &#8220;N\u00e3o H\u00e1 Outros Ao Lado De Voc\u00ea!&#8221;<\/span><\/a><\/p>\n","protected":false},"author":2,"featured_media":0,"comment_status":"closed","ping_status":"closed","sticky":false,"template":"","format":"standard","meta":{"nf_dc_page":"","_crdt_document":"","footnotes":""},"categories":[10],"tags":[],"class_list":["post-12385","post","type-post","status-publish","format-standard","hentry","category-darcio-dezolt"],"featured_media_urls":[],"_links":{"self":[{"href":"https:\/\/www.fachodeluz.blog.br\/wp\/wp-json\/wp\/v2\/posts\/12385","targetHints":{"allow":["GET"]}}],"collection":[{"href":"https:\/\/www.fachodeluz.blog.br\/wp\/wp-json\/wp\/v2\/posts"}],"about":[{"href":"https:\/\/www.fachodeluz.blog.br\/wp\/wp-json\/wp\/v2\/types\/post"}],"author":[{"embeddable":true,"href":"https:\/\/www.fachodeluz.blog.br\/wp\/wp-json\/wp\/v2\/users\/2"}],"replies":[{"embeddable":true,"href":"https:\/\/www.fachodeluz.blog.br\/wp\/wp-json\/wp\/v2\/comments?post=12385"}],"version-history":[{"count":0,"href":"https:\/\/www.fachodeluz.blog.br\/wp\/wp-json\/wp\/v2\/posts\/12385\/revisions"}],"wp:attachment":[{"href":"https:\/\/www.fachodeluz.blog.br\/wp\/wp-json\/wp\/v2\/media?parent=12385"}],"wp:term":[{"taxonomy":"category","embeddable":true,"href":"https:\/\/www.fachodeluz.blog.br\/wp\/wp-json\/wp\/v2\/categories?post=12385"},{"taxonomy":"post_tag","embeddable":true,"href":"https:\/\/www.fachodeluz.blog.br\/wp\/wp-json\/wp\/v2\/tags?post=12385"}],"curies":[{"name":"wp","href":"https:\/\/api.w.org\/{rel}","templated":true}]}}