{"id":12412,"date":"2013-05-22T11:20:05","date_gmt":"2013-05-22T14:20:05","guid":{"rendered":"http:\/\/fachodeluz.blog.br\/wp\/?p=12412"},"modified":"2013-05-22T11:20:05","modified_gmt":"2013-05-22T14:20:05","slug":"a-prece-como-contemplacao-da-harmonia-permanente","status":"publish","type":"post","link":"https:\/\/www.fachodeluz.blog.br\/wp\/2013\/05\/22\/a-prece-como-contemplacao-da-harmonia-permanente\/","title":{"rendered":"A Prece Como Contempla\u00e7\u00e3o Da Harmonia Permanente"},"content":{"rendered":"<p align=\"center\">\n<p align=\"center\"><a href=\"https:\/\/i0.wp.com\/fachodeluz.blog.br\/wp\/wp-content\/uploads\/2013\/05\/k12.gif\"><img data-recalc-dims=\"1\" loading=\"lazy\" decoding=\"async\" loading=\"lazy\" class=\"aligncenter size-full wp-image-12413\" alt=\"k12\" src=\"https:\/\/i0.wp.com\/fachodeluz.blog.br\/wp\/wp-content\/uploads\/2013\/05\/k12.gif?resize=450%2C338\" width=\"450\" height=\"338\" \/><\/a><\/p>\n<h2 align=\"center\"><span style=\"color: #7a0000;\">H\u00e1 mil\u00eanios que a humanidade vem recebendo instru\u00e7\u00f5es iluminadas no sentido de que \u201cs\u00e3o permanentes as obras de Deus\u201d. Como a suposta mente humana capta tudo em constante mudan\u00e7a, podemos concluir que <strong>\u201cnada deste mundo \u00e9 obra de Deus\u201d.\u00a0<\/strong> E por ser esta a Verdade, o conhecimento s\u00f3lido deste princ\u00edpio de<strong> \u201cperman\u00eancia\u201d<\/strong> constitui um dos fortes alicerces para que as preces sejam contemplativas, feitas corretamente, sem sinais de\u00a0 desespero, temor, e apego.<\/span><\/h2>\n<h2 align=\"center\"><span style=\"color: #7a0000;\">H\u00e1 anos, \u00a0uma pessoa\u00a0 disse-me estar desesperada: seu sobrinho, uma crian\u00e7a, havia fugido de casa, permanecia desaparecido e sem que ningu\u00e9m desse not\u00edcias sobre ele. Mostrava-se\u00a0 aflita e transtornada por causa disso! Eu disse a ela: <em>\u201cN\u00e3o h\u00e1 desaparecidos na Onipresen\u00e7a de Deus; assim, encerre este tumulto mental e deixe que se projete, naturalmente, a imagem desta Harmonia divina em sua mente!\u201d.<\/em><\/span><\/h2>\n<h2 align=\"center\"><span style=\"color: #7a0000;\">Quem normalmente vive apegado ao \u201creferencial da ilus\u00e3o\u201d, o referencial que avalia a exist\u00eancia e os acontecimentos n\u00e3o como a <em>Onia\u00e7\u00e3o<\/em> ESPIRITUAL permanente, mas como \u201capar\u00eancias vis\u00edveis\u201d, sente enorme dificuldade em conter-se e despreocupar-se, frente a supostos momentos de desarmonia. Entretanto, a \u201csolu\u00e7\u00e3o\u201d, para todos eles, est\u00e1 em ser\u00a0 tranquilizada, aquietada e acalmada a suposta mente humana, uma vez que A HARMONIA \u00c9 OBRA PERMANENTE E \u00a0J\u00c1 EXISTE ALI MESMO, MANTIDA POR DEUS! A sua <em>constata\u00e7\u00e3o<\/em> como \u201cpresente\u201d, por parte dos supostos sentidos humanos, \u00a0assemelha-se \u00e0 constata\u00e7\u00e3o do reflexo de uma paisagem na superf\u00edcie de um lago. Se as \u00e1guas em sua superf\u00edcie estiverem serenas, a paisagem se refletir\u00e1 corretamente; caso elas se mostrarem agitadas, a paisagem se refletir\u00e1 distorcida. <strong>Por isso, anular a \u201cagita\u00e7\u00e3o mental\u201d pelo conhecimento de que A\u00a0 ATEN\u00c7\u00c3O DEVE ESTAR FOCADA NA PERMAN\u00caNCIA DA HARMONIA, E JAMAIS EM PROBLEMA, significa \u201cCORTAR A ILUS\u00c3O PELA RAIZ\u201d.<\/strong> No caso antes citado, em poucos dias, \u00a0aquela crian\u00e7a, que havia fugido de casa, retornou a ela <em>naturalmente!<\/em><\/span><\/h2>\n<h2 align=\"center\"><span style=\"color: #7a0000;\">Preocupar-se, desesperar-se, ficar ansioso por \u201cver logo tudo resolvido\u201d \u2013 eis o que fomenta a <strong><em>ILUS\u00c3O de desarmonia!<\/em><\/strong> Equivale a algu\u00e9m agitar mais ainda as \u00e1guas da superf\u00edcie de um lago, por estar desesperadamente querendo \u201carranjar\u201d sobre ele uma fiel proje\u00e7\u00e3o! Portanto, entenda corretamente o processo iluminado de encarar o mundo: volte-se de seus supostos problemas diretamente \u00e0 CERTEZA DO BEM PERMANENTE, subjacente \u00e0s \u201capar\u00eancias em muta\u00e7\u00e3o\u201d, entendendo que est\u00e1 deixando de \u201cver paisagem refletida pelo lago\u201d para CONTEMPL\u00c1-LA \u00a0J\u00c1 PERFEITA EM DEUS!<\/span><\/h2>\n<h2 align=\"center\"><span style=\"color: #7a0000;\">O ENSINAMENTO ABSOLUTO \u00e9 um treinamento para vivermos no \u201cReferencial do Fato Permanente\u201d e nunca no ilus\u00f3rio \u00a0\u201creferencial de reflexos \u00a0mut\u00e1veis\u201d. Por isso parte de DEUS COMO TUDO e do \u201cmundo de apar\u00eancias vis\u00edveis\u201d como NADA!<\/span><\/h2>\n<h2 align=\"center\"><span style=\"color: #7a0000;\">CONTEMPLO O UNIVERSO PERMANENTE DE DEUS COMO HARMONIA ABSOLUTA. CONTEMPLO A CONSCI\u00caNCIA ILUMINADA E PERFEITA COMO SENDO O MEU UNIVERSO. CONTEMPLO OS FATOS E ACONTECIMENTOS ONDE REALMENTE EST\u00c3O ACONTECENDO: NA MINHA CONSCI\u00caNCIA ILUMINADA!<\/span><\/h2>\n<h2 align=\"center\"><span style=\"color: #7a0000;\">*<\/span><\/h2>\n<p>&nbsp;<\/p>\n","protected":false},"excerpt":{"rendered":"<p>H\u00e1 mil\u00eanios que a humanidade vem recebendo instru\u00e7\u00f5es iluminadas no sentido de que \u201cs\u00e3o permanentes as obras de Deus\u201d. Como a suposta mente humana capta tudo em constante mudan\u00e7a, podemos concluir que \u201cnada deste mundo \u00e9 obra de Deus\u201d.\u00a0 E por ser esta a Verdade, o conhecimento s\u00f3lido deste princ\u00edpio de \u201cperman\u00eancia\u201d constitui um dos &hellip; <\/p>\n<p class=\"link-more\"><a href=\"https:\/\/www.fachodeluz.blog.br\/wp\/2013\/05\/22\/a-prece-como-contemplacao-da-harmonia-permanente\/\" class=\"more-link\">Leia mais<span class=\"screen-reader-text\"> &#8220;A Prece Como Contempla\u00e7\u00e3o Da Harmonia Permanente&#8221;<\/span><\/a><\/p>\n","protected":false},"author":2,"featured_media":0,"comment_status":"closed","ping_status":"closed","sticky":false,"template":"","format":"standard","meta":{"nf_dc_page":"","_crdt_document":"","footnotes":""},"categories":[10],"tags":[],"class_list":["post-12412","post","type-post","status-publish","format-standard","hentry","category-darcio-dezolt"],"featured_media_urls":[],"_links":{"self":[{"href":"https:\/\/www.fachodeluz.blog.br\/wp\/wp-json\/wp\/v2\/posts\/12412","targetHints":{"allow":["GET"]}}],"collection":[{"href":"https:\/\/www.fachodeluz.blog.br\/wp\/wp-json\/wp\/v2\/posts"}],"about":[{"href":"https:\/\/www.fachodeluz.blog.br\/wp\/wp-json\/wp\/v2\/types\/post"}],"author":[{"embeddable":true,"href":"https:\/\/www.fachodeluz.blog.br\/wp\/wp-json\/wp\/v2\/users\/2"}],"replies":[{"embeddable":true,"href":"https:\/\/www.fachodeluz.blog.br\/wp\/wp-json\/wp\/v2\/comments?post=12412"}],"version-history":[{"count":0,"href":"https:\/\/www.fachodeluz.blog.br\/wp\/wp-json\/wp\/v2\/posts\/12412\/revisions"}],"wp:attachment":[{"href":"https:\/\/www.fachodeluz.blog.br\/wp\/wp-json\/wp\/v2\/media?parent=12412"}],"wp:term":[{"taxonomy":"category","embeddable":true,"href":"https:\/\/www.fachodeluz.blog.br\/wp\/wp-json\/wp\/v2\/categories?post=12412"},{"taxonomy":"post_tag","embeddable":true,"href":"https:\/\/www.fachodeluz.blog.br\/wp\/wp-json\/wp\/v2\/tags?post=12412"}],"curies":[{"name":"wp","href":"https:\/\/api.w.org\/{rel}","templated":true}]}}