{"id":12471,"date":"2013-06-03T10:38:34","date_gmt":"2013-06-03T13:38:34","guid":{"rendered":"http:\/\/fachodeluz.blog.br\/wp\/?p=12471"},"modified":"2013-06-03T11:55:31","modified_gmt":"2013-06-03T14:55:31","slug":"voce-esta-se-comparando-com-jesus","status":"publish","type":"post","link":"https:\/\/www.fachodeluz.blog.br\/wp\/2013\/06\/03\/voce-esta-se-comparando-com-jesus\/","title":{"rendered":"Voc\u00ea Est\u00e1 Se Comparando Com Jesus Cristo?"},"content":{"rendered":"<h2 align=\"center\"><a href=\"https:\/\/i0.wp.com\/fachodeluz.blog.br\/wp\/wp-content\/uploads\/2013\/06\/WCEKA1.gif\"><img data-recalc-dims=\"1\" loading=\"lazy\" decoding=\"async\" loading=\"lazy\" class=\"aligncenter size-full wp-image-12472\" alt=\"WCEKA1\" src=\"https:\/\/i0.wp.com\/fachodeluz.blog.br\/wp\/wp-content\/uploads\/2013\/06\/WCEKA1.gif?resize=450%2C283\" width=\"450\" height=\"283\" \/><\/a><\/h2>\n<h2 align=\"center\"><span style=\"color: #007a7a;\">Estudar a Verdade \u00e9 desaprender mentiras, \u00e9 compreender o Universo como um todo governado perfeitamente pela Consci\u00eancia divina. Se perguntarmos a um religioso se ele acredita que Deus \u00e9 uma Consci\u00eancia presente em todo o Universo infinito, ele ir\u00e1 concordar; mas se lhe perguntarmos se a Consci\u00eancia dele \u00e9 t\u00e3o perfeita como a de Deus, ele s\u00f3 concordar\u00e1 se for um estudante absolutista da Verdade. Por qu\u00ea? Porque uma \u201ccren\u00e7a mentirosa coletiva\u201d se implantou em toda humanidade fazendo-a se ver \u201cseparada de Deus\u201d.<\/span><\/h2>\n<h2 align=\"center\"><span style=\"color: #007a7a;\">N\u00e3o h\u00e1 como ser poss\u00edvel Deus ser Consci\u00eancia iluminada onipresente e, tamb\u00e9m, estar presente, em algum de n\u00f3s, &#8220;outra consci\u00eancia&#8221; para ser rotulada de pecadora.\u00a0 Cada um de n\u00f3s, obrigatoriamente, tem de estar sendo a Consci\u00eancia iluminada de Deus, ou Deus n\u00e3o seria onipresente!<strong> Todos os supostos problemas pelos quais as pessoas dizem passar, devem-se \u00e0 cren\u00e7a falsa de que h\u00e1 \u201cmentes imperfeitas\u201d coexistindo com a Mente divina!<\/strong> Desaprender esta mentira \u00e9 conhecer a Verdade libertadora!<\/span><\/h2>\n<h2 align=\"center\"><span style=\"color: #007a7a;\">Quando explicava esta Verdade, de que TUDO \u00e9 \u00a0Consci\u00eancia Iluminada em express\u00e3o, uma vez que Deus \u00e9 Consci\u00eancia Onipresente, e que, portanto, esta Consci\u00eancia do Cristo \u00e9 a Consci\u00eancia do Pai em todo Filho de Deus, cansei de escutar a seguinte pergunta: <em>\u201cVoc\u00ea, por acaso, \u00a0est\u00e1 se comparando com Jesus Cristo?\u201d\u00a0<\/em> \u00a0Em cada vez fluiu uma resposta a ser dada. Numa delas, eu respondi<i>: \u201cVoc\u00ea acha que o Deus que \u00e9 \u201cPai de Jesus\u201d \u00e9 outro, \u00a0e n\u00e3o o mesmo Deus que \u00e9 o \u201cmeu Pai\u201d? Se acha assim, voc\u00ea nega todo o ensinamento dele, que diz que o Pai \u00e9 NOSSO! E, se voc\u00ea acredita que \u201co Pai \u00e9 NOSSO\u201d, como pode acreditar que este Pai criou Jesus superior ao Filho que EU SOU? Nesse caso, a ONIPRESEN\u00c7A teria um ponto, no pr\u00f3prio Deus, \u00a0que seria INFERIOR, ocupado por um FILHO DE DEUS INFERIOR! Voc\u00ea acredita nisso?\u00a0 Al\u00e9m do mais, Jesus disse o seguinte: \u201cNaquele dia, conhecereis, eu estou no Pai, v\u00f3s em mim e eu em v\u00f3s\u201d. Este \u201cdia\u201d ser\u00e1 aquele em que voc\u00ea se redescobrir na Onipresen\u00e7a!\u201d.<\/i><\/span><\/h2>\n<h2 align=\"center\"><span style=\"color: #007a7a;\">A pergunta \u201cVoc\u00ea est\u00e1 se comparando com Jesus Cristo\u201d \u00e9 a que costumeiramente salta da \u201ccren\u00e7a fraudulenta\u201d de que TUDO N\u00c3O \u00c9 UM! Em outras palavras, ela salta da \u201cmente carnal\u201d, a inimizade contra Deus, segundo o ap\u00f3stolo Paulo! Na metaf\u00edsica, \u00e9 a VOZ DA ILUS\u00c3O! A aceita\u00e7\u00e3o err\u00f4nea coletiva de que SOMOS SERES SEPARADOS DE DEUS! Enquanto esta cren\u00e7a n\u00e3o for calada com a determina\u00e7\u00e3o que ela requer, continuaremos ouvindo pessoas se dizendo crist\u00e3s e se comparando com pecadores, com seres imperfeitos, com \u201cmentes pessoais\u201d, sem jamais se \u201ccompararem com Jesus Cristo\u201d. Estar\u00e3o se julgando, e ao pr\u00f3ximo, &#8220;pela carne&#8221;. Teriam elas lido <i>que \u201cdei-lhes a gl\u00f3ria para serem um, como n\u00f3s, \u00f3 Pai, somos um: perfeitos em unidade\u201d (Jo\u00e3o 17: 22)?<\/i>\u00a0 E curiosamente, s\u00e3o elas mesmas que dizem \u00a0que Jesus morreu na cruz para acabar com os seus pecados!<\/span><\/h2>\n<h2 align=\"center\"><span style=\"color: #007a7a;\">O ensinamento absolutista parte da Verdade de que \u201cTUDO \u00c9 DEUS\u201d, e que <strong>Suas obras s\u00e3o permanentes.<\/strong> Desse modo, Deus \u00e9 glorificado em nosso corpo e em nosso esp\u00edrito, como ensina a B\u00edblia! Nossa Mente \u00e9 reconhecida como sendo a de Cristo, como a revela\u00e7\u00e3o de Paulo diz que \u00e9, e pela aplica\u00e7\u00e3o destes princ\u00edpios, anulamos o \u201cjulgamento pelas apar\u00eancias\u201d, que \u00e9 a \u201carma da ilus\u00e3o\u201d para saturar as pessoas com suas crendices ligadas a pecados, leis do carma, \u201cju\u00edzo final\u201d e demais cren\u00e7as falsas que sup\u00f5em existir \u201calgo al\u00e9m de Deus\u201d, mas que inexistem. DEUS \u00c9 TUDO! Enquanto voc\u00ea n\u00e3o se comparar com Jesus Cristo, estar\u00e1 se comparando com a MENTIRA!<\/span><\/h2>\n<h2 align=\"center\"><span style=\"color: #007a7a;\">CONTEMPLO A VERDADE DE QUE O UNIVERSO \u00c9 A CONSCI\u00caNCIA DIVINA EM EXPRESS\u00c3O INFINITA! CONTEMPLO QUE ESTA CONSCI\u00caNCIA \u00c9 ONIPRESENTE, SENDO, PORTANTO, A CONSCI\u00caNCIA QUE EU SOU, AQUI E AGORA! CONTEMPLO A VERDADE DE QUE DEUS \u00c9 TUDO E TUDO \u00c9 DEUS!<\/span><\/h2>\n<h2 style=\"text-align: center;\"><span style=\"color: #007a7a;\">*<\/span><\/h2>\n<p>&nbsp;<\/p>\n<p>&nbsp;<\/p>\n","protected":false},"excerpt":{"rendered":"<p>Estudar a Verdade \u00e9 desaprender mentiras, \u00e9 compreender o Universo como um todo governado perfeitamente pela Consci\u00eancia divina. Se perguntarmos a um religioso se ele acredita que Deus \u00e9 uma Consci\u00eancia presente em todo o Universo infinito, ele ir\u00e1 concordar; mas se lhe perguntarmos se a Consci\u00eancia dele \u00e9 t\u00e3o perfeita como a de Deus, &hellip; <\/p>\n<p class=\"link-more\"><a href=\"https:\/\/www.fachodeluz.blog.br\/wp\/2013\/06\/03\/voce-esta-se-comparando-com-jesus\/\" class=\"more-link\">Leia mais<span class=\"screen-reader-text\"> &#8220;Voc\u00ea Est\u00e1 Se Comparando Com Jesus Cristo?&#8221;<\/span><\/a><\/p>\n","protected":false},"author":2,"featured_media":0,"comment_status":"closed","ping_status":"closed","sticky":false,"template":"","format":"standard","meta":{"nf_dc_page":"","_crdt_document":"","footnotes":""},"categories":[10],"tags":[],"class_list":["post-12471","post","type-post","status-publish","format-standard","hentry","category-darcio-dezolt"],"featured_media_urls":[],"_links":{"self":[{"href":"https:\/\/www.fachodeluz.blog.br\/wp\/wp-json\/wp\/v2\/posts\/12471","targetHints":{"allow":["GET"]}}],"collection":[{"href":"https:\/\/www.fachodeluz.blog.br\/wp\/wp-json\/wp\/v2\/posts"}],"about":[{"href":"https:\/\/www.fachodeluz.blog.br\/wp\/wp-json\/wp\/v2\/types\/post"}],"author":[{"embeddable":true,"href":"https:\/\/www.fachodeluz.blog.br\/wp\/wp-json\/wp\/v2\/users\/2"}],"replies":[{"embeddable":true,"href":"https:\/\/www.fachodeluz.blog.br\/wp\/wp-json\/wp\/v2\/comments?post=12471"}],"version-history":[{"count":0,"href":"https:\/\/www.fachodeluz.blog.br\/wp\/wp-json\/wp\/v2\/posts\/12471\/revisions"}],"wp:attachment":[{"href":"https:\/\/www.fachodeluz.blog.br\/wp\/wp-json\/wp\/v2\/media?parent=12471"}],"wp:term":[{"taxonomy":"category","embeddable":true,"href":"https:\/\/www.fachodeluz.blog.br\/wp\/wp-json\/wp\/v2\/categories?post=12471"},{"taxonomy":"post_tag","embeddable":true,"href":"https:\/\/www.fachodeluz.blog.br\/wp\/wp-json\/wp\/v2\/tags?post=12471"}],"curies":[{"name":"wp","href":"https:\/\/api.w.org\/{rel}","templated":true}]}}