{"id":12480,"date":"2013-06-05T11:57:33","date_gmt":"2013-06-05T14:57:33","guid":{"rendered":"http:\/\/fachodeluz.blog.br\/wp\/?p=12480"},"modified":"2013-06-05T11:57:33","modified_gmt":"2013-06-05T14:57:33","slug":"o-sentido-espiritual-da-palavra-mim","status":"publish","type":"post","link":"https:\/\/www.fachodeluz.blog.br\/wp\/2013\/06\/05\/o-sentido-espiritual-da-palavra-mim\/","title":{"rendered":"O Sentido Espiritual Da Palavra &#8220;Mim&#8221;"},"content":{"rendered":"<h2 style=\"text-align: center;\"><a href=\"https:\/\/i0.wp.com\/fachodeluz.blog.br\/wp\/wp-content\/uploads\/2013\/06\/SPM.gif\"><img data-recalc-dims=\"1\" loading=\"lazy\" decoding=\"async\" loading=\"lazy\" class=\"aligncenter size-full wp-image-12481\" alt=\"SPM\" src=\"https:\/\/i0.wp.com\/fachodeluz.blog.br\/wp\/wp-content\/uploads\/2013\/06\/SPM.gif?resize=450%2C585\" width=\"450\" height=\"585\" \/><\/a><\/h2>\n<h3 align=\"center\"><span style=\"color: #8e0000;\"><em>\u201cN\u00e3o ter\u00e1s outros deuses diante de<\/em><\/span><\/h3>\n<h3 align=\"center\"><span style=\"color: #8e0000;\"><em> MIM\u201d<\/em><\/span><br \/>\n<span style=\"color: #8e0000;\">\u00caxodo 20;3.<\/span><\/h3>\n<h3 align=\"center\"><span style=\"color: #8e0000;\"><em>\u201cAquele que, com firme f\u00e9, me cultua assim como me apreende em seu cora\u00e7\u00e3o, sob a forma em que me pode apreender, este me \u00e9 querido e santo. Mas, quem me compreende como o Eterno, o An\u00f4nimo, o Imanifesto, o Inconceb\u00edvel, o Supremo, n\u00e3o limitado por forma alguma, o Infinito; quem me cultua deste modo, e, contudo, enxerga a minha presen\u00e7a em todos os seres e, praticando o bem, vive jubilosamente, esse acabar\u00e1 por se unir a MIM. Entretanto, \u00e1rduo \u00e9 este caminho para os que procuram encontrar o Imanifesto por meio de um amor afetivo; dif\u00edcil \u00e9 esse caminho para os que ainda vivem em corpo carnal. Mas, quem de cora\u00e7\u00e3o puro se voltar a MIM e fizer em meu esp\u00edrito tudo quanto faz; quem renunciar a si mesmo e, dia e noite, firmado em mim, me servir, esse ser\u00e1 salvo por MIM do tempestuoso mar da exist\u00eancia desse inconstante mundo do nascer e do morrer, porque buscou ref\u00fagio em MIM.\u201d<\/em><\/span><\/h3>\n<h2 align=\"center\"><span style=\"color: #8e0000;\">A quem s\u00e3o atribu\u00eddas as palavras acima? A Jesus? N\u00e3o! S\u00e3o id\u00eanticas \u00e0s dele! Por qu\u00ea? Porque a Verdade \u00e9 UNIVERSAL, eterna e atemporal Todo Mestre, quando fala \u201cEU SOU\u201d ou \u201cMIM\u201d, sabe estar falando do UNO: DEUS, a Presen\u00e7a Infinita nele! As palavras acima foram ditas por Krishna, h\u00e1 mais de sete mil anos, e ficaram imortalizadas no livro <em>BHAGAVAD GITA.<\/em> Este livro era o livro sagrado de Gandhi.<\/span><\/h2>\n<h2 align=\"center\"><span style=\"color: #8e0000;\">Tamb\u00e9m em Isa\u00edas, 55; 3, h\u00e1 o registro: <em>\u201cInclinai os vossos ouvidos e \u201cvinde a MIM\u201d; ouvi, e a vossa alma viver\u00e1; porque convosco farei um concerto perp\u00e9tuo, dando-vos as firmes benefic\u00eancias de Davi\u201d.<\/em><\/span><\/h2>\n<h2 align=\"center\"><span style=\"color: #8e0000;\">A compreens\u00e3o da \u201duniversalidade da Verdade\u201d, bem como da natureza impessoal das palavras \u201cEu Sou\u201d e \u201cMim\u201d, constitui a base do \u201cdespertar espiritual\u201d. Cada suposto \u201cser humano\u201d, deixando de se identificar com a \u201cilus\u00e3o\u201d do ego, para se entregar \u00e0 For\u00e7a Una que constitui a Ess\u00eancia de todos os seres, acaba por se descobrir \u201cformando\u201d e \u201csendo formado\u201d pelo VERBO!<\/span><\/h2>\n<h2 align=\"center\"><span style=\"color: #8e0000;\">Krishna, Buda, Jesus, Paulo, todos os iluminados, falam em \u201cren\u00fancia ao ego\u201d como <em>pr\u00e9-requisito<\/em> para haver esta percep\u00e7\u00e3o da nossa Identidade gloriosa!<\/span><\/h2>\n<h2 align=\"center\"><span style=\"color: #8e0000;\">Os ensinamentos s\u00e3o essencialmente id\u00eanticos! <em>\u201cVir a MIM\u201d<\/em> \u00e9 a Salva\u00e7\u00e3o! Que significa este chamado? Somos chamados, n\u00e3o a alguma pessoa de nome Krishna, Buda ou Jesus, mas ao <em>\u201cEu Sou\u201d,<\/em> ao UNO! \u00c0 Identidade pronta e perfeita, \u00e0 pr\u00f3pria Presen\u00e7a de Deus em n\u00f3s, ao Cristo que constitui nossa real e eterna identidade!<\/span><\/h2>\n<h2 align=\"center\"><span style=\"color: #8e0000;\">Quanto antes voc\u00ea se desvincular dessa \u201ccren\u00e7a\u201d em &#8220;eu&#8221; humano e em \u201csalvadores pessoais\u201d, para \u201cvir a MIM\u201d, mais r\u00e1pido perceber\u00e1 a veracidade das Revela\u00e7\u00f5es! E saber\u00e1 o motivo que levou Jesus a confirmar: <em>\u201cSois deuses\u201d<\/em>\u00a0 (Jo\u00e3o 10: 34).<\/span><\/h2>\n<h2 align=\"center\"><span style=\"color: #8e0000;\">O UNO est\u00e1 expresso como TUDO e como TODOS! Quem estiver se dedicando a V\u00ca-LO FACE A FACE desta forma, estar\u00e1 indo pelos ensinamentos iluminados! Por outro lado, se estiver vendo a si mesmo, e a todos os demais, como meros seres humanos, &#8220;aspirantes \u00e0 ilumina\u00e7\u00e3o&#8221;, imperfeitos, em evolu\u00e7\u00e3o, bons ou maus, ou seja, se estiver \u201cjulgando segundo as apar\u00eancias\u201d, estar\u00e1 apenas atuando como \u201cmais um iludido\u201d. N\u00e3o ter\u00e1 conhecido Verdade alguma! Nem estar\u00e1 seguindo ensinamento iluminado algum!<\/span><\/h2>\n<h2 align=\"center\"><span style=\"color: #8e0000;\"><strong>O desconhecimento do sentido universal da palavra \u201cmim\u201d \u00e9 a causa de tanta separatividade vista em nosso mundo religioso!<\/strong> <em>\u201cNingu\u00e9m vem ao Pai sen\u00e3o por MIM\u201d,<\/em> disse Jesus. Disse uma Verdade <em>impessoal<\/em> absoluta! Quem poder\u00e1 ir ao \u00daNICO, ao EU SOU INFINITO, a n\u00e3o ser por \u201cMIM\u201d? Pelo pr\u00f3prio Pai sendo o Cristo EM SI MESMO?<\/span><\/h2>\n<h2 align=\"center\"><span style=\"color: #8e0000;\">Em Jo\u00e3o, 12: 44, encontramos:<em> \u201cQuem cr\u00ea em mim, cr\u00ea n\u00e3o em mim, mas naquele que me enviou\u201d.<\/em> Assim nos salientou Jesus, para n\u00e3o deixar quaisquer d\u00favidas quanto \u00e0 universalidade da Verdade.<\/span><\/h2>\n<h2 align=\"center\"><span style=\"color: #8e0000;\"><em>\u201cCristo \u00e9 tudo em todos\u201d,<\/em> diz Paulo em Colossenses 3-11. Por que esta revela\u00e7\u00e3o? Para que todos RENAS\u00c7AM como ele, e possam tamb\u00e9m repetir:<em> \u201cJ\u00e1 n\u00e3o sou eu quem vive, o Cristo vive em MIM\u201d<\/em> (G\u00e1latas 2; 20). E em I Jo\u00e3o 5-10, lemos que<em> \u201cquem cr\u00ea no Filho de Deus, EM SI MESMO tem o testemunho\u201d.<\/em><\/span><\/h2>\n<h2 align=\"center\"><span style=\"color: #8e0000;\">ENTRE EM SIL\u00caNCIO E CONTEMPLE ESTAS VERDADES:<\/span><\/h2>\n<h2 style=\"text-align: center;\"><span style=\"color: #8e0000;\"><em>EU VENHO AO PAI ATRAV\u00c9S DE MIM! <\/em><\/span><\/h2>\n<h2 style=\"text-align: center;\"><span style=\"color: #8e0000;\"><em>ATRAV\u00c9S DO CRISTO QUE EU SOU! <\/em><\/span><\/h2>\n<h2 style=\"text-align: center;\"><span style=\"color: #8e0000;\"><em>EU E O PAI SOMOS UM!&#8221;<\/em><\/span><\/h2>\n<h2 align=\"center\"><span style=\"color: #8e0000;\">*<\/span><\/h2>\n","protected":false},"excerpt":{"rendered":"<p>\u201cN\u00e3o ter\u00e1s outros deuses diante de MIM\u201d \u00caxodo 20;3. \u201cAquele que, com firme f\u00e9, me cultua assim como me apreende em seu cora\u00e7\u00e3o, sob a forma em que me pode apreender, este me \u00e9 querido e santo. Mas, quem me compreende como o Eterno, o An\u00f4nimo, o Imanifesto, o Inconceb\u00edvel, o Supremo, n\u00e3o limitado por &hellip; <\/p>\n<p class=\"link-more\"><a href=\"https:\/\/www.fachodeluz.blog.br\/wp\/2013\/06\/05\/o-sentido-espiritual-da-palavra-mim\/\" class=\"more-link\">Leia mais<span class=\"screen-reader-text\"> &#8220;O Sentido Espiritual Da Palavra &#8220;Mim&#8221;&#8221;<\/span><\/a><\/p>\n","protected":false},"author":2,"featured_media":0,"comment_status":"closed","ping_status":"closed","sticky":false,"template":"","format":"standard","meta":{"nf_dc_page":"","_crdt_document":"","footnotes":""},"categories":[10],"tags":[],"class_list":["post-12480","post","type-post","status-publish","format-standard","hentry","category-darcio-dezolt"],"featured_media_urls":[],"_links":{"self":[{"href":"https:\/\/www.fachodeluz.blog.br\/wp\/wp-json\/wp\/v2\/posts\/12480","targetHints":{"allow":["GET"]}}],"collection":[{"href":"https:\/\/www.fachodeluz.blog.br\/wp\/wp-json\/wp\/v2\/posts"}],"about":[{"href":"https:\/\/www.fachodeluz.blog.br\/wp\/wp-json\/wp\/v2\/types\/post"}],"author":[{"embeddable":true,"href":"https:\/\/www.fachodeluz.blog.br\/wp\/wp-json\/wp\/v2\/users\/2"}],"replies":[{"embeddable":true,"href":"https:\/\/www.fachodeluz.blog.br\/wp\/wp-json\/wp\/v2\/comments?post=12480"}],"version-history":[{"count":0,"href":"https:\/\/www.fachodeluz.blog.br\/wp\/wp-json\/wp\/v2\/posts\/12480\/revisions"}],"wp:attachment":[{"href":"https:\/\/www.fachodeluz.blog.br\/wp\/wp-json\/wp\/v2\/media?parent=12480"}],"wp:term":[{"taxonomy":"category","embeddable":true,"href":"https:\/\/www.fachodeluz.blog.br\/wp\/wp-json\/wp\/v2\/categories?post=12480"},{"taxonomy":"post_tag","embeddable":true,"href":"https:\/\/www.fachodeluz.blog.br\/wp\/wp-json\/wp\/v2\/tags?post=12480"}],"curies":[{"name":"wp","href":"https:\/\/api.w.org\/{rel}","templated":true}]}}