{"id":12512,"date":"2013-06-11T17:48:51","date_gmt":"2013-06-11T20:48:51","guid":{"rendered":"http:\/\/fachodeluz.blog.br\/wp\/?p=12512"},"modified":"2013-06-11T17:48:51","modified_gmt":"2013-06-11T20:48:51","slug":"os-verdadeiros-e-falsos-adoradores","status":"publish","type":"post","link":"https:\/\/www.fachodeluz.blog.br\/wp\/2013\/06\/11\/os-verdadeiros-e-falsos-adoradores\/","title":{"rendered":"Os Verdadeiros E Falsos Adoradores"},"content":{"rendered":"<h2 align=\"center\"><a href=\"https:\/\/i0.wp.com\/fachodeluz.blog.br\/wp\/wp-content\/uploads\/2013\/06\/vfa1.gif\"><img data-recalc-dims=\"1\" loading=\"lazy\" decoding=\"async\" loading=\"lazy\" class=\"aligncenter size-full wp-image-12513\" alt=\"vfa1\" src=\"https:\/\/i0.wp.com\/fachodeluz.blog.br\/wp\/wp-content\/uploads\/2013\/06\/vfa1.gif?resize=450%2C251\" width=\"450\" height=\"251\" \/><\/a><\/h2>\n<h2 align=\"center\"><span style=\"color: #3d3d5b;\">A <em>err\u00f4nea<\/em> aceita\u00e7\u00e3o de que \u201cmat\u00e9ria existe\u201d d\u00e1 margem \u00e0 <b>ilus\u00e3o<\/b> de \u201cnascimentos e mortes\u201d, e tamb\u00e9m \u00e0s demais \u201ccren\u00e7as\u201d que admitem imperfei\u00e7\u00f5es como exist\u00eancias. Quando Jesus revelou a Verdade, de que Deus \u00e9 Esp\u00edrito, instruiu toda a humanidade a <b>\u201cador\u00e1-lo em Esp\u00edrito e em Verdade\u201d,<\/b> ou seja, <b>em Sua Onipresen\u00e7a, Onipot\u00eancia, Onisci\u00eancia e Onia\u00e7\u00e3o.<\/b> Por\u00e9m, o que a humanidade fez, foi acreditar em \u201cDeus sendo Esp\u00edrito\u201d, mas com cada um \u201csendo carnal\u201d, \u201cmortal\u201d, \u201cpecador\u201d, etc.. Em outras palavras, a humanidade adorou a Deus \u201c<b>em Esp\u00edrito e em mentira\u201d.<\/b> Quem estuda a Verdade absoluta e adota seus princ\u00edpios, \u00e9 quem s\u00e3o os <b>\u201cverdadeiros adoradores\u201d,<\/b> aqueles que \u201cadoram a Deus em Esp\u00edrito e em Verdade\u201d. Por qu\u00ea? <strong>Porque n\u00e3o se veem como VIDA APARTADA DO TODO! N\u00e3o se veem integrantes do ilus\u00f3rio \u201cmundo do pai da mentira\u201d, n\u00e3o acreditam ter mente imperfeita nem serem \u201coutros\u201d ao lado de \u201cMIM\u201d.<\/strong><\/span><\/h2>\n<h2 align=\"center\"><span style=\"color: #3d3d5b;\">A pessoa pode demonstrar ter a maior f\u00e9 do universo: <strong>enquanto n\u00e3o se IDENTIFICAR COM DEUS, n\u00e3o estar\u00e1 \u201cadorando-O em Esp\u00edrito e em Verdade\u201d.<\/strong> O ap\u00f3stolo Paulo, para n\u00e3o deixar d\u00favidas a esse respeito, deu-nos a seguinte instru\u00e7\u00e3o: <i><strong>\u201cGlorificai a Deus no VOSSO corpo e no VOSSO Esp\u00edrito, os quais pertencem a Deus<\/strong> <\/i>(I Cor. 6: 20). Que est\u00e1 nos revelando? Que o NOSSO ESP\u00cdRITO \u00c9 O DE DEUS!<\/span><\/h2>\n<h2 align=\"center\"><span style=\"color: #3d3d5b;\">O Esp\u00edrito de Deus \u00e9 Onipresente, sendo o \u201cmeu\u201d, o \u201cseu\u201d e o Esp\u00edrito de todos! Esta UNIDADE DO ESP\u00cdRITO est\u00e1 na frase de Jesus: <i>\u201cEu e o Pai somos um, mas o Pai \u00e9 maior do que eu\u201d.<\/i> Se partirmos do \u201cjulgamento pelas apar\u00eancias\u201d, s\u00f3 veremos o Esp\u00edrito de Deus em imagina\u00e7\u00e3o! A vis\u00e3o materialista prevalecer\u00e1, apesar de ser falsa. <\/span><\/h2>\n<h2 align=\"center\"><span style=\"color: #3d3d5b;\">Quando nos decidimos pela <b>\u201ctroca de referencial\u201d, <\/b>que \u00e9 <b>\u201cpartir da totalidade de Deus\u201d,<\/b> de Sua <strong>Onipresen\u00e7a como Esp\u00edrito,<\/strong> naturalmente nos aflora a percep\u00e7\u00e3o de que Deus \u00e9 o \u201cnosso\u201d Esp\u00edrito! E, desse modo, sem quaisquer esfor\u00e7os mentais, vemo-nos integralmente IDENTIFICADOS COM ESTE ESP\u00cdRITO, o que tamb\u00e9m nos faz discernir a revela\u00e7\u00e3o de que \u201cnosso Corpo\u201d \u00e9 o Templo de Deus!<\/span><\/h2>\n<h2 align=\"center\"><span style=\"color: #3d3d5b;\"><i>\u201cO homem tem uma Alma imortal, um Princ\u00edpio divino e um ser eterno. O homem tem sua individualidade perp\u00e9tua; e as leis de Deus, com sua a\u00e7\u00e3o inteligente e harmoniosa, constituem sua individualidade na Ci\u00eancia da Alma\u201d,<\/i> disse Mary Baker Eddy. Ao fazer estas revela\u00e7\u00f5es, ela deixou claro que TUDO \u00c9 ESP\u00cdRITO DE DEUS! E a nossa viv\u00eancia, dentro destes princ\u00edpios e \u201ccontempla\u00e7\u00f5es\u201d, constitui o nosso reconhecimento iluminado de que Deus \u00e9 Esp\u00edrito, e que n\u00f3s O adoramos em Esp\u00edrito e em Verdade, reconhecendo-O tanto em n\u00f3s mesmos como em nosso pr\u00f3ximo!<\/span><\/h2>\n<h2 align=\"center\"><span style=\"color: #3d3d5b;\">CONTEMPLO A VERDADE DE QUE DEUS \u00c9 ESP\u00cdRITO \u00daNICO E ONIPRESENTE! CONTEMPLO A DEUS EM MEU CORPO E EM MEU ESP\u00cdRITO! CONTEMPLO A DEUS NO CORPO E NO ESP\u00cdRITO DE TODOS COM QUEM ENTRO EM CONTATO! <\/span><\/h2>\n<h2 align=\"center\"><span style=\"color: #3d3d5b;\"><b>ESTA CONTEMPLA\u00c7\u00c3O ABSOLUTA \u00c9 A ADORA\u00c7\u00c3O AO PAI <i>EM ESP\u00cdRITO E EM VERDADE!<\/i><\/b><\/span><\/h2>\n<h2 align=\"center\"><span style=\"color: #3d3d5b;\"><b><i>*<\/i><\/b><\/span><\/h2>\n","protected":false},"excerpt":{"rendered":"<p>A err\u00f4nea aceita\u00e7\u00e3o de que \u201cmat\u00e9ria existe\u201d d\u00e1 margem \u00e0 ilus\u00e3o de \u201cnascimentos e mortes\u201d, e tamb\u00e9m \u00e0s demais \u201ccren\u00e7as\u201d que admitem imperfei\u00e7\u00f5es como exist\u00eancias. Quando Jesus revelou a Verdade, de que Deus \u00e9 Esp\u00edrito, instruiu toda a humanidade a \u201cador\u00e1-lo em Esp\u00edrito e em Verdade\u201d, ou seja, em Sua Onipresen\u00e7a, Onipot\u00eancia, Onisci\u00eancia e Onia\u00e7\u00e3o. &hellip; <\/p>\n<p class=\"link-more\"><a href=\"https:\/\/www.fachodeluz.blog.br\/wp\/2013\/06\/11\/os-verdadeiros-e-falsos-adoradores\/\" class=\"more-link\">Leia mais<span class=\"screen-reader-text\"> &#8220;Os Verdadeiros E Falsos Adoradores&#8221;<\/span><\/a><\/p>\n","protected":false},"author":2,"featured_media":0,"comment_status":"open","ping_status":"closed","sticky":false,"template":"","format":"standard","meta":{"nf_dc_page":"","_crdt_document":"","footnotes":""},"categories":[10],"tags":[],"class_list":["post-12512","post","type-post","status-publish","format-standard","hentry","category-darcio-dezolt"],"featured_media_urls":[],"_links":{"self":[{"href":"https:\/\/www.fachodeluz.blog.br\/wp\/wp-json\/wp\/v2\/posts\/12512","targetHints":{"allow":["GET"]}}],"collection":[{"href":"https:\/\/www.fachodeluz.blog.br\/wp\/wp-json\/wp\/v2\/posts"}],"about":[{"href":"https:\/\/www.fachodeluz.blog.br\/wp\/wp-json\/wp\/v2\/types\/post"}],"author":[{"embeddable":true,"href":"https:\/\/www.fachodeluz.blog.br\/wp\/wp-json\/wp\/v2\/users\/2"}],"replies":[{"embeddable":true,"href":"https:\/\/www.fachodeluz.blog.br\/wp\/wp-json\/wp\/v2\/comments?post=12512"}],"version-history":[{"count":0,"href":"https:\/\/www.fachodeluz.blog.br\/wp\/wp-json\/wp\/v2\/posts\/12512\/revisions"}],"wp:attachment":[{"href":"https:\/\/www.fachodeluz.blog.br\/wp\/wp-json\/wp\/v2\/media?parent=12512"}],"wp:term":[{"taxonomy":"category","embeddable":true,"href":"https:\/\/www.fachodeluz.blog.br\/wp\/wp-json\/wp\/v2\/categories?post=12512"},{"taxonomy":"post_tag","embeddable":true,"href":"https:\/\/www.fachodeluz.blog.br\/wp\/wp-json\/wp\/v2\/tags?post=12512"}],"curies":[{"name":"wp","href":"https:\/\/api.w.org\/{rel}","templated":true}]}}