{"id":1252,"date":"2009-02-13T11:36:41","date_gmt":"2009-02-13T11:36:41","guid":{"rendered":"http:\/\/fachodeluz.hostmach.com.br\/wp\/?p=1252"},"modified":"2009-02-13T11:36:41","modified_gmt":"2009-02-13T11:36:41","slug":"acao-real-e-sua-sombra","status":"publish","type":"post","link":"https:\/\/www.fachodeluz.blog.br\/wp\/2009\/02\/13\/acao-real-e-sua-sombra\/","title":{"rendered":"A\u00c7\u00c3O REAL E SUA SOMBRA"},"content":{"rendered":"<div style=\"border: 1pt solid windowtext; padding: 1pt 4pt; background: #ffff99 none repeat scroll 0% 0%;\">\n<p style=\"border: medium none; padding: 0cm; background: #ffff99 none repeat scroll 0% 0%; text-align: center;\" align=\"center\"><strong><span style=\"font-size: 18pt; font-family: &quot;Lucida Sans&quot;; color: #333399;\">A\u00c7\u00c3O REAL E SUA SOMBRA<\/span><\/strong><\/p>\n<p style=\"border: medium none; padding: 0cm; background: #ffff99 none repeat scroll 0% 0%; text-align: center;\" align=\"center\"><strong><span style=\"font-size: 10pt; font-family: &quot;Lucida Sans&quot;; color: #333399;\">D\u00e1rcio<\/span><\/strong><\/p>\n<p style=\"border: medium none; padding: 0cm; background: #ffff99 none repeat scroll 0% 0%; text-align: justify;\"><strong><span style=\"font-family: Georgia; color: #333399;\">Diante das revela\u00e7\u00f5es de que DEUS \u00c9 TUDO, e que, portanto, TODA ATIVIDADE \u00e9 Deus em a\u00e7\u00e3o (ONIA\u00c7\u00c3O), \u00e9 frequente a pergunta:<em> &#8220;Mas de que modo podemos conciliar esta A\u00e7\u00e3o divina com as atividades deste mundo?&#8221;<\/em> Este dualismo n\u00e3o existe! Acreditar nisso seria o mesmo que perguntar: <em>&#8220;Como conciliar o movimento de uma sombra com o movimento do objeto que a produz?&#8221;<\/em> Quando meditamos e contemplamos a ONIA\u00c7\u00c3O que nos INCLUI, as atividades do dia-a-dia ser\u00e3o &#8220;sombras&#8221; vis\u00edveis da Atividade global \u00fanica! For\u00e7ar para conciliar \u201co um com ele mesmo\u201d \u00e9 ILUS\u00c3O! <\/span><\/strong><\/p>\n<p style=\"border: medium none; padding: 0cm; background: #ffff99 none repeat scroll 0% 0%; text-align: justify;\"><strong><span style=\"font-family: Georgia; color: #333399;\">O dia transcorre naturalmente, e nesse ritmo harmonioso em que o &#8220;tempo&#8221; aparenta agir, somos movidos ou inspirados para atuar a cada instante de forma espont\u00e2nea e plena. Cada um, na apar\u00eancia, tem sua atividade que \u00e9 &#8220;sombra&#8221; da Ess\u00eancia. Uma vez reconhecido que a ONIA\u00c7\u00c3O \u00e9 Deus sendo TODA A\u00e7\u00e3o, logo a pessoa notar\u00e1 &#8220;ter algo para fazer&#8221;, saber\u00e1 &#8220;como fazer&#8221; e entender\u00e1 \u201cser a hora de fazer&#8221;. Ela n\u00e3o estar\u00e1&#8221;conciliando nada com nada! <em>Estar\u00e1 simplesmente sendo a A\u00e7\u00e3o Individual na ONIA\u00c7\u00c3O ABSOLUTA!<\/em> E assim se dar\u00e1 nas 24 horas da &#8220;apar\u00eancia&#8221;, que correspondem ao \u201cseu\u201d AGORA da Ess\u00eancia! <\/span><\/strong><\/p>\n<\/div>\n","protected":false},"excerpt":{"rendered":"<p>A\u00c7\u00c3O REAL E SUA SOMBRA D\u00e1rcio Diante das revela\u00e7\u00f5es de que DEUS \u00c9 TUDO, e que, portanto, TODA ATIVIDADE \u00e9 Deus em a\u00e7\u00e3o (ONIA\u00c7\u00c3O), \u00e9 frequente a pergunta: &#8220;Mas de que modo podemos conciliar esta A\u00e7\u00e3o divina com as atividades deste mundo?&#8221; Este dualismo n\u00e3o existe! Acreditar nisso seria o mesmo que perguntar: &#8220;Como conciliar &hellip; <\/p>\n<p class=\"link-more\"><a href=\"https:\/\/www.fachodeluz.blog.br\/wp\/2009\/02\/13\/acao-real-e-sua-sombra\/\" class=\"more-link\">Leia mais<span class=\"screen-reader-text\"> &#8220;A\u00c7\u00c3O REAL E SUA SOMBRA&#8221;<\/span><\/a><\/p>\n","protected":false},"author":2,"featured_media":0,"comment_status":"open","ping_status":"open","sticky":false,"template":"","format":"standard","meta":{"nf_dc_page":"","_crdt_document":"","footnotes":""},"categories":[10],"tags":[],"class_list":["post-1252","post","type-post","status-publish","format-standard","hentry","category-darcio-dezolt"],"featured_media_urls":[],"_links":{"self":[{"href":"https:\/\/www.fachodeluz.blog.br\/wp\/wp-json\/wp\/v2\/posts\/1252","targetHints":{"allow":["GET"]}}],"collection":[{"href":"https:\/\/www.fachodeluz.blog.br\/wp\/wp-json\/wp\/v2\/posts"}],"about":[{"href":"https:\/\/www.fachodeluz.blog.br\/wp\/wp-json\/wp\/v2\/types\/post"}],"author":[{"embeddable":true,"href":"https:\/\/www.fachodeluz.blog.br\/wp\/wp-json\/wp\/v2\/users\/2"}],"replies":[{"embeddable":true,"href":"https:\/\/www.fachodeluz.blog.br\/wp\/wp-json\/wp\/v2\/comments?post=1252"}],"version-history":[{"count":0,"href":"https:\/\/www.fachodeluz.blog.br\/wp\/wp-json\/wp\/v2\/posts\/1252\/revisions"}],"wp:attachment":[{"href":"https:\/\/www.fachodeluz.blog.br\/wp\/wp-json\/wp\/v2\/media?parent=1252"}],"wp:term":[{"taxonomy":"category","embeddable":true,"href":"https:\/\/www.fachodeluz.blog.br\/wp\/wp-json\/wp\/v2\/categories?post=1252"},{"taxonomy":"post_tag","embeddable":true,"href":"https:\/\/www.fachodeluz.blog.br\/wp\/wp-json\/wp\/v2\/tags?post=1252"}],"curies":[{"name":"wp","href":"https:\/\/api.w.org\/{rel}","templated":true}]}}