{"id":12568,"date":"2013-06-21T10:50:07","date_gmt":"2013-06-21T13:50:07","guid":{"rendered":"http:\/\/fachodeluz.blog.br\/wp\/?p=12568"},"modified":"2013-06-21T14:25:53","modified_gmt":"2013-06-21T17:25:53","slug":"a-cura-metafisica-entendida-corretamente","status":"publish","type":"post","link":"https:\/\/www.fachodeluz.blog.br\/wp\/2013\/06\/21\/a-cura-metafisica-entendida-corretamente\/","title":{"rendered":"A Cura Metaf\u00edsica  Corretamente Entendida"},"content":{"rendered":"<p align=\"center\"><a href=\"https:\/\/i0.wp.com\/fachodeluz.blog.br\/wp\/wp-content\/uploads\/2013\/06\/m1d.gif\"><img data-recalc-dims=\"1\" loading=\"lazy\" decoding=\"async\" loading=\"lazy\" class=\"aligncenter size-full wp-image-12569\" alt=\"m1d\" src=\"https:\/\/i0.wp.com\/fachodeluz.blog.br\/wp\/wp-content\/uploads\/2013\/06\/m1d.gif?resize=450%2C252\" width=\"450\" height=\"252\" \/><\/a><\/p>\n<h2 align=\"center\"><span style=\"color: #000080;\">Quando algu\u00e9m entra em contato com a Metaf\u00edsica Absoluta, encontra \u00a0in\u00fameros artigos e relatos sobre o que \u00e9 comum ser chamado de \u201ccura metaf\u00edsica\u201d. \u00c9 muito frequente as pessoas relatarem\u00a0 curas, contarem sobre suas \u201cantigas doen\u00e7as\u201d e testemunharem o sumi\u00e7o delas.\u00a0 Como se d\u00e3o estas curas?\u00a0 N\u00e3o s\u00e3o resultados obtidos como os apresentados pela medicina, uma vez que os princ\u00edpios envolvidos s\u00e3o radicalmente diferentes.<\/span><\/h2>\n<h2 align=\"center\"><span style=\"color: #000080;\">Para a Metaf\u00edsica Absoluta, o mal, sob todas as supostas \u00a0formas, jamais tem come\u00e7o! \u00c9 inexistente. Por qu\u00ea? Porque o ensinamento parte da premissa de que o Universo \u00e9 puramente espiritual, divino e perfeito, enquanto, para o referencial do mundo, \u00a0uma suposta \u201cmente humana\u201d tamb\u00e9m se diz presente, ao lado da Mente de Deus, \u00a0e com o direito de acreditar no bem e no mal. A Medicina trabalha a partir desta base falsa, ou seja, de que a mente humana \u00e9 real e, portanto, que o que ela testemunha tamb\u00e9m tem realidade. Desse modo, o mundo trabalha em cima da exist\u00eancia do bem e do mal como presentes, e seus cientistas, aliando-se a m\u00e9dicos e terapeutas, lutam \u201ccontra o mal\u201d, usando tudo o que conhecem para procurar \u201crestabelecer o bem\u201d.<\/span><\/h2>\n<h2 align=\"center\"><span style=\"color: #000080;\">Enquanto a medicina fala em \u201ccurar doen\u00e7as\u201d, a Metaf\u00edsica explica que o Ser real que somos, \u00e9 <b>inadoec\u00edvel.<\/b> Por isso, em vez de <b>algu\u00e9m \u201clutar desesperadamente para \u201cse curar\u201d, <\/b>seu empenho ser\u00e1 voltado a outra dire\u00e7\u00e3o: <b>\u201cn\u00e3o se deixar iludir pelas apar\u00eancias falsas\u201d.<\/b> Enquanto a medicina classifica doen\u00e7as em cur\u00e1veis e incur\u00e1veis, a Metaf\u00edsica sequer tem \u201colhos para o mal\u201d, revelando que s\u00e3o \u201cpermanentes as obras de Deus\u201d, que somos a Presen\u00e7a de Deus como Ser individual e que, em vista disso, o que Deus reconhece como presente, que \u00e9 a Sua Onipresen\u00e7a, n\u00f3s tamb\u00e9m reconhecemos! <i>\u201cO Filho faz aquilo que v\u00ea o Pai fazer\u201d,<\/i> disse Jesus, explicando a UNIDADE PERFEITA que h\u00e1 entre Deus e toda a Sua Emana\u00e7\u00e3o.<\/span><\/h2>\n<h2 align=\"center\"><span style=\"color: #000080;\"><b>Se \u201cn\u00e3o h\u00e1 doen\u00e7as\u201d, n\u00e3o h\u00e1 \u201ccura de doen\u00e7as\u201d, mesmo que aparentemente estes aspectos sejam \u201cvistos\u201d humanamente!<\/b> \u00a0Seja qual for o suposto \u201caspecto doentio\u201d, rotulado de \u201ccur\u00e1vel\u201d ou \u201cincur\u00e1vel\u201d, ele n\u00e3o passa de uma representa\u00e7\u00e3o vis\u00edvel de CREN\u00c7AS FALSAS! Em outras palavras, aquele que decididamente expulsar as \u201ccren\u00e7as falsas\u201d, por identificar-se como \u201cobra permanente de Deus\u201d, se apresentar\u00e1 aos olhos do mundo como \u201ccurado\u201d, e sem que nada neste sentido tenha realmente ocorrido em seu Ser, que \u00e9 inadoec\u00edvel e perfeito sempre. Este, portanto, \u00e9 o princ\u00edpio que rege a chamada \u201ccura metaf\u00edsica\u201d: <b>contemplar a SI MESMO como imut\u00e1vel obra perfeita de Deus! <\/b>Esta contempla\u00e7\u00e3o \u2013 SEM ESMORECIMENTO &#8211; \u00a0requer total desv\u00ednculo das \u201ccren\u00e7as falsas\u201d e das \u201cimagens vis\u00edveis\u201d geradas por elas.<\/span><\/h2>\n<h2 align=\"center\"><span style=\"color: #000080;\">No Budismo, as aparentes altera\u00e7\u00f5es da Lua foram dadas como exemplo do que \u00e9 ILUS\u00c3O e do que \u00e9 REALIDADE. Desse modo, a Lua, sempre inteira, era mostrada como \u201cNova, Crescente, Cheia e Minguante\u201d, enquanto estas supostas \u201cfases\u201d eram apontadas como imposs\u00edveis de causar altera\u00e7\u00f5es verdadeiras no \u201ccorpo da Lua\u201d. Aquele que entender que as \u201cfases \u00a0corp\u00f3reas doentias\u201d s\u00e3o somente <em><b>apar\u00eancias,<\/b><\/em> dedicando-se a contemplar unicamente \u00a0<b>o Corpo j\u00e1 Perfeito,<\/b> dar\u00e1 o testemunho da Verdade, ou seja, ir\u00e1 se mostrar \u201ccurado\u201d, em apar\u00eancia, por ter-se encarado ETERNAMENTE PERFEITO E INADOEC\u00cdVEL EM ESS\u00caNCIA.\u00a0 Por isso, vale repetir o seguinte: na cura metaf\u00edsica, n\u00e3o se aceita o mal como presente, para, depois, \u00a0tentar corrigi-lo com o bem, seja atrav\u00e9s de medicina ou atrav\u00e9s de Deus. A METAF\u00cdSICA EXPLICA QUE DEUS \u00c9 TUDO! E A DEDICA\u00c7\u00c3O INTEGRAL\u00a0 SE D\u00c1 NO SENTIDO DE N\u00c3O \u00a0NOS PERMITIRMOS\u00a0 ILUDIR PELAS APAR\u00caNCIAS! S\u00c3O \u201cMIRAGENS\u201d, FALSIDADES!<\/span><\/h2>\n<h2 align=\"center\"><span style=\"color: #000080;\"><b><i>CONTEMPLO MEU SER MANTIDO PERFEITO PERMANENTEMENTE PELA CRISTO-CONSCI\u00caNCIA QUE EU SOU! CONTEMPLO QUE AS APAR\u00caNCIAS MUT\u00c1VEIS SOBRE O CORPO N\u00c3O AFETAM A SUA PERFEI\u00c7\u00c3O PERENE, ASSIM COMO AS FASES DA LUA JAMAIS ALTERAM O SEU FORMATO ORIGINAL. CONTEMPLO QUE A VERDADE \u00c9 A VERDADE E QUE AS APAR\u00caNCIAS S\u00c3O ILUS\u00d3RIAS! CONTEMPLO-ME INTEGRALMENTE DESVINCULADO DAS APAR\u00caNCIAS DE CORPO, ASSIM COMO ALGU\u00c9M SE V\u00ca DESVINCULADO DE SUAS SOMBRAS MUT\u00c1VEIS QUE SE PROJETAM PELO CH\u00c3O.<\/i><\/b><\/span><\/h2>\n","protected":false},"excerpt":{"rendered":"<p>Quando algu\u00e9m entra em contato com a Metaf\u00edsica Absoluta, encontra \u00a0in\u00fameros artigos e relatos sobre o que \u00e9 comum ser chamado de \u201ccura metaf\u00edsica\u201d. \u00c9 muito frequente as pessoas relatarem\u00a0 curas, contarem sobre suas \u201cantigas doen\u00e7as\u201d e testemunharem o sumi\u00e7o delas.\u00a0 Como se d\u00e3o estas curas?\u00a0 N\u00e3o s\u00e3o resultados obtidos como os apresentados pela medicina, &hellip; <\/p>\n<p class=\"link-more\"><a href=\"https:\/\/www.fachodeluz.blog.br\/wp\/2013\/06\/21\/a-cura-metafisica-entendida-corretamente\/\" class=\"more-link\">Leia mais<span class=\"screen-reader-text\"> &#8220;A Cura Metaf\u00edsica  Corretamente Entendida&#8221;<\/span><\/a><\/p>\n","protected":false},"author":2,"featured_media":0,"comment_status":"open","ping_status":"closed","sticky":false,"template":"","format":"standard","meta":{"nf_dc_page":"","_crdt_document":"","footnotes":""},"categories":[10],"tags":[],"class_list":["post-12568","post","type-post","status-publish","format-standard","hentry","category-darcio-dezolt"],"featured_media_urls":[],"_links":{"self":[{"href":"https:\/\/www.fachodeluz.blog.br\/wp\/wp-json\/wp\/v2\/posts\/12568","targetHints":{"allow":["GET"]}}],"collection":[{"href":"https:\/\/www.fachodeluz.blog.br\/wp\/wp-json\/wp\/v2\/posts"}],"about":[{"href":"https:\/\/www.fachodeluz.blog.br\/wp\/wp-json\/wp\/v2\/types\/post"}],"author":[{"embeddable":true,"href":"https:\/\/www.fachodeluz.blog.br\/wp\/wp-json\/wp\/v2\/users\/2"}],"replies":[{"embeddable":true,"href":"https:\/\/www.fachodeluz.blog.br\/wp\/wp-json\/wp\/v2\/comments?post=12568"}],"version-history":[{"count":0,"href":"https:\/\/www.fachodeluz.blog.br\/wp\/wp-json\/wp\/v2\/posts\/12568\/revisions"}],"wp:attachment":[{"href":"https:\/\/www.fachodeluz.blog.br\/wp\/wp-json\/wp\/v2\/media?parent=12568"}],"wp:term":[{"taxonomy":"category","embeddable":true,"href":"https:\/\/www.fachodeluz.blog.br\/wp\/wp-json\/wp\/v2\/categories?post=12568"},{"taxonomy":"post_tag","embeddable":true,"href":"https:\/\/www.fachodeluz.blog.br\/wp\/wp-json\/wp\/v2\/tags?post=12568"}],"curies":[{"name":"wp","href":"https:\/\/api.w.org\/{rel}","templated":true}]}}