{"id":12592,"date":"2013-06-24T10:57:02","date_gmt":"2013-06-24T13:57:02","guid":{"rendered":"http:\/\/fachodeluz.blog.br\/wp\/?p=12592"},"modified":"2013-06-24T11:11:32","modified_gmt":"2013-06-24T14:11:32","slug":"esteja-onde-a-verdade-esta","status":"publish","type":"post","link":"https:\/\/www.fachodeluz.blog.br\/wp\/2013\/06\/24\/esteja-onde-a-verdade-esta\/","title":{"rendered":"Esteja Onde A Verdade Est\u00e1!"},"content":{"rendered":"<h2 align=\"center\"><a href=\"https:\/\/i0.wp.com\/fachodeluz.blog.br\/wp\/wp-content\/uploads\/2013\/06\/WL1.gif\"><img data-recalc-dims=\"1\" loading=\"lazy\" decoding=\"async\" loading=\"lazy\" class=\"aligncenter size-full wp-image-12593\" alt=\"WL1\" src=\"https:\/\/i0.wp.com\/fachodeluz.blog.br\/wp\/wp-content\/uploads\/2013\/06\/WL1.gif?resize=450%2C253\" width=\"450\" height=\"253\" \/><\/a><\/h2>\n<h2 align=\"center\"><span style=\"color: #004700;\">A Verdade \u00e9 mais do que poesia ou fonte de emo\u00e7\u00f5es! A Verdade \u00e9 a Ci\u00eancia divina, exata, perfeita e infal\u00edvel! A Verdade est\u00e1 acima do intelecto e da avalia\u00e7\u00e3o mental humana. Por esse motivo, jamais ser\u00e1 compreendida realmente por algu\u00e9m que n\u00e3o se dispuser a \u201cestar onde Ela est\u00e1\u201d, que \u00e9 na Onipresen\u00e7a divina.<\/span><\/h2>\n<h2 align=\"center\"><span style=\"color: #004700;\">Quem se acha \u201cnum lugar\u201d, acreditando estar a Verdade em outro, estar\u00e1 negando a Verdade. E a mente que assim age \u00e9 a ILUS\u00c3O! Por isso, medite a partir da Verdade e de <strong>\u201cestar sendo a Verdade\u201d,<\/strong> e estar\u00e1 meditando<strong> \u201cestando onde a Verdade est\u00e1\u201d.<\/strong><\/span><\/h2>\n<h2 align=\"center\"><span style=\"color: #004700;\">Quando algu\u00e9m l\u00ea os Salmos, as par\u00e1bolas, ou \u00a0os milagres da B\u00edblia, por exemplo, dizendo ach\u00e1-los \u201cmaravilhosos\u201d ou \u201cemocionantes\u201d, se parar nesta \u201cpercep\u00e7\u00e3o humana\u201d, n\u00e3o estar\u00e1 \u201conde a Verdade est\u00e1\u201d .\u00a0 Em muitas oportunidades, pessoas me disseram algo do tipo:<em> \u201cHoje, lendo sobre o amor de Deus, eu chorei de emo\u00e7\u00e3o!\u201d.<\/em> Estas rea\u00e7\u00f5es mentais, sem serem imprescind\u00edveis, podem mesmo acontecer, e s\u00e3o sinais de rendi\u00e7\u00e3o da mente humana \u00e0 Verdade; por\u00e9m, \u00e9 preciso ir al\u00e9m da mente humana! De que forma? Pela <strong>\u201cPr\u00e1tica do Sil\u00eancio\u201d,<\/strong> quando reconhecemos que Deus, sendo a Mente perfeita e \u00fanica a reger o Universo infinito, com precis\u00e3o matem\u00e1tica e com exatid\u00e3o cient\u00edfica, \u00e9 inclusive a Mente individual de todos n\u00f3s.<\/span><\/h2>\n<h2 align=\"center\"><span style=\"color: #004700;\">DEUS \u00c9 TUDO! N\u00e3o h\u00e1 \u201coutra mente\u201d ao lado de Deus! Como a \u201ccren\u00e7a coletiva\u201d acredita que h\u00e1, quando ouvimos ou lemos algo sobre a Verdade, e nos sentimos tocados, \u00e9 sinal de que est\u00e1 havendo abertura interna para irmos \u201cacima do emocional\u201d, e \u00e9 quando realmente nos\u00a0 dedicamos a discernir que TUDO \u00c9 UM, TUDO \u00c9 DEUS, TUDO \u00c9 AQUI E AGORA.<\/span><\/h2>\n<h2 align=\"center\"><span style=\"color: #004700;\">Se nos contentarmos apenas com as sensa\u00e7\u00f5es de \u201calegria espiritual\u201d da suposta mente humana, ficaremos endossando esta mente ilus\u00f3ria. Isto acontece muito quando algu\u00e9m escuta e se emociona ouvindo m\u00fasicas com mensagens religiosas! A \u00a0mente humana, at\u00e9 ent\u00e3o presa a problemas ou aos desafios da vida, vendo-se movida pela letra da melodia, que fala da prote\u00e7\u00e3o divina, do amor divino, etc., faz com que a pessoa entre em prantos ou num tipo de \u201calegria emotiva\u201d. \u00a0Mas, como foi dito, precisamos <strong>\u201cir \u00e0 alegria permanente\u201d,<\/strong> que \u00e9 ir \u00e0 Verdade, ao CRISTO QUE SOMOS! A alegria verdadeira n\u00e3o vem de \u201cchoros emocionais\u201d, mas da Verdade que somos! E, como tudo que \u00e9 da Verdade n\u00e3o pode ser sentido pela suposta \u201cmente humana\u201d, tamb\u00e9m jamais poder\u00e1 ser descrito a ela! Voc\u00ea ter\u00e1 de experienci\u00e1-La!<br \/>\n<\/span><\/h2>\n<h2 align=\"center\"><span style=\"color: #004700;\">A Verdade \u00c9! Voc\u00ea e a Verdade s\u00e3o UM! Quando, na <em>Pr\u00e1tica do Sil\u00eancio,<\/em> voc\u00ea contemplar o que disse Jesus: <b>\u201cEu Sou a Verdade\u201d,<\/b> saber\u00e1 que este \u201cEu Sou\u201d, \u00e9 VOC\u00ca SENDO! E ent\u00e3o, voc\u00ea estar\u00e1 exatamente onde a Verdade est\u00e1,\u00a0<em><strong> vivenciando esta EXPERI\u00caNCIA!<\/strong><\/em><\/span><\/h2>\n<h2 align=\"center\"><span style=\"color: #004700;\"><b><i>CONTEMPLO\u00a0 A ONIPRESEN\u00c7A DE DEUS SENDO A PRESEN\u00c7A DO CRISTO QUE EU SOU. CONTEMPLO QUE\u00a0 O CRISTO \u00c9 A VERDADE QUE EU SOU. UNICAMENTE A VERDADE \u00c9 REALIDADE. PORTANTO, ONDE EU ESTOU, EU SOU A VERDADE!<\/i><\/b><\/span><\/h2>\n<h2 style=\"text-align: center;\">*<\/h2>\n","protected":false},"excerpt":{"rendered":"<p>A Verdade \u00e9 mais do que poesia ou fonte de emo\u00e7\u00f5es! A Verdade \u00e9 a Ci\u00eancia divina, exata, perfeita e infal\u00edvel! A Verdade est\u00e1 acima do intelecto e da avalia\u00e7\u00e3o mental humana. Por esse motivo, jamais ser\u00e1 compreendida realmente por algu\u00e9m que n\u00e3o se dispuser a \u201cestar onde Ela est\u00e1\u201d, que \u00e9 na Onipresen\u00e7a divina. &hellip; <\/p>\n<p class=\"link-more\"><a href=\"https:\/\/www.fachodeluz.blog.br\/wp\/2013\/06\/24\/esteja-onde-a-verdade-esta\/\" class=\"more-link\">Leia mais<span class=\"screen-reader-text\"> &#8220;Esteja Onde A Verdade Est\u00e1!&#8221;<\/span><\/a><\/p>\n","protected":false},"author":2,"featured_media":0,"comment_status":"open","ping_status":"closed","sticky":false,"template":"","format":"standard","meta":{"nf_dc_page":"","_crdt_document":"","footnotes":""},"categories":[10],"tags":[],"class_list":["post-12592","post","type-post","status-publish","format-standard","hentry","category-darcio-dezolt"],"featured_media_urls":[],"_links":{"self":[{"href":"https:\/\/www.fachodeluz.blog.br\/wp\/wp-json\/wp\/v2\/posts\/12592","targetHints":{"allow":["GET"]}}],"collection":[{"href":"https:\/\/www.fachodeluz.blog.br\/wp\/wp-json\/wp\/v2\/posts"}],"about":[{"href":"https:\/\/www.fachodeluz.blog.br\/wp\/wp-json\/wp\/v2\/types\/post"}],"author":[{"embeddable":true,"href":"https:\/\/www.fachodeluz.blog.br\/wp\/wp-json\/wp\/v2\/users\/2"}],"replies":[{"embeddable":true,"href":"https:\/\/www.fachodeluz.blog.br\/wp\/wp-json\/wp\/v2\/comments?post=12592"}],"version-history":[{"count":0,"href":"https:\/\/www.fachodeluz.blog.br\/wp\/wp-json\/wp\/v2\/posts\/12592\/revisions"}],"wp:attachment":[{"href":"https:\/\/www.fachodeluz.blog.br\/wp\/wp-json\/wp\/v2\/media?parent=12592"}],"wp:term":[{"taxonomy":"category","embeddable":true,"href":"https:\/\/www.fachodeluz.blog.br\/wp\/wp-json\/wp\/v2\/categories?post=12592"},{"taxonomy":"post_tag","embeddable":true,"href":"https:\/\/www.fachodeluz.blog.br\/wp\/wp-json\/wp\/v2\/tags?post=12592"}],"curies":[{"name":"wp","href":"https:\/\/api.w.org\/{rel}","templated":true}]}}