{"id":12768,"date":"2013-07-26T13:06:44","date_gmt":"2013-07-26T16:06:44","guid":{"rendered":"http:\/\/fachodeluz.blog.br\/wp\/?p=12768"},"modified":"2013-07-26T13:06:44","modified_gmt":"2013-07-26T16:06:44","slug":"posso-dizer-que-eu-sou-deus","status":"publish","type":"post","link":"https:\/\/www.fachodeluz.blog.br\/wp\/2013\/07\/26\/posso-dizer-que-eu-sou-deus\/","title":{"rendered":"&#8220;Posso Dizer Que Eu Sou Deus&#8221;?"},"content":{"rendered":"<h2 align=\"center\"><a href=\"https:\/\/i0.wp.com\/fachodeluz.blog.br\/wp\/wp-content\/uploads\/2013\/07\/HD1.gif\"><img data-recalc-dims=\"1\" loading=\"lazy\" decoding=\"async\" loading=\"lazy\" class=\"aligncenter size-full wp-image-12769\" alt=\"HD1\" src=\"https:\/\/i0.wp.com\/fachodeluz.blog.br\/wp\/wp-content\/uploads\/2013\/07\/HD1.gif?resize=450%2C456\" width=\"450\" height=\"456\" \/><\/a><\/h2>\n<h2 align=\"center\"><span style=\"color: #0d4958;\">O envolvimento com as apar\u00eancias vis\u00edveis, chamadas de \u201cmundo\u201d pela humanidade, \u00e9 feito pelos pensamentos da suposta mente carnal. O tempo foi inventado por ela para dividir o AGORA em suas ilus\u00f3rias imagens temporais,\u00a0 e escravizar aparentemente a todos em seus par\u00e2metros e objetivos, ocupando-os de tal forma que, se acharem que se lembraram de Deus por cinco minutos, se consideram Seus \u00a0fi\u00e9is adoradores.<\/span><\/h2>\n<h2 align=\"center\"><span style=\"color: #0d4958;\"><strong>O homem real n\u00e3o \u00e9 iludido nem ilud\u00edvel!<\/strong> E este suposto \u00a0\u201chomem nascido\u201d, \u00a0mostrado pela mente humana, n\u00e3o existe! Mas ele \u201cpensa que existe\u201d! Com a Mente de Deus? N\u00e3o! Com a mente carnal, a mente ilus\u00f3ria que n\u00e3o v\u00ea a realidade divina, mas v\u00ea e diz haver vida em suas \u201cmiragens\u201d.<\/span><\/h2>\n<h2 align=\"center\"><span style=\"color: #0d4958;\">Algu\u00e9m poder\u00e1 dizer: <em>\u201cMas voc\u00ea n\u00e3o est\u00e1 pensando, quando faz estas coloca\u00e7\u00f5es?\u201d<\/em>\u00a0 A quest\u00e3o, no caso, passa a ser a seguinte: QUEM \u00c9 ESTE \u201cEU\u201d QUE FAZ COLOCA\u00c7\u00d5ES? \u00a0Se for o \u201cser humano\u201d, reconhecido pela mente carnal, as coloca\u00e7\u00f5es s\u00e3o ilus\u00f3rias! N\u00e3o t\u00eam o respaldo da Verdade nem a perman\u00eancia do que foi dito! <em>\u201cPassar\u00e1 o c\u00e9u e a terra, mas minhas palavras n\u00e3o passar\u00e3o\u201d,<\/em> disse Jesus. O que ele disse eram \u201cseus pensamentos\u201d? N\u00e3o. Eram a \u201ctradu\u00e7\u00e3o para a cren\u00e7a\u201d da VERDADE PRESENTE, \u00a0\u00e0 qual a suposta mente humana n\u00e3o tem nenhum acesso!<\/span><\/h2>\n<h2 align=\"center\"><span style=\"color: #0d4958;\">Se VOC\u00ca entender este processo, viver\u00e1 \u201csem pensar\u201d, \u00a0deixando FLUIR A VERDADE em termos de suas \u201ctradu\u00e7\u00f5es deste mundo\u201d, at\u00e9 que a\u201d cren\u00e7a coletiva\u201d se mostre anulada por inteiro! Cada um que assim vive,\u00a0 age pelo n\u00e3o agir, que, em linguagem popular dualista, seria \u201cagir inspirado por Deus\u201d.<\/span><\/h2>\n<h2 align=\"center\"><span style=\"color: #0d4958;\">A dualidade, no estudo da Verdade Absoluta, n\u00e3o existe! SOMENTE EXISTE DEUS! Por isso, em vez de nos posicionarmos como humanos, \u00e0 espera de \u201cinspira\u00e7\u00e3o do Alto\u201d, contemplamos a Verdade a partir diretamente \u00a0do Alto, a partir de nossa Consci\u00eancia iluminada, em que n\u00e3o h\u00e1 bons nem maus pensamentos, <b>mas unicamente \u00a0DEUS SENDO <i>como<\/i> a Consci\u00eancia iluminada que somos!<\/b> Esta \u00e9 a \u201cmudan\u00e7a de referencial\u201d que nos permite dizer que<em> \u201ctemos a Mente de Cristo\u201d.\u00a0<\/em> Sempre aparece algu\u00e9m a me perguntar: <i>\u201cQuer dizer que, se eu parar de dizer que tenho mente humana para dizer que tenho a Mente de Cristo, apenas isto me basta?\u201d<\/i> N\u00e3o!\u00a0 A <strong>troca de referencial<\/strong> \u00e9 antes requerida! A pessoa deve se contemplar em Deus, contemplar Deus como Mente \u00fanica, e discernir, sem esfor\u00e7o, \u00a0esta Mente \u00fanica <em>sendo<\/em> a dele.<\/span><\/h2>\n<h2 align=\"center\"><span style=\"color: #0d4958;\">Se o ap\u00f3stolo Paulo, por exemplo, dissesse \u201cn\u00e3o ser mais ele, e sim o Cristo\u201d, mas referindo-se ao \u201cPaulo das apar\u00eancias\u201d, estaria apenas trocando nomes! Entretanto, a mesma coloca\u00e7\u00e3o, dita por ele como EFEITO INEG\u00c1VEL do conhecimento da Verdade, de que \u201cnunca existiu Paulo\u201d, e sim O CRISTO, que \u00e9 obra permanente de Deus, suas palavras, al\u00e9m de verdadeiras, seriam n\u00e3o somente palavras, mas a VERDADE traduzida em palavras, em forma compreens\u00edvel \u00e0 suposta mente\u00a0\u00a0 humana!<\/span><\/h2>\n<h2 align=\"center\"><span style=\"color: #0d4958;\">Certa vez, numa palestra, ap\u00f3s eu colocar a premissa b\u00e1sica deste estudo para as pessoas, ou seja, \u00a0que DEUS \u00c9 TUDO, uma delas, bem \u00e0 minha frente, me perguntou: <em>\u201cEnt\u00e3o \u00e9 correto eu dizer que EU SOU DEUS?\u201d<\/em> A resposta que fluiu dar a ela, naquele momento, foi: <em>\u201cDepende! Pode ser correto, e pode n\u00e3o ser! Se a frase vier da VERDADE, do CRISTO EM VOC\u00ca, apenas sendo traduzida em linguajar humano, \u00e9 correta! Mas se ela vier da \u201cmente carnal\u201d, \u00e9 incorreta!\u201d \u00a0<\/em>Este \u00e9 o motivo pelo qual as \u201ccontempla\u00e7\u00f5es da Verdade\u201d s\u00e3o fundamentais! Com elas, partimos da \u201ctotalidade de Deus\u201d, percebemos que Deus, sendo TUDO, \u00e9 a \u00fanica op\u00e7\u00e3o que h\u00e1 para identificar QUEM SOMOS, e, com este entendimento, exatamente aqui e agora, dizemos, para n\u00f3s mesmos, o que disse Paulo a seu respeito: \u201cO CRISTO VIVE EM MIM\u201d. Ou o que disse Jesus, a seu respeito: \u201cEU SOU A VERDADE\u201d!<\/span><\/h2>\n<h2 align=\"center\"><span style=\"color: #0d4958;\"><em><strong>CONTEMPLO-ME NO UNIVERSO DE LUZ, PERFEITO E INFINITO, COMO O CRISTO QUE EU SOU! CONTEMPLO A TOTALIDADE DE DEUS SE MANIFESTANDO COMO A TOTALIDADE DO MEU EU INDIVIDUAL! ESTA VERDADE FLUI LIVRE E AUTOMATICAMENTE, SEM REQUERER PENSAMENTOS OU ESFOR\u00c7OS MENTAIS! EU SOU A VERDADE! A PR\u00d3PRIA MENTE DE DEUS SENDO! <\/strong><\/em><\/span><\/h2>\n<h2 align=\"center\"><em><strong><span style=\"color: #0d4958;\">*<\/span><br \/>\n<\/strong><\/em><\/h2>\n","protected":false},"excerpt":{"rendered":"<p>O envolvimento com as apar\u00eancias vis\u00edveis, chamadas de \u201cmundo\u201d pela humanidade, \u00e9 feito pelos pensamentos da suposta mente carnal. O tempo foi inventado por ela para dividir o AGORA em suas ilus\u00f3rias imagens temporais,\u00a0 e escravizar aparentemente a todos em seus par\u00e2metros e objetivos, ocupando-os de tal forma que, se acharem que se lembraram de &hellip; <\/p>\n<p class=\"link-more\"><a href=\"https:\/\/www.fachodeluz.blog.br\/wp\/2013\/07\/26\/posso-dizer-que-eu-sou-deus\/\" class=\"more-link\">Leia mais<span class=\"screen-reader-text\"> &#8220;&#8220;Posso Dizer Que Eu Sou Deus&#8221;?&#8221;<\/span><\/a><\/p>\n","protected":false},"author":2,"featured_media":0,"comment_status":"open","ping_status":"closed","sticky":false,"template":"","format":"standard","meta":{"nf_dc_page":"","_crdt_document":"","footnotes":""},"categories":[10],"tags":[],"class_list":["post-12768","post","type-post","status-publish","format-standard","hentry","category-darcio-dezolt"],"featured_media_urls":[],"_links":{"self":[{"href":"https:\/\/www.fachodeluz.blog.br\/wp\/wp-json\/wp\/v2\/posts\/12768","targetHints":{"allow":["GET"]}}],"collection":[{"href":"https:\/\/www.fachodeluz.blog.br\/wp\/wp-json\/wp\/v2\/posts"}],"about":[{"href":"https:\/\/www.fachodeluz.blog.br\/wp\/wp-json\/wp\/v2\/types\/post"}],"author":[{"embeddable":true,"href":"https:\/\/www.fachodeluz.blog.br\/wp\/wp-json\/wp\/v2\/users\/2"}],"replies":[{"embeddable":true,"href":"https:\/\/www.fachodeluz.blog.br\/wp\/wp-json\/wp\/v2\/comments?post=12768"}],"version-history":[{"count":0,"href":"https:\/\/www.fachodeluz.blog.br\/wp\/wp-json\/wp\/v2\/posts\/12768\/revisions"}],"wp:attachment":[{"href":"https:\/\/www.fachodeluz.blog.br\/wp\/wp-json\/wp\/v2\/media?parent=12768"}],"wp:term":[{"taxonomy":"category","embeddable":true,"href":"https:\/\/www.fachodeluz.blog.br\/wp\/wp-json\/wp\/v2\/categories?post=12768"},{"taxonomy":"post_tag","embeddable":true,"href":"https:\/\/www.fachodeluz.blog.br\/wp\/wp-json\/wp\/v2\/tags?post=12768"}],"curies":[{"name":"wp","href":"https:\/\/api.w.org\/{rel}","templated":true}]}}