{"id":12798,"date":"2013-08-01T10:49:04","date_gmt":"2013-08-01T13:49:04","guid":{"rendered":"http:\/\/fachodeluz.blog.br\/wp\/?p=12798"},"modified":"2013-08-01T10:49:04","modified_gmt":"2013-08-01T13:49:04","slug":"sem-alucinacao-oasis-e-areia","status":"publish","type":"post","link":"https:\/\/www.fachodeluz.blog.br\/wp\/2013\/08\/01\/sem-alucinacao-oasis-e-areia\/","title":{"rendered":"Sem Alucina\u00e7\u00e3o O\u00e1sis \u00c9 Areia"},"content":{"rendered":"<h2 align=\"center\"><\/h2>\n<h2 align=\"center\"><a href=\"https:\/\/i0.wp.com\/fachodeluz.blog.br\/wp\/wp-content\/uploads\/2013\/08\/DAO1.gif\"><img data-recalc-dims=\"1\" loading=\"lazy\" decoding=\"async\" loading=\"lazy\" class=\"aligncenter size-full wp-image-12799\" alt=\"DAO1\" src=\"https:\/\/i0.wp.com\/fachodeluz.blog.br\/wp\/wp-content\/uploads\/2013\/08\/DAO1.gif?resize=450%2C264\" width=\"450\" height=\"264\" \/><\/a><\/h2>\n<h2 align=\"center\"><span style=\"color: #800000;\">In\u00fameras foram as vezes em que escrevi artigos comparando \u201ceste mundo\u201d com um \u201co\u00e1sis\u201d visto no deserto por algum andarilho alucinado. A Metaf\u00edsica Absoluta \u00e9 uma ci\u00eancia divina, que requer um procedimento cient\u00edfico no lidar com a vida. N\u00e3o \u00e9 \u201cf\u00e9 cega\u201d, mas uma tomada de atitude fundamentada em princ\u00edpios divinos exatos.<\/span><\/h2>\n<h2 align=\"center\"><span style=\"color: #800000;\">Um matem\u00e1tico, por exemplo, parte de axiomas aceitos sem provas, por serem comprovados apenas pelos resultados, sempre que tais axiomas s\u00e3o por ele empregados. <em>\u201cEsta reta vem do infinito e vai para o infinito\u201d,<\/em> poder\u00e1 ele afirmar; por\u00e9m, nenhum matem\u00e1tico viajou ao infinito para verificar se aquela reta realmente estaria por l\u00e1!<\/span><\/h2>\n<h2 align=\"center\"><span style=\"color: #800000;\">A ilustra\u00e7\u00e3o do \u201co\u00e1sis no deserto\u201d\u00a0 elucida a Lei espiritual, em que Deus \u00e9 a \u00fanica Presen\u00e7a real, e que a Subst\u00e2ncia divina, amorosa e perfeita \u00e9 a <strong>\u00fanica<\/strong> Subst\u00e2ncia real sempre presente, e onipresente. Assim como a soma de areia mais o\u00e1sis tem por resultado apenas areia, uma vez que o suposto \u201co\u00e1sis\u201d \u00e9 <em>miragem,<\/em> todos os quadros \u201cdeste mundo\u201d, somados \u00e0 Subst\u00e2ncia divina, dar\u00e3o por resultado \u00fanica e exclusivamente DEUS! Isto porque \u201ceste mundo\u201d \u00e9 uma \u201cmiragem\u201d aceita coletivamente, enquanto, de fato,\u00a0 DEUS \u00c9 TUDO!<\/span><\/h2>\n<h2 align=\"center\"><span style=\"color: #800000;\"><strong>Sem alucina\u00e7\u00e3o o \u201co\u00e1sis\u201d se revela sendo areia ou deserto!<\/strong> <strong>Sem ilus\u00e3o os \u201cmales\u201d se revelam sendo DEUS!<\/strong> Por isso, Emmet Fox publicou um curt\u00edssimo artigo, divulgado mundialmente e em largas tiragens, chamado <strong>\u201cA Chave de Ouro\u201d.<\/strong> Que diz ela?<strong><em> \u201cSeja qual for a dificuldade ou problema, veja Deus no lugar deles!\u201d.<\/em><\/strong> Esta \u00e9 a \u201cChave de Ouro\u201d de Emmet Fox. Ele indica um procedimento que n\u00e3o requer f\u00e9 cega! Requer esta decidida atitude de \u201csubstitui\u00e7\u00e3o\u201d, isto \u00e9, em vez de algu\u00e9m, por exemplo, olhar um suposto \u201ccorpo f\u00edsico doente\u201d, ir\u00e1 contemplar DEUS em lugar dele, o que seria parar de ver &#8220;o\u00e1sis inexistente\u201d e passar a ver a &#8220;Onipresen\u00e7a da Perfei\u00e7\u00e3o&#8221;, e no mesm\u00edssimo e exato lugar!<\/span><\/h2>\n<h2 align=\"center\"><span style=\"color: #800000;\">De nada adiantar\u00e1 algu\u00e9m \u201cler que Deus est\u00e1 no lugar do problema\u201d, se esta leitura n\u00e3o gerar a atitude de substitui\u00e7\u00e3o! E esta atitude ter\u00e1 de ser permanente, sem volta, sem esmorecimento! SEJA O QUE FOR, MOSTRADO COMO MALIGNO PELA SUPOSTA MENTE HUMANA, AQUILO, COMO APARENTA SER, \u00c9 <em>O\u00c1SIS NO DESERTO!<\/em> MIRAGEM! EM SEU LUGAR, EXISTE UNICAMENTE A SUBST\u00c2NCIA AMOROSA DIVINA, QUE SE MANIFESTA, COM SUA ONIPRESEN\u00c7A, COMO PERFEI\u00c7\u00c3O ABSOLUTA, EXATAMENTE NO MESMO LUGAR!<\/span><\/h2>\n<h2 align=\"center\"><span style=\"color: #800000;\">Por isso a Metaf\u00edsica\u00a0 Absoluta parte de DEUS COMO TUDO, recomendando as \u201ccontempla\u00e7\u00f5es\u201d dos princ\u00edpios revelados! Assim como j\u00e1 \u00e9 areia, onde aparenta haver um \u201co\u00e1sis\u201d, j\u00e1 \u00e9 a \u201cobra permanente de Deus\u201d, onde <strong>aparenta<\/strong> haver \u201co mal\u201d. E, por assim ser, a \u201ccontempla\u00e7\u00e3o\u201d \u00e9 feita sem esfor\u00e7os mentais! De in\u00edcio, se achar vi\u00e1vel, voc\u00ea poder\u00e1 despender alguns segundos para negar mentalmente a &#8220;presen\u00e7a do mal&#8221; e afirmar a presen\u00e7a da Perfei\u00e7\u00e3o. Por\u00e9m, logo em seguida, passe \u00e0 &#8220;contempla\u00e7\u00e3o propriamente dita&#8221;, assumindo &#8220;ter a Mente de Cristo&#8221; e que, com ela, unicamente a Realidade divina \u00e9 reconhecida e observada como Subst\u00e2ncia onipresente.<\/span><\/h2>\n<h2 align=\"center\"><span style=\"color: #800000;\">Prepare-se bem, antes de \u201ccontemplar a Verdade\u201d, no sentido de saber com precis\u00e3o o que ir\u00e1 fazer! V\u00e1 treinando, at\u00e9 ter o dom\u00ednio da pr\u00e1tica, que \u00e9 \u201cfechar os olhos\u201d para as \u201capar\u00eancias\u201d, e simplesmente reconhecer, considerar e contemplar que, \u201celas n\u00e3o s\u00e3o o que aparentam ser\u201d, sendo meras \u201cimagens mentais ilus\u00f3rias\u201d, enquanto, em lugar delas, o que h\u00e1, \u00e9 unicamente DEUS PERMANENTEMENTE SE EVIDENCIANDO!<\/span><\/h2>\n<h2 align=\"center\"><span style=\"color: #800000;\"><em>CONTEMPLO A PRESEN\u00c7A DE DEUS COMO TUDO! CONTEMPLO A SUBST\u00c2NCIA AMOROSA DIVINA EM EXPRESS\u00c3O CONT\u00cdNUA EM TODA A EXTENS\u00c3O DA EXIST\u00caNCIA! CONTEMPLO QUE ESTOU EM DEUS, SENDO DEUS ONDE EU ESTOU! CONTEMPLO QUE O QUE VEJO \u00c9 O QUE EU SOU, UMA VEZ QUE TUDO \u00c9 UM, TUDO \u00c9 PERFEI\u00c7\u00c3O, TUDO \u00c9 DEUS!<\/em><\/span><\/h2>\n<h2 align=\"center\"><span style=\"color: #800000;\"><em>*<\/em><\/span><\/h2>\n","protected":false},"excerpt":{"rendered":"<p>In\u00fameras foram as vezes em que escrevi artigos comparando \u201ceste mundo\u201d com um \u201co\u00e1sis\u201d visto no deserto por algum andarilho alucinado. A Metaf\u00edsica Absoluta \u00e9 uma ci\u00eancia divina, que requer um procedimento cient\u00edfico no lidar com a vida. N\u00e3o \u00e9 \u201cf\u00e9 cega\u201d, mas uma tomada de atitude fundamentada em princ\u00edpios divinos exatos. Um matem\u00e1tico, por &hellip; <\/p>\n<p class=\"link-more\"><a href=\"https:\/\/www.fachodeluz.blog.br\/wp\/2013\/08\/01\/sem-alucinacao-oasis-e-areia\/\" class=\"more-link\">Leia mais<span class=\"screen-reader-text\"> &#8220;Sem Alucina\u00e7\u00e3o O\u00e1sis \u00c9 Areia&#8221;<\/span><\/a><\/p>\n","protected":false},"author":2,"featured_media":0,"comment_status":"open","ping_status":"closed","sticky":false,"template":"","format":"standard","meta":{"nf_dc_page":"","_crdt_document":"","footnotes":""},"categories":[10],"tags":[],"class_list":["post-12798","post","type-post","status-publish","format-standard","hentry","category-darcio-dezolt"],"featured_media_urls":[],"_links":{"self":[{"href":"https:\/\/www.fachodeluz.blog.br\/wp\/wp-json\/wp\/v2\/posts\/12798","targetHints":{"allow":["GET"]}}],"collection":[{"href":"https:\/\/www.fachodeluz.blog.br\/wp\/wp-json\/wp\/v2\/posts"}],"about":[{"href":"https:\/\/www.fachodeluz.blog.br\/wp\/wp-json\/wp\/v2\/types\/post"}],"author":[{"embeddable":true,"href":"https:\/\/www.fachodeluz.blog.br\/wp\/wp-json\/wp\/v2\/users\/2"}],"replies":[{"embeddable":true,"href":"https:\/\/www.fachodeluz.blog.br\/wp\/wp-json\/wp\/v2\/comments?post=12798"}],"version-history":[{"count":0,"href":"https:\/\/www.fachodeluz.blog.br\/wp\/wp-json\/wp\/v2\/posts\/12798\/revisions"}],"wp:attachment":[{"href":"https:\/\/www.fachodeluz.blog.br\/wp\/wp-json\/wp\/v2\/media?parent=12798"}],"wp:term":[{"taxonomy":"category","embeddable":true,"href":"https:\/\/www.fachodeluz.blog.br\/wp\/wp-json\/wp\/v2\/categories?post=12798"},{"taxonomy":"post_tag","embeddable":true,"href":"https:\/\/www.fachodeluz.blog.br\/wp\/wp-json\/wp\/v2\/tags?post=12798"}],"curies":[{"name":"wp","href":"https:\/\/api.w.org\/{rel}","templated":true}]}}