{"id":12827,"date":"2013-08-07T12:06:06","date_gmt":"2013-08-07T15:06:06","guid":{"rendered":"http:\/\/fachodeluz.blog.br\/wp\/?p=12827"},"modified":"2013-08-07T12:06:06","modified_gmt":"2013-08-07T15:06:06","slug":"venca-o-mundo-desmantelando-falsas-aceitacoes","status":"publish","type":"post","link":"https:\/\/www.fachodeluz.blog.br\/wp\/2013\/08\/07\/venca-o-mundo-desmantelando-falsas-aceitacoes\/","title":{"rendered":"&#8220;Ven\u00e7a O Mundo&#8221; Desmantelando Falsas Aceita\u00e7\u00f5es!"},"content":{"rendered":"<h2 align=\"center\"><a href=\"https:\/\/i0.wp.com\/fachodeluz.blog.br\/wp\/wp-content\/uploads\/2013\/08\/SMP5.gif\"><img data-recalc-dims=\"1\" loading=\"lazy\" decoding=\"async\" loading=\"lazy\" class=\"aligncenter size-full wp-image-12829\" alt=\"SMP5\" src=\"https:\/\/i0.wp.com\/fachodeluz.blog.br\/wp\/wp-content\/uploads\/2013\/08\/SMP5.gif?resize=450%2C338\" width=\"450\" height=\"338\" \/><\/a><\/h2>\n<h2 align=\"center\"><span style=\"color: #d75500;\">Instigar a \u201cpercep\u00e7\u00e3o absoluta\u201d, e n\u00e3o meramente ser alvo de leitura, este \u00e9 o real objetivo de cada texto sobre a Verdade Absoluta. As mensagens n\u00e3o s\u00e3o postadas frequentemente apenas para as mesmas Verdades ou os mesmos princ\u00edpios ficarem sendo repetidamente lidos a vida toda! S\u00e3o para serem \u201cpercebidos\u201d como a Verdade eterna e viva deste AGORA!<\/span><\/h2>\n<h2 align=\"center\"><span style=\"color: #d75500;\"><em>Mary Baker Eddy<\/em> disse o seguinte<i>:\u00a0 \u201cN\u00e3o h\u00e1 vida, verdade, intelig\u00eancia, nem subst\u00e2ncia na mat\u00e9ria. Tudo \u00e9 Mente infinita e Sua manifesta\u00e7\u00e3o infinita, porque Deus \u00e9 Tudo-em-tudo. O Esp\u00edrito \u00e9 a Verdade imortal; a mat\u00e9ria \u00e9 o erro mortal. O Esp\u00edrito \u00e9 o real e eterno; a mat\u00e9ria \u00e9 o irreal e temporal. O Esp\u00edrito \u00e9 Deus, e o homem \u00e9 Sua Imagem e Semelhan\u00e7a. Por isso o homem n\u00e3o \u00e9 material; ele \u00e9 espiritual.&#8221;.<\/i><\/span><\/h2>\n<h2 align=\"center\"><span style=\"color: #d75500;\">Se for \u00a0dito que \u201cn\u00e3o h\u00e1 vida, verdade, intelig\u00eancia nem subst\u00e2ncia na mat\u00e9ria\u201d, por exemplo, e a frase for lida rapidamente, sendo absorvida apenas intelectualmente, esta leitura n\u00e3o \u00a0lhe servir\u00e1 para nada! Que diz a frase? Primeiramente, que \u201cn\u00e3o h\u00e1 vida na mat\u00e9ria\u201d; em segundo, que \u201cn\u00e3o h\u00e1 \u00a0verdade na mat\u00e9ria\u201d; em terceiro,\u00a0 que \u201cn\u00e3o h\u00e1 intelig\u00eancia na mat\u00e9ria\u201d, e, por fim, que &#8220;n\u00e3o h\u00e1 subst\u00e2ncia na mat\u00e9ria\u201d. Desse modo, desmembramos\u00a0 o que havia sido dito para nos determos em cada parte da revela\u00e7\u00e3o. Por que \u201cn\u00e3o h\u00e1 vida na mat\u00e9ria\u201d? Porque DEUS \u00c9 ESP\u00cdRITO, E \u00c9 TUDO! Por que \u201cn\u00e3o h\u00e1 verdade na mat\u00e9ria\u201d?\u00a0 Porque A VERDADE \u00c9 ESPIRITUAL , PERFEITA, PERMANENTE E ONIPRESENTE! Por que \u201cn\u00e3o h\u00e1 intelig\u00eancia na mat\u00e9ria\u201d? Por que DEUS \u00c9 INTELIG\u00caNCIA \u00daNICA, E \u00c9 ESP\u00cdRITO ONISCIENTE! Por que \u201cn\u00e3o h\u00e1 subst\u00e2ncia na mat\u00e9ria\u201d? Porque DEUS \u00c9 A SUBST\u00c2NCIA \u00daNICA, \u00c9 ESP\u00cdRITO E \u00c9 TUDO!<\/span><\/h2>\n<h2 align=\"center\"><span style=\"color: #d75500;\">Estas considera\u00e7\u00f5es, que travam a veloz leitura que levaria a nada, preparam a mente para o \u201cdesmantelamento\u201d da ILUS\u00c3O. Qual \u00e9 a ILUS\u00c3O? A aceita\u00e7\u00e3o err\u00f4nea \u00a0de que \u201ch\u00e1 vida\u201d, de que \u201ch\u00e1 verdade\u201d, de que \u201ch\u00e1 intelig\u00eancia\u201d, de que \u201ch\u00e1 subst\u00e2ncia\u201d NA MAT\u00c9RIA. REPITAMOS O MOTIVO PELO QUAL ISSO N\u00c3O PASSA DE ILUS\u00c3O: <em>DEUS \u00c9 TUDO! O UNIVERSO \u00c9 AUTOMANIFESTA\u00c7\u00c3O ESPIRITUAL\u00a0 E PERFEITA DE DEUS!<\/em><\/span><\/h2>\n<h2 align=\"center\"><span style=\"color: #d75500;\">A \u201caceita\u00e7\u00e3o da mentira\u201d ter\u00e1 de ser trocada pela \u201caceita\u00e7\u00e3o da Verdade\u201d, caso voc\u00ea pretenda levar a s\u00e9rio este estudo! A \u201ccren\u00e7a coletiva\u201d lhe diz que \u201cvoc\u00ea\u201d \u00e9 um ser nascido neste mundo. Enquanto estiver aceitando isso,\u00a0 voc\u00ea estar\u00e1 endossando a ILUS\u00c3O! Por que voc\u00ea imagina que Jesus disse \u2013 Mateus, 23: 9 &#8211; \u00a0que <i>\u201cn\u00e3o cham\u00e1ssemos de pai a ningu\u00e9m sobre a face da Terra\u201d?<\/i> Para VOC\u00ca TROCAR DE ACEITA\u00c7\u00c3O! Para VOC\u00ca ENDOSSAR A VERDADE<b>: <em>\u201cUm s\u00f3 \u00e9 o VOSSO PAI, o qual est\u00e1 nos c\u00e9us\u201d,<\/em><\/b> completou ele. <strong>Em outras palavras, se voc\u00ea acreditar \u201cter pai na mat\u00e9ria\u201d, estar\u00e1 acreditando \u201chaver vida, intelig\u00eancia e subst\u00e2ncia na mat\u00e9ria\u201d.<\/strong> Com isto, estar\u00e1 negando a revela\u00e7\u00e3o de que \u201cn\u00e3o h\u00e1 vida, verdade, \u00a0intelig\u00eancia nem subst\u00e2ncia na mat\u00e9ria\u201d. A pergunta \u00e9: DE QUE ADIANTOU VOC\u00ca TER LIDO A REVELA\u00c7\u00c3O, SE N\u00c3O DESMANTELOU A CREN\u00c7A FALSA\u00a0 POR TROC\u00c1-LA PELA VERDADE? E a resposta \u00e9: N\u00c3O ADIANTOU NADA!<\/span><\/h2>\n<h2 align=\"center\"><span style=\"color: #d75500;\">Fa\u00e7a do estudo e das leituras algo realmente iluminador! Olhe o ambiente em que est\u00e1 agora, incluindo o suposto \u201ccorpo f\u00edsico\u201d; e ent\u00e3o, reconhe\u00e7a n\u00e3o haver \u201cvida, verdade, intelig\u00eancia nem subst\u00e2ncia\u201d em tudo que os supostos \u00a0sentidos humanos estiverem enxergando. \u00a0Troque sua aceita\u00e7\u00e3o <em>conscientemente,<\/em> o que lhe ser\u00e1 uma eficaz prepara\u00e7\u00e3o para sua \u201ccontempla\u00e7\u00e3o absoluta\u201d. Tire a realidade de todo o cen\u00e1rio de \u201capar\u00eancias\u201d, compreendendo que, de fato, nada presente nele \u201ctem vida,verdade, \u00a0intelig\u00eancia ou subst\u00e2ncia\u201d.\u00a0 Caso esteja nele \u201calgu\u00e9m doente\u201d, fa\u00e7a a mesma coisa: tal parte da \u201cmiragem&#8221; tamb\u00e9m\u201d n\u00e3o tem vida!N\u00e3o tem verdade, n\u00e3o tem intelig\u00eancia para se manter, ou para se reconhecer imperfeito! E n\u00e3o tem subst\u00e2ncia! Aparenta ser material e substancial, mas \u00e9 NADA! Por qu\u00ea? Porque <em>DEUS \u00c9 TUDO!<\/em><\/span><\/h2>\n<h2 align=\"center\"><span style=\"color: #d75500;\">Habitue-se a fazer suas contempla\u00e7\u00f5es bem dentro deste esp\u00edrito de, antes delas, trocar sua aceita\u00e7\u00e3o material de mundo pela aceita\u00e7\u00e3o de DEUS <em>COMO<\/em> TUDO. Desse modo, elas se mostrar\u00e3o muito mais facilitadas e eficientes, e tamb\u00e9m as leituras dos textos da Verdade deixar\u00e3o de ser meramente intelectuais. Leve a s\u00e9rio a Verdade: DEUS \u00c9 TUDO! Portanto, de fato,<em> \u201cn\u00e3o existe vida, verdade, \u00a0intelig\u00eancia nem subst\u00e2ncia na mat\u00e9ria\u201d.<\/em><\/span><\/h2>\n<h2 align=\"center\"><span style=\"color: #d75500;\">*<\/span><\/h2>\n","protected":false},"excerpt":{"rendered":"<p>Instigar a \u201cpercep\u00e7\u00e3o absoluta\u201d, e n\u00e3o meramente ser alvo de leitura, este \u00e9 o real objetivo de cada texto sobre a Verdade Absoluta. As mensagens n\u00e3o s\u00e3o postadas frequentemente apenas para as mesmas Verdades ou os mesmos princ\u00edpios ficarem sendo repetidamente lidos a vida toda! S\u00e3o para serem \u201cpercebidos\u201d como a Verdade eterna e viva &hellip; <\/p>\n<p class=\"link-more\"><a href=\"https:\/\/www.fachodeluz.blog.br\/wp\/2013\/08\/07\/venca-o-mundo-desmantelando-falsas-aceitacoes\/\" class=\"more-link\">Leia mais<span class=\"screen-reader-text\"> &#8220;&#8220;Ven\u00e7a O Mundo&#8221; Desmantelando Falsas Aceita\u00e7\u00f5es!&#8221;<\/span><\/a><\/p>\n","protected":false},"author":2,"featured_media":0,"comment_status":"open","ping_status":"closed","sticky":false,"template":"","format":"standard","meta":{"nf_dc_page":"","_crdt_document":"","footnotes":""},"categories":[10],"tags":[],"class_list":["post-12827","post","type-post","status-publish","format-standard","hentry","category-darcio-dezolt"],"featured_media_urls":[],"_links":{"self":[{"href":"https:\/\/www.fachodeluz.blog.br\/wp\/wp-json\/wp\/v2\/posts\/12827","targetHints":{"allow":["GET"]}}],"collection":[{"href":"https:\/\/www.fachodeluz.blog.br\/wp\/wp-json\/wp\/v2\/posts"}],"about":[{"href":"https:\/\/www.fachodeluz.blog.br\/wp\/wp-json\/wp\/v2\/types\/post"}],"author":[{"embeddable":true,"href":"https:\/\/www.fachodeluz.blog.br\/wp\/wp-json\/wp\/v2\/users\/2"}],"replies":[{"embeddable":true,"href":"https:\/\/www.fachodeluz.blog.br\/wp\/wp-json\/wp\/v2\/comments?post=12827"}],"version-history":[{"count":0,"href":"https:\/\/www.fachodeluz.blog.br\/wp\/wp-json\/wp\/v2\/posts\/12827\/revisions"}],"wp:attachment":[{"href":"https:\/\/www.fachodeluz.blog.br\/wp\/wp-json\/wp\/v2\/media?parent=12827"}],"wp:term":[{"taxonomy":"category","embeddable":true,"href":"https:\/\/www.fachodeluz.blog.br\/wp\/wp-json\/wp\/v2\/categories?post=12827"},{"taxonomy":"post_tag","embeddable":true,"href":"https:\/\/www.fachodeluz.blog.br\/wp\/wp-json\/wp\/v2\/tags?post=12827"}],"curies":[{"name":"wp","href":"https:\/\/api.w.org\/{rel}","templated":true}]}}