{"id":12834,"date":"2013-08-09T12:24:14","date_gmt":"2013-08-09T15:24:14","guid":{"rendered":"http:\/\/fachodeluz.blog.br\/wp\/?p=12834"},"modified":"2013-08-09T14:33:36","modified_gmt":"2013-08-09T17:33:36","slug":"deus-a-inteligencia-unica-atuante-como-voce","status":"publish","type":"post","link":"https:\/\/www.fachodeluz.blog.br\/wp\/2013\/08\/09\/deus-a-inteligencia-unica-atuante-como-voce\/","title":{"rendered":"Deus, A Intelig\u00eancia \u00danica Atuante Como Voc\u00ea!"},"content":{"rendered":"<h2 align=\"center\"><a href=\"https:\/\/i0.wp.com\/fachodeluz.blog.br\/wp\/wp-content\/uploads\/2013\/08\/WWP1.gif\"><img data-recalc-dims=\"1\" loading=\"lazy\" decoding=\"async\" loading=\"lazy\" class=\"aligncenter size-full wp-image-12835\" alt=\"WWP1\" src=\"https:\/\/i0.wp.com\/fachodeluz.blog.br\/wp\/wp-content\/uploads\/2013\/08\/WWP1.gif?resize=450%2C338\" width=\"450\" height=\"338\" \/><\/a><\/h2>\n<h2 align=\"center\"><span style=\"color: #1e5b3d;\">A falsa cren\u00e7a coletiva, de que h\u00e1 intelig\u00eancia diferente da divina em atividade, \u00e9 o que leva o mundo a crer que uma suposta \u201cmente humana\u201d coexista com a Mente divina. Uma \u201ccren\u00e7a coletiva\u201d aceita isso; entretanto, ela \u00e9 cren\u00e7a falsa! Ela \u00e9 quem conduz a maioria \u00e0 err\u00f4nea dedu\u00e7\u00e3o de que \u201co mal\u201d\u00a0 existe, e pode ser testemunhado, acreditado e pensado, ou que esta \u201coutra mente\u201d tenha condi\u00e7\u00f5es de fazer com que os pares de opostos, \u201cbem e mal\u201d, existam.<\/span><\/h2>\n<h2 align=\"center\"><span style=\"color: #1e5b3d;\">Assim como um \u201cdesenho animado\u201d \u00e9 visto pela TV, \u201ceste mundo\u201d \u00e9 visto, ilusoriamente, pela \u201cmente humana\u201d. Que h\u00e1 de animado no desenho? Nada! H\u00e1 unicamente uma ILUS\u00c3O DE ANIMA\u00c7\u00c3O, gerada pela incapacidade visual humana de \u201cdiscernir\u201d a sequ\u00eancia de DESENHOS PARADOS! Nada al\u00e9m disso! A velocidade com que s\u00e3o passados os desenhos parados cria a ILUS\u00c3O de movimentos.<\/span><\/h2>\n<h2 align=\"center\"><span style=\"color: #1e5b3d;\">O suposto \u201cmundo material\u201d \u00e9 uma <em>ILUS\u00c3O SEM ATIVIDADE,<\/em> em tr\u00eas dimens\u00f5es! Aparenta ter realidade, ser verdade, ter intelig\u00eancia, ter atividade! Por\u00e9m, se realmente assim fosse, DEUS \u2013 ESP\u00cdRITO &#8211; N\u00c3O SERIA A ATIVIDADE \u00daNICA E ONIPRESENTE! Se uma crian\u00e7a, entretida com o desenho animado pela TV, n\u00e3o for informada da ILUS\u00c3O a que se sujeitou, acreditando piamente naquela movimenta\u00e7\u00e3o sugerida por ele, \u00a0o IRREAL passar\u00e1 por REAL a ela. E MESMO ASSIM, ALI N\u00c3O TER\u00c1 HAVIDO MOVIMENTA\u00c7\u00c3O ALGUMA!<\/span><\/h2>\n<h2 align=\"center\"><span style=\"color: #1e5b3d;\">Por que a B\u00edblia diz: <i>\u201cTendes olhos, mas n\u00e3o vedes\u201d?<\/i> Pelo seguinte:\u00a0 A MOVIMENTA\u00c7\u00c3O DIVINA, ESPIRITUAL E PERFEITA, QUE COBRE TODA A EXTENS\u00c3O DA REALIDADE INFINITA, <strong>\u00c9 DEIXADA DE SER VISTA,<\/strong> ENQUANTO A HUMANIDADE, ILUDIDA, SE ENTRET\u00c9M COM O \u201cDESENHO ANIMADO\u201d CHAMADO \u201cEXIST\u00caNCIA TERRENA\u201d. Jesus deixou claro: <i>\u201cV\u00f3s, deste mundo, n\u00e3o sois\u201d; <\/i>entretanto, n\u00e3o foi entendido nem acreditado! No m\u00e1ximo, encontramos seus supostos seguidores vivendo na doce esperan\u00e7a de ir, <em>UM DIA,<\/em> ao Para\u00edso! Teria ele ensinado isto? N\u00e3o! <em>&#8220;\u00c9 CHEGADO O REINO DE DEUS!&#8221;<\/em> &#8211; esta \u00e9 a revela\u00e7\u00e3o!<br \/>\n<\/span><\/h2>\n<h2 align=\"center\"><span style=\"color: #1e5b3d;\">A Verdade deste AGORA \u00e9 a seguinte: DEUS \u00c9 TUDO! A \u00daNICA INTELIG\u00caNCIA EM ONIA\u00c7\u00c3O AMOROSA E PERFEITA! Contradiz tudo o que os supostos sentidos humanos captam? SIM! Por isso, somente sua <strong>aceita\u00e7\u00e3o incondicional da Verdade<\/strong> o liberta, e o faz pela sua PERMAN\u00caNCIA EM MIM, ou seja, VOC\u00ca <em>SENDO<\/em> DEUS E <strong>SENDO<\/strong> A ONIPRESEN\u00c7A INTELIGENTE E ATIVA ONDE <em><strong>VOC\u00ca AGORA EST\u00c1!<\/strong><\/em><\/span><\/h2>\n<h2 align=\"center\"><span style=\"color: #1e5b3d;\">Assim como n\u00e3o h\u00e1 \u201cdesenho animado\u201d, em sala com TV a exibi-lo, N\u00c3O EXISTE VOC\u00ca EM MUNDO TERRENO, SUJEITO A OUTRAS A\u00c7\u00d5ES QUE N\u00c3O SEJAM AS DE DEUS! Os m\u00e9dicos poder\u00e3o exibir \u201cprovas e mais provas\u201d de que h\u00e1, em VOC\u00ca, alguma \u201catividade imperfeita\u201d, org\u00e2nica, f\u00edsica, ou\u00a0 mental! Que s\u00e3o estes \u201cm\u00e9dicos\u201d? Que s\u00e3o estas \u201cprovas\u201d? Que s\u00e3o &#8220;voc\u00ea&#8221; ou quaisquer de seus demais \u201cpacientes\u201d? S\u00c3O UM &#8220;DESENHO ANIMADO&#8221;: A ILUS\u00c3O EXIBINDO <b><i>IMPERFEI\u00c7\u00d5ES ANIMADAS<\/i><\/b> QUE N\u00c3O EXISTEM! N\u00c3O S\u00c3O A\u00c7\u00c3O DE DEUS! S\u00c3O \u201cNADAS\u201d!<\/span><\/h2>\n<h2 align=\"center\"><em><span style=\"color: #1e5b3d;\">CONTEMPLO A ATIVIDADE DIVINA PERFEITA E ONIPRESENTE ESTANDO NO LUGAR DO \u201cDESENHO&#8221; SEM VIDA, SEM ATIVIDADE E SEM INTELIG\u00caNCIA, CHAMADO \u201cVIDA TERRENA\u201d. CONTEMPLO DEUS SENDO TUDO, INCLUSIVE SENDO O EU QUE EU SOU!\u00a0 CONTEMPLO DEUS MANIFESTO COMO A INTELIG\u00caNCIA \u00daNICA ATUANTE COMO O EU QUE EU SOU. CONTEMPLO O UNIVERSO INTELIGENTE DE DEUS SENDO O REINO EM QUE REALMENTE <b>\u201cEU VIVO, ME MOVIMENTO E EXISTO\u201d. <\/b><\/span><\/em><\/h2>\n<h2 align=\"center\"><b><i><span style=\"color: #1e5b3d;\">*<\/span><br \/>\n<\/i><\/b><\/h2>\n","protected":false},"excerpt":{"rendered":"<p>A falsa cren\u00e7a coletiva, de que h\u00e1 intelig\u00eancia diferente da divina em atividade, \u00e9 o que leva o mundo a crer que uma suposta \u201cmente humana\u201d coexista com a Mente divina. Uma \u201ccren\u00e7a coletiva\u201d aceita isso; entretanto, ela \u00e9 cren\u00e7a falsa! Ela \u00e9 quem conduz a maioria \u00e0 err\u00f4nea dedu\u00e7\u00e3o de que \u201co mal\u201d\u00a0 existe, &hellip; <\/p>\n<p class=\"link-more\"><a href=\"https:\/\/www.fachodeluz.blog.br\/wp\/2013\/08\/09\/deus-a-inteligencia-unica-atuante-como-voce\/\" class=\"more-link\">Leia mais<span class=\"screen-reader-text\"> &#8220;Deus, A Intelig\u00eancia \u00danica Atuante Como Voc\u00ea!&#8221;<\/span><\/a><\/p>\n","protected":false},"author":2,"featured_media":0,"comment_status":"open","ping_status":"closed","sticky":false,"template":"","format":"standard","meta":{"nf_dc_page":"","_crdt_document":"","footnotes":""},"categories":[10],"tags":[],"class_list":["post-12834","post","type-post","status-publish","format-standard","hentry","category-darcio-dezolt"],"featured_media_urls":[],"_links":{"self":[{"href":"https:\/\/www.fachodeluz.blog.br\/wp\/wp-json\/wp\/v2\/posts\/12834","targetHints":{"allow":["GET"]}}],"collection":[{"href":"https:\/\/www.fachodeluz.blog.br\/wp\/wp-json\/wp\/v2\/posts"}],"about":[{"href":"https:\/\/www.fachodeluz.blog.br\/wp\/wp-json\/wp\/v2\/types\/post"}],"author":[{"embeddable":true,"href":"https:\/\/www.fachodeluz.blog.br\/wp\/wp-json\/wp\/v2\/users\/2"}],"replies":[{"embeddable":true,"href":"https:\/\/www.fachodeluz.blog.br\/wp\/wp-json\/wp\/v2\/comments?post=12834"}],"version-history":[{"count":0,"href":"https:\/\/www.fachodeluz.blog.br\/wp\/wp-json\/wp\/v2\/posts\/12834\/revisions"}],"wp:attachment":[{"href":"https:\/\/www.fachodeluz.blog.br\/wp\/wp-json\/wp\/v2\/media?parent=12834"}],"wp:term":[{"taxonomy":"category","embeddable":true,"href":"https:\/\/www.fachodeluz.blog.br\/wp\/wp-json\/wp\/v2\/categories?post=12834"},{"taxonomy":"post_tag","embeddable":true,"href":"https:\/\/www.fachodeluz.blog.br\/wp\/wp-json\/wp\/v2\/tags?post=12834"}],"curies":[{"name":"wp","href":"https:\/\/api.w.org\/{rel}","templated":true}]}}