{"id":12845,"date":"2013-08-11T12:00:55","date_gmt":"2013-08-11T15:00:55","guid":{"rendered":"http:\/\/fachodeluz.blog.br\/wp\/?p=12845"},"modified":"2013-08-11T12:18:17","modified_gmt":"2013-08-11T15:18:17","slug":"a-verdade-pura-so-ha-deus-vivendo","status":"publish","type":"post","link":"https:\/\/www.fachodeluz.blog.br\/wp\/2013\/08\/11\/a-verdade-pura-so-ha-deus-vivendo\/","title":{"rendered":"A Verdade Pura: S\u00f3 H\u00e1 Deus Vivendo!"},"content":{"rendered":"<address>\n<p align=\"center\"><a href=\"https:\/\/i0.wp.com\/fachodeluz.blog.br\/wp\/wp-content\/uploads\/2013\/08\/DV5.gif\"><img data-recalc-dims=\"1\" loading=\"lazy\" decoding=\"async\" loading=\"lazy\" class=\"aligncenter size-full wp-image-12846\" alt=\"DV5\" src=\"https:\/\/i0.wp.com\/fachodeluz.blog.br\/wp\/wp-content\/uploads\/2013\/08\/DV5.gif?resize=450%2C360\" width=\"450\" height=\"360\" \/><\/a><\/p>\n<p><br style=\"color: #0f3a37;\" \/><\/p>\n<h2 align=\"center\"><span style=\"color: #247589;\"><em>Os ensinamentos espirituais, sejam quais forem, cont\u00eam \u201cvest\u00edgios\u201d de que somente existe Deus vivendo! Alguns em maior grau, outros em menor grau; mas, todos eles nos levam a crer que h\u00e1 \u201cALGO VIVO\u201d ACIMA DO RECONHECIDO HUMANAMENTE. Desta percep\u00e7\u00e3o surgiram \u201cos Mandamentos de Deus\u201d, e diversos outros \u201cpreceitos espirituais\u201d, procurando amoldar a vida da humanidade a uma \u201cordem divina\u201d capaz de gerar uma experi\u00eancia humana harmoniosa.<\/em><\/span><\/h2>\n<h2 align=\"center\"><span style=\"color: #247589;\"><em>Que s\u00e3o os \u201cprinc\u00edpios da Verdade\u201d estabelecidos pela Metaf\u00edsica? S\u00e3o Verdades presentes, mas acima do \u201centendimento humano\u201d e que, se forem desrespeitadas, geram \u201cproblemas\u201d no campo visual finito e limitado das \u201capar\u00eancias\u201d. Desse modo, a partir deste\u201dreferencial da ilus\u00e3o\u201d, os princ\u00edpios vinham servindo apenas como \u201cbengala de cego\u201d, facilitando a vida na \u201cescurid\u00e3o\u201d da cegueira humana! \u00c9 como se uma estrada, com barrancos em volta, fosse utilizada por algum motorista \u00e0 noite, mas com ele sem se ver perdido, por haver, em todo o percurso, os \u201colhos de gato\u201d, nela instalados! Apesar da escurid\u00e3o, ela estaria nitidamente sinalizada por eles, impedindo-o de se esbarrar nos barrancos!<\/em><\/span><\/h2>\n<h2 align=\"center\"><span style=\"color: #247589;\"><em>Em Hebreus 11:8, consta o seguinte: \u201cObedeceu a Deus e foi para o seu lugar de heran\u00e7a\u201d. H\u00e1 tempos que vem sendo dito que \u201csomos servos de Deus\u201d, que devemos \u201cobedecer a Deus\u201d, seguir \u201cSeus mandamentos\u201d, etc.. Estas coloca\u00e7\u00f5es sempre foram feitas por preverem, a priori, a incapacidade de FILHOS DE DEUS em entenderem que N\u00c3O S\u00c3O A MENTE HUMANA, MAS UM COM DEUS! Desse modo, este dualismo se impregnou em toda a humanidade, e, inverter esta situa\u00e7\u00e3o ser\u00e1 um trabalho dedicado que cada um ter\u00e1 de empreender, tanto em termos de \u201centendimento intelectual\u201d, o \u201cbatismo com \u00e1gua\u201d, como em termos de \u201cexperi\u00eancia em Deus\u201d, o \u201cbatismo com fogo\u201d.<\/em><\/span><\/h2>\n<h2 align=\"center\"><span style=\"color: #247589;\"><em>De fato, o trabalho maior, encontrado na divulga\u00e7\u00e3o da Verdade Absoluta, \u00e9 este: INVERTER O REFERENCIAL DE VIS\u00c3O! EXPLICAR A CADA FILHO DE DEUS QUE ELE J\u00c1 \u00c9 FILHO DE DEUS, UM COM DEUS, OBRA PERMANENTE DE DEUS, E N\u00c3O \u201cMENTE HUMANA\u201d, OBEDIENTE OU N\u00c3O A DEUS, \u201cSERVA OU N\u00c3O DE DEUS\u201d!<\/em><\/span><\/h2>\n<h2 align=\"center\"><span style=\"color: #247589;\"><em>O ensinamento absoluto exp\u00f5e os \u201cprinc\u00edpios da Verdade\u201d, n\u00e3o para que uma suposta mente humana \u201cos obede\u00e7a\u201d e, assim se perpetue ou permane\u00e7a, continuando a ser encarada como existente, por\u00e9m,\u201csubmissa a Deus\u201d. SOMENTE EXISTE DEUS! SOMENTE EXISTE A MENTE DE DEUS! Portanto, os \u201cprinc\u00edpios\u201d, corretamente entendidos, s\u00e3o expedientes de \u201cpercep\u00e7\u00e3o\u201d do que em Deus sempre somos, para que, em nossas \u201ccontempla\u00e7\u00f5es\u201d, nos reconhe\u00e7amos IDENTIFICADOS COM ELES, IDENTIFICADOS COM DEUS!<\/em><\/span><\/h2>\n<h2 align=\"center\"><span style=\"color: #247589;\"><em>A Verdade n\u00e3o faz acordos com dualismo! Por mais nobre que possa parecer, \u201calgu\u00e9m\u201d se intitular um humilde \u201cservo de Deus\u201d, estar\u00e1 em erro! Estar\u00e1 no dualismo! Negando que DEUS SEJA TUDO! Por isso, \u00e9 fundamental percebermos que \u201ctudo o que capta a mente humana\u201d \u00e9 inteiramente irrealidade! Seja \u201ceste mundo\u201d chamado de \u201cMaya\u201d, \u201cilus\u00e3o\u201d, \u201cmundo do pai da mentira\u201d, \u201ccren\u00e7a falsa coletiva\u201d, \u201cmiragem\u201d, \u201cobra da mente carnal\u201d, etc., o que realmente importa, \u00e9 ser ele irreal: SOMENTE EXISTE DEUS VIVENDO! Decorre desta Verdade a afirma\u00e7\u00e3o suprema e absoluta de Jesus: \u201cDEI-LHES A GL\u00d3RIA PARA SEREM UM, COMO N\u00d3S, \u00d3 PAI, SOMOS UM, PERFEITOS EM UNIDADE\u201d (Jo\u00e3o 17: 22). Esta revela\u00e7\u00e3o n\u00e3o ser\u00e1 discernida na presen\u00e7a de dualismo! E o dualismo \u00e9 t\u00e3o arraigado que, se \u00e9 revelado que \u201csomos um com Deus\u201d, ainda ser\u00e1 preciso enfatizar que \u201cpara ser um com Deus\u201d algu\u00e9m ter\u00e1 de SER DEUS! Somente assim, VOC\u00ca poder\u00e1 se ver como sempre foi, \u00e9, e ser\u00e1: \u201cPERFEITO EM UNIDADE\u201d.<\/em><\/span><\/h2>\n<h2 align=\"center\"><span style=\"color: #247589;\"><em>CONTEMPLO DEUS COMO VIDA \u00daNICA EM MANIFESTA\u00c7\u00c3O. CONTEMPLO A VERDADE D E QUE, AO DIZER \u201cEU SOU A VIDA\u201d, EU HONRO A DEUS MANIFESTO COMO O EU QUE EU SOU! CONTEMPLO O FATO DE QUE, SENDO DEUS ESP\u00cdRITO, INEXISTE \u201cVIDA NA MAT\u00c9RIA\u201d. S\u00d3 H\u00c1 DEUS VIVENDO, E ESTE DEUS, EM MIM, \u00c9 O CRISTO ETERNO QUE EU SOU, EM UNIDADE PERFEITA COM O TODO UNIVERSAL, QUE \u00c9 PERFEI\u00c7\u00c3O ILUMINADA ABSOLUTA!<\/em><\/span><\/h2>\n<h2 align=\"center\"><span style=\"color: #247589;\"><em>*<\/em><\/span><\/h2>\n<\/address>\n","protected":false},"excerpt":{"rendered":"<p>Os ensinamentos espirituais, sejam quais forem, cont\u00eam \u201cvest\u00edgios\u201d de que somente existe Deus vivendo! Alguns em maior grau, outros em menor grau; mas, todos eles nos levam a crer que h\u00e1 \u201cALGO VIVO\u201d ACIMA DO RECONHECIDO HUMANAMENTE. Desta percep\u00e7\u00e3o surgiram \u201cos Mandamentos de Deus\u201d, e diversos outros \u201cpreceitos espirituais\u201d, procurando amoldar a vida da humanidade &hellip; <\/p>\n<p class=\"link-more\"><a href=\"https:\/\/www.fachodeluz.blog.br\/wp\/2013\/08\/11\/a-verdade-pura-so-ha-deus-vivendo\/\" class=\"more-link\">Leia mais<span class=\"screen-reader-text\"> &#8220;A Verdade Pura: S\u00f3 H\u00e1 Deus Vivendo!&#8221;<\/span><\/a><\/p>\n","protected":false},"author":2,"featured_media":0,"comment_status":"open","ping_status":"closed","sticky":false,"template":"","format":"standard","meta":{"nf_dc_page":"","_crdt_document":"","footnotes":""},"categories":[10],"tags":[],"class_list":["post-12845","post","type-post","status-publish","format-standard","hentry","category-darcio-dezolt"],"featured_media_urls":[],"_links":{"self":[{"href":"https:\/\/www.fachodeluz.blog.br\/wp\/wp-json\/wp\/v2\/posts\/12845","targetHints":{"allow":["GET"]}}],"collection":[{"href":"https:\/\/www.fachodeluz.blog.br\/wp\/wp-json\/wp\/v2\/posts"}],"about":[{"href":"https:\/\/www.fachodeluz.blog.br\/wp\/wp-json\/wp\/v2\/types\/post"}],"author":[{"embeddable":true,"href":"https:\/\/www.fachodeluz.blog.br\/wp\/wp-json\/wp\/v2\/users\/2"}],"replies":[{"embeddable":true,"href":"https:\/\/www.fachodeluz.blog.br\/wp\/wp-json\/wp\/v2\/comments?post=12845"}],"version-history":[{"count":0,"href":"https:\/\/www.fachodeluz.blog.br\/wp\/wp-json\/wp\/v2\/posts\/12845\/revisions"}],"wp:attachment":[{"href":"https:\/\/www.fachodeluz.blog.br\/wp\/wp-json\/wp\/v2\/media?parent=12845"}],"wp:term":[{"taxonomy":"category","embeddable":true,"href":"https:\/\/www.fachodeluz.blog.br\/wp\/wp-json\/wp\/v2\/categories?post=12845"},{"taxonomy":"post_tag","embeddable":true,"href":"https:\/\/www.fachodeluz.blog.br\/wp\/wp-json\/wp\/v2\/tags?post=12845"}],"curies":[{"name":"wp","href":"https:\/\/api.w.org\/{rel}","templated":true}]}}