{"id":12974,"date":"2013-09-03T11:16:17","date_gmt":"2013-09-03T14:16:17","guid":{"rendered":"http:\/\/fachodeluz.blog.br\/wp\/?p=12974"},"modified":"2013-09-03T11:24:27","modified_gmt":"2013-09-03T14:24:27","slug":"os-puros-de-coracao-verao-a-deus-2","status":"publish","type":"post","link":"https:\/\/www.fachodeluz.blog.br\/wp\/2013\/09\/03\/os-puros-de-coracao-verao-a-deus-2\/","title":{"rendered":"&#8220;Os Puros de Cora\u00e7\u00e3o Ver\u00e3o A Deus!&#8221;"},"content":{"rendered":"<h2 align=\"center\"><a href=\"https:\/\/i0.wp.com\/fachodeluz.blog.br\/wp\/wp-content\/uploads\/2013\/09\/PCV2.gif\"><img data-recalc-dims=\"1\" loading=\"lazy\" decoding=\"async\" loading=\"lazy\" class=\"aligncenter size-full wp-image-12975\" alt=\"PCV2\" src=\"https:\/\/i0.wp.com\/fachodeluz.blog.br\/wp\/wp-content\/uploads\/2013\/09\/PCV2.gif?resize=450%2C335\" width=\"450\" height=\"335\" \/><\/a><\/h2>\n<h3 align=\"center\"><span><em><span style=\"color: #993300; font-family: Times New Roman;\">\u201cBem-aventurados os puros de cora\u00e7\u00e3o, pois ver\u00e3o a Deus\u201d<\/span><\/em><\/span><\/h3>\n<h3 align=\"center\"><span><span style=\"color: #993300; font-family: Times New Roman;\">Mateus 5: 8<\/span><\/span><\/h3>\n<h2 align=\"center\"><span><span style=\"color: #993300; font-family: Times New Roman;\"> Uma \u201csugest\u00e3o hipn\u00f3tica\u201d faz a humanidade aparentar existir como \u201cpresen\u00e7a apartada de Deus\u201d, em que supostos \u201cseres humanos\u201d parecem \u201cter vida\u201d, \u201cter mundo\u201d, mas sem que nenhum VEJA A DEUS! Em vista desta<em> \u201cilus\u00e3o de massa\u201d,<\/em> as Escrituras tiveram de utilizar um linguajar dualista e relativo, para mostrar a todos que<strong> \u201cn\u00e3o est\u00e3o onde creem estar\u201d<\/strong> e que <strong>\u201cn\u00e3o s\u00e3o nada do que pensam ser\u201d.<\/strong> E quando estas revela\u00e7\u00f5es s\u00e3o apresentadas \u00e0 \u201cmente em ilus\u00e3o\u201d, sequer s\u00e3o levadas a s\u00e9rio pela maioria, que simplesmente as desconsidera, ou as rotula de \u201cloucuras\u201d, \u201cimagina\u00e7\u00e3o de m\u00edsticos\u201d, \u201cmetas a serem alcan\u00e7adas\u201d, etc..<\/span><\/span><\/h2>\n<h2 align=\"center\"><span><span style=\"color: #993300; font-family: Times New Roman;\">Jesus disse: <i>\u201cBem aventurados os puros de cora\u00e7\u00e3o, pois ver\u00e3o a Deus\u201d<\/i> (Mateus 5: 8). Se a humanidade n\u00e3o fosse uma \u201ccren\u00e7a hipn\u00f3tica\u201d, ao ouvir isto, passaria a se interessar unicamente por \u201cver a Deus\u201d, o que est\u00e1 longe de aparentemente ser constatado! Se algu\u00e9m, usando a \u201cmente carnal\u201d, for procurar somar quantas pessoas j\u00e1 conheceu, e que se mostraram interessadas <em>unicamente<\/em> em \u201cver a Deus\u201d, caso pretendesse cont\u00e1-las nos dedos, veria sobrar v\u00e1rios deles! Por qu\u00ea? Em primeiro lugar, como foi dito antes, devido \u00e0 \u201csugest\u00e3o hipn\u00f3tica\u201d que exibe uma \u201cmiragem\u201d como sendo realidade, um suposto \u201cmundo material\u201d, mut\u00e1vel e imperfeito; em segundo lugar, porque as religi\u00f5es, que deveriam ter ensinado a humanidade a \u201cromper o transe hipn\u00f3tico\u201d, por tamb\u00e9m desconhecerem o processo, mais alimentaram a <em>ILUS\u00c3O,<\/em> deixando a todos no mesmo patamar da mentira! De que modo? N\u00e3o revelando a Onipresen\u00e7a divina em lugar da<strong><em> ilus\u00e3o<\/em><\/strong> de \u201cvida material\u201d; n\u00e3o revelando que \u201csomos Luz do mundo\u201d em lugar de \u201cseres humanos bons ou maus\u201d; n\u00e3o ensinando que somos <strong>o que Deus enxerga<\/strong> que somos, <em>\u201c\u00e0 Sua Imagem e semelhan\u00e7a\u201d,<\/em> mas sim vendo-nos segundo a pr\u00f3pria cegueira da \u201cmente carnal\u201d ou pelas \u201capar\u00eancias ilus\u00f3rias\u201d. Disso tudo resultou o \u201cdever ilus\u00f3rio\u201d i<b>mplantado<\/b> em cada ser, no sentido de que cada um teria <em>humanamente<\/em> de evoluir, imitar Jesus, procurar amar o pr\u00f3ximo, fazer a vontade de Deus, e, inclusive,\u201cvoltar v\u00e1rias vezes \u00e0 <em>ILUS\u00c3O\u201d<\/em> para conseguir cumprir este objetivo! E como ele se cumpriria? Atrav\u00e9s de for\u00e7a de vontade pessoal, ou empenho humano, que partem justamente do \u201cser ilus\u00f3rio\u201d engendrado pela \u201cmente carnal\u201d. O chamado da Verdade, <em>\u201cvinde a MIM\u2026EU vos aliviarei\u201d,<\/em> n\u00e3o foi ensinado, atendido nem entendido!<\/span><br \/>\n<\/span><\/h2>\n<h2 align=\"center\"><span><span style=\"font-family: Times New Roman;\"><span style=\"color: #993300;\"><i>\u201cOs puros de cora\u00e7\u00e3o ver\u00e3o a Deus\u201d,<\/i> disse Jesus. Quem s\u00e3o eles? SOMOS N\u00d3S TODOS, CORRETAMENTE DISCERNIDOS, DESPERTOS PARA A VERDADE DE QUE N\u00c3O SOMOS DESTE \u201cMUNDO DO PAI DA MENTIRA\u201d!<\/span><\/span><\/span><\/h2>\n<h2 align=\"center\"><span><span style=\"font-family: Times New Roman;\"><span style=\"color: #993300;\">Jamais \u201cseres inventados por hipnotismo\u201d ver\u00e3o a Deus! Por isso, a primeira recomenda\u00e7\u00e3o de Jesus, de que \u201cbusc\u00e1ssemos o REINO DE DEUS em primeiro lugar\u201d, coloca como pr\u00e9-requisito o \u201crenascimento\u201d: VOC\u00ca SE NEGAR COMO SER HIPN\u00d3TICO E CEGO PARA A VERDADE, E SE IDENTIFICAR COMO SENDO O SER QUE \u00c9 A VERDADE, E QUE, SENDO ETERNAMENTE \u201cPURO DE CORA\u00c7\u00c3O\u201d, V\u00ca A DEUS EM SI MESMO, OU SEJA, EM CRISTO! ESTE \u00c9 O CAMINHO! \u201cEU SOU\u201d O CAMINHO! \u201cEU SOU A VERDADE\u201d , \u201cEU SOU A RESSURREI\u00c7\u00c3O E A VIDA!\u201d O CRISTO! O SER QUE, SEGUNDO PAULO, <i>\u201c\u00c9 TUDO EM TODOS\u201d!<\/i><\/span><\/span><\/span><\/h2>\n<h2 align=\"center\"><span><b><i><span style=\"color: #993300; font-family: Times New Roman;\">CONTEMPLO A PRESEN\u00c7A DO CRISTO SENDO O SER \u201cPURO DE CORA\u00c7\u00c3O\u201d QUE EU SOU. CONTEMPLO O SENTIDO ESPIRITUAL E DIVINO, A MENTE DE CRISTO, SENDO MEU INSTRUMENTO DE AUTOPERCEP\u00c7\u00c3O! CONTEMPLO A EXIST\u00caNCIA \u00daNICA DE DEUS, VENDO A DEUS EM MIM, COM \u201cOLHOS PUROS\u201d DO PR\u00d3PRIO DEUS, SEMPRE EM AUTOCONTEMPLA\u00c7\u00c3O ABSOLUTA! <\/span><\/i><\/b><\/span><\/h2>\n<h2 align=\"center\"><b><i><span><span style=\"color: #993300; font-family: Times New Roman;\">*<\/span><\/span><\/i><\/b><\/h2>\n","protected":false},"excerpt":{"rendered":"<p>\u201cBem-aventurados os puros de cora\u00e7\u00e3o, pois ver\u00e3o a Deus\u201d Mateus 5: 8 Uma \u201csugest\u00e3o hipn\u00f3tica\u201d faz a humanidade aparentar existir como \u201cpresen\u00e7a apartada de Deus\u201d, em que supostos \u201cseres humanos\u201d parecem \u201cter vida\u201d, \u201cter mundo\u201d, mas sem que nenhum VEJA A DEUS! Em vista desta \u201cilus\u00e3o de massa\u201d, as Escrituras tiveram de utilizar um linguajar &hellip; <\/p>\n<p class=\"link-more\"><a href=\"https:\/\/www.fachodeluz.blog.br\/wp\/2013\/09\/03\/os-puros-de-coracao-verao-a-deus-2\/\" class=\"more-link\">Leia mais<span class=\"screen-reader-text\"> &#8220;&#8220;Os Puros de Cora\u00e7\u00e3o Ver\u00e3o A Deus!&#8221;&#8221;<\/span><\/a><\/p>\n","protected":false},"author":2,"featured_media":0,"comment_status":"open","ping_status":"closed","sticky":false,"template":"","format":"standard","meta":{"nf_dc_page":"","_crdt_document":"","footnotes":""},"categories":[10],"tags":[],"class_list":["post-12974","post","type-post","status-publish","format-standard","hentry","category-darcio-dezolt"],"featured_media_urls":[],"_links":{"self":[{"href":"https:\/\/www.fachodeluz.blog.br\/wp\/wp-json\/wp\/v2\/posts\/12974","targetHints":{"allow":["GET"]}}],"collection":[{"href":"https:\/\/www.fachodeluz.blog.br\/wp\/wp-json\/wp\/v2\/posts"}],"about":[{"href":"https:\/\/www.fachodeluz.blog.br\/wp\/wp-json\/wp\/v2\/types\/post"}],"author":[{"embeddable":true,"href":"https:\/\/www.fachodeluz.blog.br\/wp\/wp-json\/wp\/v2\/users\/2"}],"replies":[{"embeddable":true,"href":"https:\/\/www.fachodeluz.blog.br\/wp\/wp-json\/wp\/v2\/comments?post=12974"}],"version-history":[{"count":0,"href":"https:\/\/www.fachodeluz.blog.br\/wp\/wp-json\/wp\/v2\/posts\/12974\/revisions"}],"wp:attachment":[{"href":"https:\/\/www.fachodeluz.blog.br\/wp\/wp-json\/wp\/v2\/media?parent=12974"}],"wp:term":[{"taxonomy":"category","embeddable":true,"href":"https:\/\/www.fachodeluz.blog.br\/wp\/wp-json\/wp\/v2\/categories?post=12974"},{"taxonomy":"post_tag","embeddable":true,"href":"https:\/\/www.fachodeluz.blog.br\/wp\/wp-json\/wp\/v2\/tags?post=12974"}],"curies":[{"name":"wp","href":"https:\/\/api.w.org\/{rel}","templated":true}]}}