{"id":12982,"date":"2013-09-05T13:14:37","date_gmt":"2013-09-05T16:14:37","guid":{"rendered":"http:\/\/fachodeluz.blog.br\/wp\/?p=12982"},"modified":"2013-09-05T13:15:30","modified_gmt":"2013-09-05T16:15:30","slug":"das-trevas-da-loucura-a-luz-do-natural","status":"publish","type":"post","link":"https:\/\/www.fachodeluz.blog.br\/wp\/2013\/09\/05\/das-trevas-da-loucura-a-luz-do-natural\/","title":{"rendered":"Das trevas Da &#8220;Loucura&#8221; \u00c0 Luz Do &#8220;Natural&#8221;"},"content":{"rendered":"<h2 align=\"center\"><a href=\"https:\/\/i0.wp.com\/fachodeluz.blog.br\/wp\/wp-content\/uploads\/2013\/09\/TR63.gif\"><img data-recalc-dims=\"1\" loading=\"lazy\" decoding=\"async\" loading=\"lazy\" class=\"aligncenter size-full wp-image-12983\" alt=\"TR63\" src=\"https:\/\/i0.wp.com\/fachodeluz.blog.br\/wp\/wp-content\/uploads\/2013\/09\/TR63.gif?resize=450%2C277\" width=\"450\" height=\"277\" \/><\/a><\/h2>\n<h3 align=\"center\"><span style=\"color: #800000;\">\u00a0&#8220;<em>Chega um momento em que, perceber que \u201cTudo \u00e9 Deus\u201d, resulta algo natural para ti&#8221;.<\/em><\/span><\/h3>\n<h3 align=\"center\"><span style=\"color: #800000;\">Sathya Sai baba<\/span><\/h3>\n<h2 align=\"center\"><span style=\"color: #800000;\">Apesar de mil\u00eanios de prega\u00e7\u00f5es sob todas as formas, revelando que a Realidade \u00e9 <em>unicamente<\/em> ESPIRITUAL, e n\u00e3o material, ou uma mistura de Esp\u00edrito e mat\u00e9ria, esta Verdade continua sendo considerada \u201cloucura\u201d, caso algu\u00e9m diga: <em>\u201cEu Sou Deus!\u201d.<\/em> A identifica\u00e7\u00e3o com a suposta mente humana, que mostra tudo em supostas formas materiais e imperfeitas, \u00e9 a aparente causa desta nega\u00e7\u00e3o geral dos Fatos verdadeiros da Exist\u00eancia. Mesmo quem se diz \u201cespiritualista\u201d esbarra neste dualismo infundado e continua se aceitando como \u201cser carnal\u201d, muito distante de poder afirmar \u201cser Deus\u201d.<\/span><\/h2>\n<h2 align=\"center\"><span style=\"color: #800000;\">A Verdade \u00e9 que DEUS \u00c9 TUDO! Por isso, \u00e0s vezes eu digo \u00e0s pessoas: <b><i>\u201cN\u00e3o \u00e9 necess\u00e1rio se preocupar em \u201cser Deus\u201d, porque DEUS \u00c9 QUE \u00c9 VOC\u00ca! Se poss\u00edvel fosse eliminar DEUS, do Ser que VOC\u00ca \u00c9, nada lhe sobraria!\u201d<\/i><\/b> \u00a0Nunca Jesus disse que \u201ctemos chispa divina\u201d ou \u201cfagulha divina\u201d, como pregam diversos ensinamentos relativos! O que ele disse foi o seguinte: <b><i>\u201cSois a Luz do mundo!\u201d<\/i><\/b> Esta \u00e9 a diferen\u00e7a entre quem fala a VERDADE e quem prega ILUS\u00c3O! J\u00e1 vi supostos espiritualistas me dizerem: <i>\u201cAh, mas \u00a0isto que voc\u00ea diz, eu j\u00e1 sabia! H\u00e1 anos que eu sei que em mim h\u00e1 uma \u201cChispa divina\u201d!\u201d<\/i> J\u00e1 escutei isso nem sei quantas vezes! Mas, quando lhes fa\u00e7o a pergunta: <em>\u201cENT\u00c3O VOC\u00ca J\u00c1 SABE QUE VOC\u00ca \u00c9 DEUS?\u201d,<\/em> a confirma\u00e7\u00e3o nunca \u00e9 feita! <\/span><\/h2>\n<h2 align=\"center\"><span style=\"color: #800000;\">Acreditar que \u201ch\u00e1 Chispa divina\u201d em algu\u00e9m n\u00e3o \u00e9 conhecer a Verdade! O ap\u00f3stolo Paulo, ao falar da necessidade que temos, \u00a0<b><i>a priori,<\/i><\/b> de abolir a <b><i>cren\u00e7a em humanidade<\/i><\/b> para percebermos o <b><i>CRISTO<\/i><\/b> sendo a \u201cnova criatura\u201d que somos, disse taxativamente: <b><i>\u201cCristo \u00e9 TUDO em todos\u201d <\/i><\/b>(Col. 3: 11). N\u00e3o disse que h\u00e1 \u201cChispa do Cristo\u201d em seres humanos! Tampouco disse que Cristo \u00e9 QUASE TUDO em todos! Mas, tamb\u00e9m, sabia ele da <strong>falsa identifica\u00e7\u00e3o<\/strong> que a humanidade em geral fazia com a suposta \u201cmente carnal\u201d, raz\u00e3o pela qual afirmou que \u201c<em>as coisas de Deus s\u00e3o loucuras para os homens\u201d.<\/em><\/span><\/h2>\n<h2 align=\"center\"><span style=\"color: #800000;\">Esta revelado: <b>Cristo \u00e9 TUDO em VOC\u00ca!<\/b> \u00c9 preciso que o suposto \u201cego\u201d ou \u201chomem natural\u201d se renda \u00e0 Revela\u00e7\u00e3o! De que forma? Sumindo em sua nulidade! <b>Para isso, voc\u00ea ter\u00e1 de fazer \u201ccontempla\u00e7\u00f5es absolutas\u201d, n\u00e3o como \u201ccarnal buscando a Deus\u201d, mas como DEUS SE REVELANDO COMO <em>TUDO<\/em> EM VOC\u00ca!<\/b> As mensagens da Verdade Absoluta s\u00e3o <b>endossos da Verdade Eterna, <\/b>no sentido de emitir parecer inequ\u00edvoco de que, como TUDO \u00c9 DEUS, TUDO QUE \u00c9 REAL, MANIFESTO AQUI E AGORA COMO VOC\u00ca, \u00c9 DEUS!\u00a0 Por isso Jesus disse que \u201cs\u00f3 conhece a\u00a0 Verdade QUEM PERMANECE EM MIM\u201d, ou seja, no TUDO QUE DEUS \u00c9, MANIFESTO COMO O CRISTO QUE TODOS SOMOS!<\/span><\/h2>\n<h2 align=\"center\"><span style=\"color: #800000;\"><em>Sathya Sai Baba<\/em> disse o seguinte<i>: \u201cChega um momento em que perceber que \u201cTUDO \u00c9 DEUS\u201d resulta algo natural para ti\u201d.<\/i> Que momento ser\u00e1 este? O AGORA EM QUE O ESPIRITO DE DEUS FOR POR VOC\u00ca GLORIFICADO COMO SENDO O SEU ESP\u00cdRITO! <i>\u201cGlorificai a Deus no vosso corpo e no vosso esp\u00edrito, os quais pertencem a Deus\u201d<\/i> (I Cor. 6: 20). Paulo assim disse, por saber que TUDO \u00c9 DEUS, INCLUSIVE O SEU CORPO E O SEU ESP\u00cdRITO! Jamais isto <em>deixou<\/em> de ser a Verdade! Jamais isto <em>passar\u00e1<\/em> a ser a Verdade! E \u00e9 o<strong> \u201cnatural\u201d,<\/strong> para a Mente de Cristo que VOC\u00ca TEM, enquanto, para a suposta \u201cmente carnal\u201d, continua sendo<strong> \u201cloucura\u201d.<\/strong><\/span><\/h2>\n<h2 align=\"center\"><span style=\"color: #800000;\">\u00a0<\/span><\/h2>\n<h2 align=\"center\"><span style=\"color: #800000;\"><em>CONTEMPLO A VERDADE DE QUE TUDO \u00c9 DEUS. CONTEMPLO QUE O CRISTO \u00c9 TUDO EM MIM, PORQUE O TUDO QUE DEUS \u00c9, INCLUI\u00a0 O SER INDIVIDUAL QUE \u00c9 O CRISTO EM MIM. CONTEMPLO COM NATURALIDADE A MINHA NATUREZA DIVINA, UMA VEZ QUE SERIA HERESIA ACREDITAR EXISTIR ALGO AL\u00c9M DE DEUS!<\/em><\/span><\/h2>\n<h2 align=\"center\"><span style=\"color: #800000;\"><em>*<\/em><\/span><\/h2>\n","protected":false},"excerpt":{"rendered":"<p>\u00a0&#8220;Chega um momento em que, perceber que \u201cTudo \u00e9 Deus\u201d, resulta algo natural para ti&#8221;. Sathya Sai baba Apesar de mil\u00eanios de prega\u00e7\u00f5es sob todas as formas, revelando que a Realidade \u00e9 unicamente ESPIRITUAL, e n\u00e3o material, ou uma mistura de Esp\u00edrito e mat\u00e9ria, esta Verdade continua sendo considerada \u201cloucura\u201d, caso algu\u00e9m diga: \u201cEu Sou &hellip; <\/p>\n<p class=\"link-more\"><a href=\"https:\/\/www.fachodeluz.blog.br\/wp\/2013\/09\/05\/das-trevas-da-loucura-a-luz-do-natural\/\" class=\"more-link\">Leia mais<span class=\"screen-reader-text\"> &#8220;Das trevas Da &#8220;Loucura&#8221; \u00c0 Luz Do &#8220;Natural&#8221;&#8221;<\/span><\/a><\/p>\n","protected":false},"author":2,"featured_media":0,"comment_status":"open","ping_status":"closed","sticky":false,"template":"","format":"standard","meta":{"nf_dc_page":"","_crdt_document":"","footnotes":""},"categories":[10],"tags":[],"class_list":["post-12982","post","type-post","status-publish","format-standard","hentry","category-darcio-dezolt"],"featured_media_urls":[],"_links":{"self":[{"href":"https:\/\/www.fachodeluz.blog.br\/wp\/wp-json\/wp\/v2\/posts\/12982","targetHints":{"allow":["GET"]}}],"collection":[{"href":"https:\/\/www.fachodeluz.blog.br\/wp\/wp-json\/wp\/v2\/posts"}],"about":[{"href":"https:\/\/www.fachodeluz.blog.br\/wp\/wp-json\/wp\/v2\/types\/post"}],"author":[{"embeddable":true,"href":"https:\/\/www.fachodeluz.blog.br\/wp\/wp-json\/wp\/v2\/users\/2"}],"replies":[{"embeddable":true,"href":"https:\/\/www.fachodeluz.blog.br\/wp\/wp-json\/wp\/v2\/comments?post=12982"}],"version-history":[{"count":0,"href":"https:\/\/www.fachodeluz.blog.br\/wp\/wp-json\/wp\/v2\/posts\/12982\/revisions"}],"wp:attachment":[{"href":"https:\/\/www.fachodeluz.blog.br\/wp\/wp-json\/wp\/v2\/media?parent=12982"}],"wp:term":[{"taxonomy":"category","embeddable":true,"href":"https:\/\/www.fachodeluz.blog.br\/wp\/wp-json\/wp\/v2\/categories?post=12982"},{"taxonomy":"post_tag","embeddable":true,"href":"https:\/\/www.fachodeluz.blog.br\/wp\/wp-json\/wp\/v2\/tags?post=12982"}],"curies":[{"name":"wp","href":"https:\/\/api.w.org\/{rel}","templated":true}]}}